{"id":316085,"date":"2025-08-13T10:52:11","date_gmt":"2025-08-13T10:52:11","guid":{"rendered":"https:\/\/www.europesays.com\/fr\/316085\/"},"modified":"2025-08-13T10:52:11","modified_gmt":"2025-08-13T10:52:11","slug":"huntr-x-cest-quoi-ce-groupe-fictif-qui-bat-tous-les-records","status":"publish","type":"post","link":"https:\/\/www.europesays.com\/fr\/316085\/","title":{"rendered":"HUNTR\/X\u00a0: c\u2019est quoi ce groupe fictif qui bat tous les records\u00a0?"},"content":{"rendered":"<p>Le succ\u00e8s de la K-pop n\u2019est plus \u00e0 d\u00e9montrer. Avec des groupes comme <a href=\"https:\/\/www.rtbf.be\/article\/epuisee-de-devoir-plaire-a-tout-le-monde-rose-de-blackpink-raconte-les-coulisses-eprouvantes-de-la-k-pop-11469223\" target=\"_blank\" rel=\"nofollow noopener\"><strong>Blackpink<\/strong><\/a> ou encore<a href=\"https:\/\/www.rtbf.be\/article\/le-groupe-de-k-pop-bts-sortira-un-nouvel-album-en-2026-11570479\" target=\"_blank\" rel=\"nofollow noopener\"> <strong>BTS<\/strong><\/a>, la vague musicale tout droit venue de Cor\u00e9e du Sud atteint <a href=\"https:\/\/www.rtbf.be\/article\/k-pop-en-europe-la-consecration-d-un-long-travail-du-gouvernement-sud-coreen-11585660\" target=\"_blank\" rel=\"nofollow noopener\">des sommets internationaux<\/a>. Et \u00e7a, \u00ab\u00a0KPop Demon Hunters\u00a0\u00bb\u00a0l\u2019a bien compris. Le film d\u2019animation s\u2019attaque \u00e0 cet univers sud-cor\u00e9en en mettant en sc\u00e8ne trois stars de la K-pop, Rumi, Mira\u00a0et Zoey. R\u00e9uni sous le nom HUNTR\/X, le girls band doit concilier sa vie, entre concerts et carri\u00e8re \u00e0 succ\u00e8s d\u2019un c\u00f4t\u00e9, et\u00a0identit\u00e9 secr\u00e8te de chasseuses de d\u00e9mons de l\u2019autre. Les trois super-h\u00e9ro\u00efnes doivent combattre les Saja Boys, des d\u00e9mons d\u00e9voreurs d\u2019\u00e2me qui s\u2019attaquent \u00e0 leurs fans.<\/p>\n<p>Sorti le 20\u00a0juin, \u00ab\u00a0KPop Demon Hunters\u00a0\u00bb est rapidement devenu l\u2019un des ph\u00e9nom\u00e8nes de cet \u00e9t\u00e9. Avec pr\u00e8s de\u00a0160\u00a0millions de visionnages cumul\u00e9s, le film d\u2019animation est quatri\u00e8me parmi les films en langue anglaise les plus populaires. Selon Korea Herald, il est \u00e9galement <strong>parmi les programmes les plus visionn\u00e9s dans trente pays<\/strong> \u00e0 travers le monde.<\/p>\n<p>Il faut dire que le film s\u2019est offert une sacr\u00e9e \u00e9quipe pour voir le jour. Produit par le studio\u00a0Sony Pictures Animation, \u00e0 l\u2019origine des\u00a0films anim\u00e9s \u00ab\u00a0Spider-Man\u00a0: New Generation\u00a0\u00bb et\u00a0\u00ab\u00a0Spider-Man\u00a0: Across The Spider-Verse\u00a0\u00bb, il a \u00e9t\u00e9 r\u00e9alis\u00e9 par\u00a0<strong>Maggie Kang et Chris Appelhans<\/strong>, deux pointures de l\u2019animation.\u00a0R\u00e9sultat, \u00ab\u00a0KPop Demon Hunters\u00a0\u00bb propose un savant m\u00e9lange de plusieurs ingr\u00e9dients qui peuvent expliquer ce succ\u00e8s\u00a0: un univers color\u00e9 et fantastique, des super-h\u00e9ro\u00efnes attachantes et puissantes, de l\u2019action, et\u2026 Des musiques entra\u00eenantes.<\/p>\n","protected":false},"excerpt":{"rendered":"Le succ\u00e8s de la K-pop n\u2019est plus \u00e0 d\u00e9montrer. Avec des groupes comme Blackpink ou encore BTS, la&hellip;\n","protected":false},"author":2,"featured_media":316086,"comment_status":"","ping_status":"","sticky":false,"template":"","format":"standard","meta":{"footnotes":""},"categories":[1355],"tags":[58,59,1011,27,1361,873],"class_list":{"0":"post-316085","1":"post","2":"type-post","3":"status-publish","4":"format-standard","5":"has-post-thumbnail","7":"category-musique","8":"tag-divertissement","9":"tag-entertainment","10":"tag-fr","11":"tag-france","12":"tag-music","13":"tag-musique"},"share_on_mastodon":{"url":"https:\/\/pubeurope.com\/@fr\/115021083010366570","error":""},"_links":{"self":[{"href":"https:\/\/www.europesays.com\/fr\/wp-json\/wp\/v2\/posts\/316085","targetHints":{"allow":["GET"]}}],"collection":[{"href":"https:\/\/www.europesays.com\/fr\/wp-json\/wp\/v2\/posts"}],"about":[{"href":"https:\/\/www.europesays.com\/fr\/wp-json\/wp\/v2\/types\/post"}],"author":[{"embeddable":true,"href":"https:\/\/www.europesays.com\/fr\/wp-json\/wp\/v2\/users\/2"}],"replies":[{"embeddable":true,"href":"https:\/\/www.europesays.com\/fr\/wp-json\/wp\/v2\/comments?post=316085"}],"version-history":[{"count":0,"href":"https:\/\/www.europesays.com\/fr\/wp-json\/wp\/v2\/posts\/316085\/revisions"}],"wp:featuredmedia":[{"embeddable":true,"href":"https:\/\/www.europesays.com\/fr\/wp-json\/wp\/v2\/media\/316086"}],"wp:attachment":[{"href":"https:\/\/www.europesays.com\/fr\/wp-json\/wp\/v2\/media?parent=316085"}],"wp:term":[{"taxonomy":"category","embeddable":true,"href":"https:\/\/www.europesays.com\/fr\/wp-json\/wp\/v2\/categories?post=316085"},{"taxonomy":"post_tag","embeddable":true,"href":"https:\/\/www.europesays.com\/fr\/wp-json\/wp\/v2\/tags?post=316085"}],"curies":[{"name":"wp","href":"https:\/\/api.w.org\/{rel}","templated":true}]}}