{"id":316087,"date":"2025-08-13T10:53:10","date_gmt":"2025-08-13T10:53:10","guid":{"rendered":"https:\/\/www.europesays.com\/fr\/316087\/"},"modified":"2025-08-13T10:53:10","modified_gmt":"2025-08-13T10:53:10","slug":"le-festival-du-film-de-toronto-retire-un-documentaire-sur-le-7-octobre-pour-des-questions-de-droits-dauteur-du-hamas","status":"publish","type":"post","link":"https:\/\/www.europesays.com\/fr\/316087\/","title":{"rendered":"Le Festival Du Film De Toronto Retire Un Documentaire Sur Le 7 Octobre Pour Des Questions De \u00ab\u00a0droits D&rsquo;auteur Du Hamas\u00a0\u00bb"},"content":{"rendered":"<p class=\"\" data-is=\"component-paragraph\">Le Festival international du film de Toronto (TIFF) a retir\u00e9 de sa programmation le documentaire \u00ab\u00a0The Road Between Us: The Ultimate Rescue\u00a0\u00bb du cin\u00e9aste canadien Barry Avrich, consacr\u00e9 aux \u00e9v\u00e9nements du 7 octobre en Isra\u00ebl. Cette d\u00e9cision controvers\u00e9e suscite de vives r\u00e9actions dans la communaut\u00e9 juive canadienne.<\/p>\n<p class=\"\" data-is=\"component-paragraph\">Le film retrace l&rsquo;histoire du g\u00e9n\u00e9ral \u00e0 la retraite Noam Tibon, p\u00e8re du journaliste Amir Tibon et membre du kibboutz Nahal Oz, qui s&rsquo;est lanc\u00e9 dans une mission de sauvetage le 7 octobre pour secourir sa famille, notamment ses deux petites-filles. Au cours de cette journ\u00e9e tragique, Tibon a \u00e9galement port\u00e9 secours \u00e0 des survivants du massacre du festival Nova et aid\u00e9 des soldats bless\u00e9s.<\/p>\n<p class=\"\" data-is=\"component-paragraph\">Selon les sources proches de la production, la direction du festival a invoqu\u00e9 un motif juridique surprenant : l&rsquo;absence d&rsquo;autorisation d&rsquo;utilisation des vid\u00e9os diffus\u00e9es par le Hamas, consid\u00e9rant l&rsquo;organisation terroriste comme d\u00e9tentrice des droits d&rsquo;auteur de ces images. Le festival a exig\u00e9 des r\u00e9alisateurs qu&rsquo;ils l&rsquo;indemnisent en cas de poursuites judiciaires.<\/p>\n<p class=\"\" data-is=\"component-paragraph\">Cependant, le site sp\u00e9cialis\u00e9 Deadline rapporte que la v\u00e9ritable raison serait la crainte de manifestations pro-palestiniennes susceptibles de perturber le d\u00e9roulement du festival. Le diff\u00e9rend porterait sur des s\u00e9quences diffus\u00e9es en direct par le Hamas lors du massacre de Nahal Oz et l&rsquo;absence de garanties l\u00e9gales et d&rsquo;assurance exig\u00e9es par l&rsquo;organisation.<\/p>\n<p class=\"\" data-is=\"component-paragraph\">L&rsquo;\u00e9quipe de production d\u00e9nonce cette d\u00e9cision comme un \u00ab\u00a0pr\u00e9texte\u00a0\u00bb, accusant le festival de c\u00e9der \u00e0 la pression. \u00ab\u00a0Nous sommes stup\u00e9faits et attrist\u00e9s qu&rsquo;un festival de cin\u00e9ma respect\u00e9 censure sa programmation en refusant de projeter notre film\u00a0\u00bb, ont d\u00e9clar\u00e9 les r\u00e9alisateurs, se d\u00e9fendant d&rsquo;\u00eatre \u00ab\u00a0des cin\u00e9astes politiques ou des activistes, mais des conteurs\u00a0\u00bb.<\/p>\n<p class=\"\" data-is=\"component-paragraph\">Le g\u00e9n\u00e9ral Tibon a vivement r\u00e9agi, d\u00e9non\u00e7ant la capitulation du festival face aux \u00ab\u00a0pressions et menaces\u00a0\u00bb. Il qualifie d'\u00a0\u00bbabsurde et d\u00e9mente\u00a0\u00bb l&rsquo;exigence d&rsquo;autorisation d&rsquo;utilisation des images de terroristes, y voyant \u00ab\u00a0une nouvelle atteinte aux victimes de cette journ\u00e9e terrible\u00a0\u00bb.<\/p>\n<p class=\"\" data-is=\"component-paragraph\">L&rsquo;organisation CIJA (Centre pour les affaires isra\u00e9liennes et juives), qui f\u00e9d\u00e8re les communaut\u00e9s juives canadiennes, a condamn\u00e9 cette \u00ab\u00a0d\u00e9cision honteuse\u00a0\u00bb, d\u00e9non\u00e7ant la soumission du festival \u00e0 \u00ab\u00a0un petit groupe d&rsquo;extr\u00e9mistes utilisant l&rsquo;intimidation et les menaces de violence\u00a0\u00bb.<\/p>\n<p class=\"\" data-is=\"component-paragraph\">Malgr\u00e9 cette annulation, les producteurs affirment que le documentaire sera projet\u00e9 \u00e0 Toronto devant un large public, d\u00e9termin\u00e9s \u00e0 \u00ab\u00a0porter le film \u00e0 des millions de personnes dans le monde\u00a0\u00bb.<\/p>\n","protected":false},"excerpt":{"rendered":"Le Festival international du film de Toronto (TIFF) a retir\u00e9 de sa programmation le documentaire \u00ab\u00a0The Road Between&hellip;\n","protected":false},"author":2,"featured_media":316088,"comment_status":"","ping_status":"","sticky":false,"template":"","format":"standard","meta":{"footnotes":""},"categories":[1354],"tags":[58,59,1346,1011,27,1360],"class_list":{"0":"post-316087","1":"post","2":"type-post","3":"status-publish","4":"format-standard","5":"has-post-thumbnail","7":"category-films","8":"tag-divertissement","9":"tag-entertainment","10":"tag-films","11":"tag-fr","12":"tag-france","13":"tag-movies"},"share_on_mastodon":{"url":"https:\/\/pubeurope.com\/@fr\/115021086982400643","error":""},"_links":{"self":[{"href":"https:\/\/www.europesays.com\/fr\/wp-json\/wp\/v2\/posts\/316087","targetHints":{"allow":["GET"]}}],"collection":[{"href":"https:\/\/www.europesays.com\/fr\/wp-json\/wp\/v2\/posts"}],"about":[{"href":"https:\/\/www.europesays.com\/fr\/wp-json\/wp\/v2\/types\/post"}],"author":[{"embeddable":true,"href":"https:\/\/www.europesays.com\/fr\/wp-json\/wp\/v2\/users\/2"}],"replies":[{"embeddable":true,"href":"https:\/\/www.europesays.com\/fr\/wp-json\/wp\/v2\/comments?post=316087"}],"version-history":[{"count":0,"href":"https:\/\/www.europesays.com\/fr\/wp-json\/wp\/v2\/posts\/316087\/revisions"}],"wp:featuredmedia":[{"embeddable":true,"href":"https:\/\/www.europesays.com\/fr\/wp-json\/wp\/v2\/media\/316088"}],"wp:attachment":[{"href":"https:\/\/www.europesays.com\/fr\/wp-json\/wp\/v2\/media?parent=316087"}],"wp:term":[{"taxonomy":"category","embeddable":true,"href":"https:\/\/www.europesays.com\/fr\/wp-json\/wp\/v2\/categories?post=316087"},{"taxonomy":"post_tag","embeddable":true,"href":"https:\/\/www.europesays.com\/fr\/wp-json\/wp\/v2\/tags?post=316087"}],"curies":[{"name":"wp","href":"https:\/\/api.w.org\/{rel}","templated":true}]}}