{"id":316089,"date":"2025-08-13T10:54:10","date_gmt":"2025-08-13T10:54:10","guid":{"rendered":"https:\/\/www.europesays.com\/fr\/316089\/"},"modified":"2025-08-13T10:54:10","modified_gmt":"2025-08-13T10:54:10","slug":"dijon-un-nouveau-cas-autochtone-de-chikungunya-confirme","status":"publish","type":"post","link":"https:\/\/www.europesays.com\/fr\/316089\/","title":{"rendered":"Dijon. Un nouveau cas autochtone de chikungunya confirm\u00e9"},"content":{"rendered":"<p>L&rsquo;Agence r\u00e9gionale de sant\u00e9 (ARS) a annonc\u00e9 dans un communiqu\u00e9 qu&rsquo;un nouveau cas autochtone de chikungunya a \u00e9t\u00e9 confirm\u00e9 par\u00a0le Centre national de r\u00e9f\u00e9rence des arboviroses, le 11 ao\u00fbt. L&rsquo;infection locale a eu lieu \u00e0 Dijon dans le p\u00e9rim\u00e8tre du <a href=\"https:\/\/www.bienpublic.com\/sante\/2025\/08\/08\/un-premier-cas-de-chikungunya-autochtone-detecte-a-dijon\" target=\"_blank\" rel=\"noopener\">premier cas autochtone <\/a>confirm\u00e9 le 8 ao\u00fbt.\u00a0<\/p>\n<p>Selon l&rsquo;ARS, des mesures pr\u00e9ventives pour \u00e9viter la propagation de la maladie ont \u00e9t\u00e9 d\u00e9ploy\u00e9es. Une op\u00e9ration de d\u00e9moustication a ainsi eu lieu dans la nuit du 11 au 12 ao\u00fbt et des enqu\u00eates de\u00a0porte-\u00e0-porte ont lieu aujourd\u2019hui et demain par des agents de l\u2019ARS, de Sant\u00e9 Publique France et de la Ville de Dijon.<\/p>\n<p>Une ligne t\u00e9l\u00e9phonique pour r\u00e9pondre aux questions<\/p>\n<p>Pour r\u00e9pondre aux questions du grand public, une ligne t\u00e9l\u00e9phonique d\u2019information d\u00e9di\u00e9e<br \/>fonctionne 7 jours sur 7, de 8 h 30 \u00e0 12 heures et de 13 h 30 \u00e0 17 heures : le 0805 200 550.<\/p>\n<p>Pour pr\u00e9venir les piqures, l&rsquo;ARS pr\u00e9conise de \u00ab\u00a0porter des v\u00eatements couvrants et amples\u00a0\u00bb, d&rsquo;utiliser \u00ab\u00a0un r\u00e9pulsif cutan\u00e9\u00a0\u00bb et des \u00ab\u00a0moustiquaires pour les nouveau-n\u00e9s et personnes alit\u00e9s\u00a0\u00bb\u00a0et de ne pas laisser d&rsquo;eau stagnante chez soi.<\/p>\n<p>En cas de sympt\u00f4me \u00e9vocateur comme la fi\u00e8vre, des douleurs musculaires ou articulaires, des maux de t\u00eate et des \u00e9ruption cutan\u00e9e, il est conseill\u00e9 de consulter un m\u00e9decin.<\/p>\n","protected":false},"excerpt":{"rendered":"L&rsquo;Agence r\u00e9gionale de sant\u00e9 (ARS) a annonc\u00e9 dans un communiqu\u00e9 qu&rsquo;un nouveau cas autochtone de chikungunya a \u00e9t\u00e9&hellip;\n","protected":false},"author":2,"featured_media":316090,"comment_status":"","ping_status":"","sticky":false,"template":"","format":"standard","meta":{"footnotes":""},"categories":[10],"tags":[1867,2931,8588,436,1011,27,72,71],"class_list":{"0":"post-316089","1":"post","2":"type-post","3":"status-publish","4":"format-standard","5":"has-post-thumbnail","7":"category-sante","8":"tag-animaux","9":"tag-cote-dor","10":"tag-edition-dijon-et-son-agglomeration","11":"tag-environnement","12":"tag-fr","13":"tag-france","14":"tag-health","15":"tag-sante"},"share_on_mastodon":{"url":"https:\/\/pubeurope.com\/@fr\/115021090997273672","error":""},"_links":{"self":[{"href":"https:\/\/www.europesays.com\/fr\/wp-json\/wp\/v2\/posts\/316089","targetHints":{"allow":["GET"]}}],"collection":[{"href":"https:\/\/www.europesays.com\/fr\/wp-json\/wp\/v2\/posts"}],"about":[{"href":"https:\/\/www.europesays.com\/fr\/wp-json\/wp\/v2\/types\/post"}],"author":[{"embeddable":true,"href":"https:\/\/www.europesays.com\/fr\/wp-json\/wp\/v2\/users\/2"}],"replies":[{"embeddable":true,"href":"https:\/\/www.europesays.com\/fr\/wp-json\/wp\/v2\/comments?post=316089"}],"version-history":[{"count":0,"href":"https:\/\/www.europesays.com\/fr\/wp-json\/wp\/v2\/posts\/316089\/revisions"}],"wp:featuredmedia":[{"embeddable":true,"href":"https:\/\/www.europesays.com\/fr\/wp-json\/wp\/v2\/media\/316090"}],"wp:attachment":[{"href":"https:\/\/www.europesays.com\/fr\/wp-json\/wp\/v2\/media?parent=316089"}],"wp:term":[{"taxonomy":"category","embeddable":true,"href":"https:\/\/www.europesays.com\/fr\/wp-json\/wp\/v2\/categories?post=316089"},{"taxonomy":"post_tag","embeddable":true,"href":"https:\/\/www.europesays.com\/fr\/wp-json\/wp\/v2\/tags?post=316089"}],"curies":[{"name":"wp","href":"https:\/\/api.w.org\/{rel}","templated":true}]}}