{"id":316095,"date":"2025-08-13T10:58:10","date_gmt":"2025-08-13T10:58:10","guid":{"rendered":"https:\/\/www.europesays.com\/fr\/316095\/"},"modified":"2025-08-13T10:58:10","modified_gmt":"2025-08-13T10:58:10","slug":"dans-lherault-une-cinquantaine-de-voitures-sont-tombees-en-panne-au-meme-endroit-au-meme-moment-voici-pourquoi","status":"publish","type":"post","link":"https:\/\/www.europesays.com\/fr\/316095\/","title":{"rendered":"Dans l\u2019H\u00e9rault, une cinquantaine de voitures sont tomb\u00e9es en panne au m\u00eame endroit au m\u00eame moment, voici pourquoi"},"content":{"rendered":"<p>Samedi 9 ao\u00fbt, plusieurs dizaines de voitures ont d\u00fb \u00eatre d\u00e9pann\u00e9es simultan\u00e9ment sur l\u2019autoroute A75, au Pas-de-l\u2019Escalette dans l\u2019H\u00e9rault. Et ce n\u2019est pas li\u00e9 \u00e0 un probl\u00e8me de carburant, ni m\u00eame \u00e0 la canicule. Explications.<\/p>\n<p class=\"fig-paragraph\">\u00abC\u2019est la vall\u00e9e de la panne\u00bb, selon un automobiliste qui filme la sc\u00e8ne sur TikTok et qui a le sens de la formule. Samedi dernier, sur\u00a0<a href=\"https:\/\/video.lefigaro.fr\/tvmag\/video\/la75-sur-la-route-du-viaduc-de-millau-1\/\" target=\"_blank\" data-fig-type=\"Video\" rel=\"nofollow noopener\" data-gtm-custom-categorie=\"navigation\" data-gtm-custom-action=\"crossclick\" data-gtm-custom-label=\"Contextuel\" data-gtm-event=\"customEventSPE\" data-fig-domain=\"VIDEO\">l\u2019A75<\/a>, l\u2019autoroute qui relie\u00a0<a href=\"http:\/\/www.lefigaro.fr\/voyages\/guides\/que-voir-et-que-faire-a-clermont-ferrand-nos-incontournables-dans-la-capitale-d-auvergne-20230223\" target=\"_blank\" data-fig-type=\"Article\" rel=\"noopener\" data-gtm-custom-categorie=\"navigation\" data-gtm-custom-action=\"crossclick\" data-gtm-custom-label=\"Contextuel\" data-gtm-event=\"customEventSPE\" data-fig-domain=\"LEFIGARO\">Clermont-Ferrand<\/a>\u00a0\u00e0\u00a0<a href=\"http:\/\/www.lefigaro.fr\/voyages\/dossier\/montpellier\" target=\"_blank\" data-fig-type=\"Topic\" rel=\"noopener\" data-gtm-custom-categorie=\"navigation\" data-gtm-custom-action=\"crossclick\" data-gtm-custom-label=\"Contextuel\" data-gtm-event=\"customEventSPE\" data-fig-domain=\"LEFIGARO\">Montpellier<\/a>, une sc\u00e8ne peu commune se joue alors. Au Pas-de-l\u2019Escalette, \u00e0 environ 70 kilom\u00e8tres au nord de la pr\u00e9fecture h\u00e9raultaise, des dizaines de v\u00e9hicules sont alors \u00e0 l\u2019arr\u00eat sur le bas-c\u00f4t\u00e9, raconte France 3 Occitanie. Quatre soci\u00e9t\u00e9s de d\u00e9pannage sont appel\u00e9es en urgence. M\u00eame celles qui n\u2019\u00e9taient pas d\u2019astreinte. Les images en effet sont peu communes.<\/p>\n<p class=\"fig-paragraph\">Alors quelle est la raison de cette panne collective\u00a0? Certains internautes parient sur un probl\u00e8me d\u2019essence dans une station en contrebas. D\u2019autres pensent que c\u2019est li\u00e9 \u00e0 la pente tr\u00e8s \u00e9lev\u00e9e (7%) ou encore \u00e0 la canicule\u00a0: \u00abLa c\u00f4te est rude et les gens gardent la clim pour monter alors&#8230;\u00bb, pense Ana\u00efs, une internaute.<\/p>\n<p>                                    <a class=\"fig-a11y-skip a11y-hidden\" href=\"#fig-a11y-skip-main-inarticle\"><br \/>\n        Passer la publicit\u00e9<br \/>\n    <\/a><\/p>\n<p>Le sc\u00e9nario noir<\/p>\n<p class=\"fig-paragraph\">Mais la raison est tout autre. Selon les informations recueillies par France 3 Occitanie, tout commence le matin tr\u00e8s t\u00f4t (6h30) par une panne de l\u2019alimentation \u00e9lectrique du tunnel du Pas de l\u2019Escalette, qui a conduit \u00e0 passer la circulation \u00e0 une seule voie d\u00e8s le matin. En cette journ\u00e9e de vacances charg\u00e9e sur les routes, des bouchons se cr\u00e9ent rapidement. \u00abLa surchauffe s\u2019est faite car les voitures \u00e9taient toutes les unes derri\u00e8re les autres et donc les moteurs ont surchauff\u00e9\u00bb, raconte Franck, de la soci\u00e9t\u00e9 Franck D\u00e9panage, situ\u00e9e \u00e0 Gignac, \u00e0 nos confr\u00e8res de France 3. Selon lui, cela n\u2019a donc \u00abrien \u00e0 voir avec la canicule\u00bb non plus.<\/p>\n<p class=\"fig-paragraph\">\u00abNous n\u2019avons pas les chiffres exacts mais \u00e0 peu pr\u00e8s 90% des pannes \u00e9taient dues \u00e0 des probl\u00e8mes d\u2019embrayage\u00bb, estime de son c\u00f4t\u00e9 Ang\u00e9lique de Top Garage Sarl Theron, une soci\u00e9t\u00e9 bas\u00e9e au Caylar, toujours \u00e0 nos confr\u00e8res. Dans la mont\u00e9e les automobilistes ont fait surchauffer les embrayages en passant de la 1\u00e8re \u00e0 la seconde constamment\u00bb, explique-t-elle. L\u2019incident a \u00e9t\u00e9 r\u00e9solu en d\u00e9but d\u2019apr\u00e8s-midi. Au total, une cinquantaine de v\u00e9hicules ont \u00e9t\u00e9 remorqu\u00e9s.<\/p>\n","protected":false},"excerpt":{"rendered":"Samedi 9 ao\u00fbt, plusieurs dizaines de voitures ont d\u00fb \u00eatre d\u00e9pann\u00e9es simultan\u00e9ment sur l\u2019autoroute A75, au Pas-de-l\u2019Escalette dans&hellip;\n","protected":false},"author":2,"featured_media":316096,"comment_status":"","ping_status":"","sticky":false,"template":"","format":"standard","meta":{"footnotes":""},"categories":[6],"tags":[35,33,34,1011,27,7089,10899],"class_list":{"0":"post-316095","1":"post","2":"type-post","3":"status-publish","4":"format-standard","5":"has-post-thumbnail","7":"category-economie","8":"tag-business","9":"tag-economie","10":"tag-economy","11":"tag-fr","12":"tag-france","13":"tag-herault","14":"tag-panne"},"share_on_mastodon":{"url":"https:\/\/pubeurope.com\/@fr\/115021106572501269","error":""},"_links":{"self":[{"href":"https:\/\/www.europesays.com\/fr\/wp-json\/wp\/v2\/posts\/316095","targetHints":{"allow":["GET"]}}],"collection":[{"href":"https:\/\/www.europesays.com\/fr\/wp-json\/wp\/v2\/posts"}],"about":[{"href":"https:\/\/www.europesays.com\/fr\/wp-json\/wp\/v2\/types\/post"}],"author":[{"embeddable":true,"href":"https:\/\/www.europesays.com\/fr\/wp-json\/wp\/v2\/users\/2"}],"replies":[{"embeddable":true,"href":"https:\/\/www.europesays.com\/fr\/wp-json\/wp\/v2\/comments?post=316095"}],"version-history":[{"count":0,"href":"https:\/\/www.europesays.com\/fr\/wp-json\/wp\/v2\/posts\/316095\/revisions"}],"wp:featuredmedia":[{"embeddable":true,"href":"https:\/\/www.europesays.com\/fr\/wp-json\/wp\/v2\/media\/316096"}],"wp:attachment":[{"href":"https:\/\/www.europesays.com\/fr\/wp-json\/wp\/v2\/media?parent=316095"}],"wp:term":[{"taxonomy":"category","embeddable":true,"href":"https:\/\/www.europesays.com\/fr\/wp-json\/wp\/v2\/categories?post=316095"},{"taxonomy":"post_tag","embeddable":true,"href":"https:\/\/www.europesays.com\/fr\/wp-json\/wp\/v2\/tags?post=316095"}],"curies":[{"name":"wp","href":"https:\/\/api.w.org\/{rel}","templated":true}]}}