{"id":316097,"date":"2025-08-13T10:59:14","date_gmt":"2025-08-13T10:59:14","guid":{"rendered":"https:\/\/www.europesays.com\/fr\/316097\/"},"modified":"2025-08-13T10:59:14","modified_gmt":"2025-08-13T10:59:14","slug":"ne-sacrifiez-pas-nos-fils-a-gaza","status":"publish","type":"post","link":"https:\/\/www.europesays.com\/fr\/316097\/","title":{"rendered":"\u00ab\u00a0Ne sacrifiez pas nos fils\u00a0\u00e0 Gaza\u00a0!\u00a0\u00bb"},"content":{"rendered":"<p>                         <img loading=\"lazy\" decoding=\"async\" src=\"https:\/\/www.europesays.com\/fr\/wp-content\/uploads\/2025\/08\/dc08c00_upload-1-mr1curh1g1j4-043122.jpg\" alt=\"Des r\u00e9servistes et d\u2019anciens pilotes de l\u2019arm\u00e9e de l\u2019air isra\u00e9lienne participent \u00e0un rassemblement pour exiger la lib\u00e9ration de tous les otages isra\u00e9liens d\u00e9tenus \u00e0 Gaza et la fin de la guerre, \u00e0 Tel Aviv (Isra\u00ebl), le 12\u00a0ao\u00fbt 2025.\"   width=\"664\" height=\"443\"\/>    Des r\u00e9servistes et d\u2019anciens pilotes de l\u2019arm\u00e9e de l\u2019air isra\u00e9lienne participent \u00e0un rassemblement pour exiger la lib\u00e9ration de tous les otages isra\u00e9liens d\u00e9tenus \u00e0 Gaza et la fin de la guerre, \u00e0 Tel Aviv (Isra\u00ebl), le 12\u00a0ao\u00fbt 2025.  AMMAR AWAD \/ REUTERS                 <\/p>\n<p class=\"article__paragraph  \">Dans l\u2019imaginaire d\u2019une soci\u00e9t\u00e9 aussi militaris\u00e9e qu\u2019Isra\u00ebl, les pilotes de l\u2019arm\u00e9e de l\u2019air figurent parmi les h\u00e9ros incontestables. Avec les forces sp\u00e9ciales et le renseignement ext\u00e9rieur, ils forment l\u2019\u00e9lite militaire du pays, une communaut\u00e9 d\u2019hommes dont la parole continue de peser quand ils deviennent r\u00e9servistes ou m\u00eame apr\u00e8s leur retraite. En mars\u00a02023, lorsque la soci\u00e9t\u00e9 isra\u00e9lienne s\u2019\u00e9tait massivement mobilis\u00e9e pour r\u00e9clamer l\u2019arr\u00eat d\u2019une r\u00e9forme de la justice contest\u00e9e, <a href=\"https:\/\/www.lemonde.fr\/international\/article\/2023\/03\/07\/en-israel-revolte-inedite-des-reservistes-de-l-armee_6164478_3210.html\" rel=\"nofollow noopener\" target=\"_blank\">la prise de position de plusieurs centaines d\u2019entre eux<\/a> avait marqu\u00e9 un premier tournant dans le conflit avec le gouvernement de Benyamin N\u00e9tanyahou.<\/p>\n<p class=\"article__paragraph  \">Deux ans plus tard, alors que le pays est en guerre depuis l\u2019attaque terroriste du 7\u00a0octobre\u00a02023\u00a0par le Hamas, que le m\u00eame gouvernement a d\u00e9cid\u00e9 d\u2019occuper totalement Gaza et que <a href=\"https:\/\/www.lemonde.fr\/international\/article\/2025\/08\/10\/a-tel-aviv-les-familles-des-otages-s-opposent-a-l-occupation-de-gaza-et-evoquent-une-greve_6627664_3210.html\" rel=\"nofollow noopener\" target=\"_blank\">se profile, dimanche 17\u00a0ao\u00fbt, une gr\u00e8ve g\u00e9n\u00e9rale <\/a>pour mettre fin au conflit, peuvent-ils contribuer \u00e0 mobiliser\u00a0?<\/p>\n<p class=\"article__paragraph  \">Mardi 12\u00a0ao\u00fbt, pr\u00e8s de 500 officiers, parmi lesquels beaucoup de retrait\u00e9s et peu de r\u00e9servistes, se sont rassembl\u00e9s symboliquement devant le quartier g\u00e9n\u00e9ral de l\u2019arm\u00e9e, \u00e0 Tel-Aviv. \u00ab\u00a0Ne sacrifiez pas nos fils \u00e0 Gaza, alors que l\u2019objectif n\u2019est ni la s\u00e9curit\u00e9 d\u2019Isra\u00ebl ni le retour des otages\u00a0\u00bb, a fustig\u00e9 Guy Poran, 69\u00a0ans, ancien pilote de l\u2019arm\u00e9e de l\u2019air. \u00ab\u00a0Pr\u00e9tendre qu\u2019il faut occuper tout Gaza et \u00e9liminer les derniers \u00e9l\u00e9ments du Hamas pour \u00e9viter un nouveau 7-Octobre rel\u00e8ve de la d\u00e9magogie mensong\u00e8re\u00a0\u00bb, a plaid\u00e9 le soldat retrait\u00e9, un des animateurs du forum qui regroupe 1\u00a0500 soldats isra\u00e9liens.<\/p>\n<p class=\"reading-mode-only \"><strong>Il vous reste 74.78% de cet article \u00e0 lire. La suite est r\u00e9serv\u00e9e aux abonn\u00e9s.<\/strong><\/p>\n","protected":false},"excerpt":{"rendered":"Des r\u00e9servistes et d\u2019anciens pilotes de l\u2019arm\u00e9e de l\u2019air isra\u00e9lienne participent \u00e0un rassemblement pour exiger la lib\u00e9ration de&hellip;\n","protected":false},"author":2,"featured_media":316098,"comment_status":"","ping_status":"","sticky":false,"template":"","format":"standard","meta":{"footnotes":""},"categories":[5],"tags":[11,1011,27,14,12,28],"class_list":{"0":"post-316097","1":"post","2":"type-post","3":"status-publish","4":"format-standard","5":"has-post-thumbnail","7":"category-international","8":"tag-actualites","9":"tag-fr","10":"tag-france","11":"tag-international","12":"tag-news","13":"tag-world"},"share_on_mastodon":{"url":"https:\/\/pubeurope.com\/@fr\/115021110588226550","error":""},"_links":{"self":[{"href":"https:\/\/www.europesays.com\/fr\/wp-json\/wp\/v2\/posts\/316097","targetHints":{"allow":["GET"]}}],"collection":[{"href":"https:\/\/www.europesays.com\/fr\/wp-json\/wp\/v2\/posts"}],"about":[{"href":"https:\/\/www.europesays.com\/fr\/wp-json\/wp\/v2\/types\/post"}],"author":[{"embeddable":true,"href":"https:\/\/www.europesays.com\/fr\/wp-json\/wp\/v2\/users\/2"}],"replies":[{"embeddable":true,"href":"https:\/\/www.europesays.com\/fr\/wp-json\/wp\/v2\/comments?post=316097"}],"version-history":[{"count":0,"href":"https:\/\/www.europesays.com\/fr\/wp-json\/wp\/v2\/posts\/316097\/revisions"}],"wp:featuredmedia":[{"embeddable":true,"href":"https:\/\/www.europesays.com\/fr\/wp-json\/wp\/v2\/media\/316098"}],"wp:attachment":[{"href":"https:\/\/www.europesays.com\/fr\/wp-json\/wp\/v2\/media?parent=316097"}],"wp:term":[{"taxonomy":"category","embeddable":true,"href":"https:\/\/www.europesays.com\/fr\/wp-json\/wp\/v2\/categories?post=316097"},{"taxonomy":"post_tag","embeddable":true,"href":"https:\/\/www.europesays.com\/fr\/wp-json\/wp\/v2\/tags?post=316097"}],"curies":[{"name":"wp","href":"https:\/\/api.w.org\/{rel}","templated":true}]}}