{"id":316101,"date":"2025-08-13T11:01:12","date_gmt":"2025-08-13T11:01:12","guid":{"rendered":"https:\/\/www.europesays.com\/fr\/316101\/"},"modified":"2025-08-13T11:01:12","modified_gmt":"2025-08-13T11:01:12","slug":"un-bebe-decouvert-enterre-le-pere-mis-en-examen-pour-infanticide","status":"publish","type":"post","link":"https:\/\/www.europesays.com\/fr\/316101\/","title":{"rendered":"Un b\u00e9b\u00e9 d\u00e9couvert enterr\u00e9, le p\u00e8re mis en examen pour infanticide"},"content":{"rendered":"<p>La <a href=\"https:\/\/www.20minutes.fr\/dossier\/vendee\" class=\"color-ultramarine c-link\" rel=\"nofollow noopener\" target=\"_blank\">Vend\u00e9e<\/a> est encore touch\u00e9e par un drame qui concerne en nouveau-n\u00e9. D\u00e9but avril, un <a href=\"https:\/\/www.20minutes.fr\/dossier\/bebe\" class=\"color-ultramarine c-link\" rel=\"nofollow noopener\" target=\"_blank\">b\u00e9b\u00e9<\/a> avait \u00e9t\u00e9 retrouv\u00e9 sans vie dans un logement de La Copechagni\u00e8re. Quatre mois plus tard, un autre nourrisson a \u00e9t\u00e9 d\u00e9couvert mort, cette fois \u00e0 La Chapelle-Palluau, non loin de La Roche-sur-Yon.<\/p>\n<p>D\u2019apr\u00e8s <a href=\"https:\/\/www.ouest-france.fr\/faits-divers\/meurtres\/info-ouest-france-un-nouveau-ne-retrouve-enterre-en-vendee-le-pere-mis-en-examen-pour-meurtre-9641edc0-7747-11f0-86b5-962552fd955f\" target=\"_blank\" class=\"color-ultramarine c-link\" rel=\"nofollow noopener\">Ouest-France<\/a>, les gendarmes auraient retrouv\u00e9 son corps enterr\u00e9 dans le jardin. Ses deux parents ont \u00e9t\u00e9 plac\u00e9s en garde \u00e0 vue et une autopsie a \u00e9t\u00e9 pratiqu\u00e9e sur la petite victime.<\/p>\n<p>Mardi, ils ont tous les deux \u00e9t\u00e9 <a href=\"https:\/\/www.20minutes.fr\/dossier\/mis_en_examen\" class=\"color-ultramarine c-link\" rel=\"nofollow noopener\" target=\"_blank\">mis en examen<\/a>. Le p\u00e8re, qui a \u00e9t\u00e9 incarc\u00e9r\u00e9, pour \u00ab\u00a0homicide volontaire sur mineur de moins de 15 ans par ascendant\u00a0\u00bb\u00a0; la m\u00e8re pour \u00ab\u00a0privation de soins sur mineur de moins de 15 ans\u00a0\u00bb.<\/p>\n<\/p>\n<p>Un d\u00e9ni de grossesse est \u00e9voqu\u00e9. C\u2019est l\u2019argument de l\u2019avocat du p\u00e8re du nouveau-n\u00e9. \u00ab\u00a0Monsieur a un casier judiciaire vierge, un emploi, un logement\u2026 Mon client a \u00e9t\u00e9 constant et toutes les preuves sont d\u00e9j\u00e0 aux mains de la justice. Un enfant a perdu la vie apr\u00e8s un d\u00e9ni de grossesse, lors d\u2019une sinistre nuit o\u00f9 deux \u00eatres humains \u00e9taient en \u00e9tat de sid\u00e9ration\u00a0\u00bb, a-t-il d\u00e9clar\u00e9 au quotidien r\u00e9gional.<\/p>\n","protected":false},"excerpt":{"rendered":"La Vend\u00e9e est encore touch\u00e9e par un drame qui concerne en nouveau-n\u00e9. D\u00e9but avril, un b\u00e9b\u00e9 avait \u00e9t\u00e9&hellip;\n","protected":false},"author":2,"featured_media":316102,"comment_status":"","ping_status":"","sticky":false,"template":"","format":"standard","meta":{"footnotes":""},"categories":[2],"tags":[47,11,3493,45495,847,118,1011,27,777,12,2636,2546],"class_list":{"0":"post-316101","1":"post","2":"type-post","3":"status-publish","4":"format-standard","5":"has-post-thumbnail","7":"category-actualites","8":"tag-actualite","9":"tag-actualites","10":"tag-bebe","11":"tag-deni-de-grossesse","12":"tag-enfant","13":"tag-faits-divers","14":"tag-fr","15":"tag-france","16":"tag-meurtre","17":"tag-news","18":"tag-pays-de-la-loire","19":"tag-vendee"},"share_on_mastodon":{"url":"https:\/\/pubeurope.com\/@fr\/115021118434110096","error":""},"_links":{"self":[{"href":"https:\/\/www.europesays.com\/fr\/wp-json\/wp\/v2\/posts\/316101","targetHints":{"allow":["GET"]}}],"collection":[{"href":"https:\/\/www.europesays.com\/fr\/wp-json\/wp\/v2\/posts"}],"about":[{"href":"https:\/\/www.europesays.com\/fr\/wp-json\/wp\/v2\/types\/post"}],"author":[{"embeddable":true,"href":"https:\/\/www.europesays.com\/fr\/wp-json\/wp\/v2\/users\/2"}],"replies":[{"embeddable":true,"href":"https:\/\/www.europesays.com\/fr\/wp-json\/wp\/v2\/comments?post=316101"}],"version-history":[{"count":0,"href":"https:\/\/www.europesays.com\/fr\/wp-json\/wp\/v2\/posts\/316101\/revisions"}],"wp:featuredmedia":[{"embeddable":true,"href":"https:\/\/www.europesays.com\/fr\/wp-json\/wp\/v2\/media\/316102"}],"wp:attachment":[{"href":"https:\/\/www.europesays.com\/fr\/wp-json\/wp\/v2\/media?parent=316101"}],"wp:term":[{"taxonomy":"category","embeddable":true,"href":"https:\/\/www.europesays.com\/fr\/wp-json\/wp\/v2\/categories?post=316101"},{"taxonomy":"post_tag","embeddable":true,"href":"https:\/\/www.europesays.com\/fr\/wp-json\/wp\/v2\/tags?post=316101"}],"curies":[{"name":"wp","href":"https:\/\/api.w.org\/{rel}","templated":true}]}}