{"id":316103,"date":"2025-08-13T11:02:14","date_gmt":"2025-08-13T11:02:14","guid":{"rendered":"https:\/\/www.europesays.com\/fr\/316103\/"},"modified":"2025-08-13T11:02:14","modified_gmt":"2025-08-13T11:02:14","slug":"les-before-de-couriot-animent-lete-a-saint-etienne","status":"publish","type":"post","link":"https:\/\/www.europesays.com\/fr\/316103\/","title":{"rendered":"Les Before de Couriot animent l\u2019\u00e9t\u00e9 \u00e0 Saint-\u00c9tienne !"},"content":{"rendered":"<p><img decoding=\"async\" class=\"\" style=\"width:100%\" src=\"https:\/\/www.europesays.com\/fr\/wp-content\/uploads\/2025\/06\/448457983_872632304905857_2948279927439569169_n1718770938978.jpg\" alt=\"Before de Couriot \"\/><\/p>\n<p>Cr\u00e9dit : Photo Ville de Saint-Etienne <\/p>\n<p>C\u2019est l\u2019\u00e9v\u00e8nement de l\u2019\u00e9t\u00e9 \u00e0 Saint-\u00c9tienne ! Rendez-vous au Puits Couriot pour assister aux \u00ab\u00a0Before de Couriot\u00a0\u00bb. Depuis 2019, la soci\u00e9t\u00e9 Cinq Cempotes a repris le concept et fait vivre la ville de Saint-\u00c9tienne. Jusqu\u2019au 5 septembre, le groupe souhaite rassembler petits et grands gratuitement, de toute la Loire, autour d\u2019un programme divers.<\/p>\n<p>\u00ab\u00a0C\u2019est clairement l\u2019objectif que le programme soit le plus vari\u00e9 possible. On veut que les familles, tout comme les personnes \u00e2g\u00e9es ou les f\u00eatards, se sentent aussi bien les uns que les autres\u00a0\u00bb, affirme Jean, organisateur des Before de Couriot. La programmation est notamment compos\u00e9e de : concerts aux styles vari\u00e9s, s\u00e9ances de cin\u00e9ma en plein air, animations familiales, jeux et concours de p\u00e9tanque.<\/p>\n<p>Les participants sont nombreux et pour les organisateurs, cela n\u2019est pas de tout repos. \u00ab\u00a0On a tr\u00e8s bien d\u00e9marr\u00e9 la saison. C\u2019est encore mieux que les autres ann\u00e9es, on a du monde tout le temps. Il y a des soirs o\u00f9 on ne peut pas se poser quelques secondes\u00a0\u00bb,\u00a0explique Julie, une serveuse.<\/p>\n<p><strong>Un \u00e9v\u00e8nement agr\u00e9able et convivial pour les participants<\/strong><\/p>\n<p>Sur place, les curieux et les habitu\u00e9s passent du bon temps. De tout \u00e2ge, ils se rendent au Puits Couriot pour plusieurs raisons. \u00ab\u00a0C\u2019est un endroit sympathique quand on veut sortir\u00a0\u00bb, explique un St\u00e9phanois. \u00ab\u00a0C\u2019est a\u00e9r\u00e9, pas loin du centre et puis c\u2019est accessible \u00e0 tous. C&rsquo;est vraiment agr\u00e9able\u00a0\u00bb, confie Sandie. La guinguette, ouverte de mercredi \u00e0 vendredi, attire \u00e9galement les St\u00e9phanois.<\/p>\n<p>Les Before de Couriot sont gratuits. La derni\u00e8re animation aura lieu le 5 septembre.<\/p>\n","protected":false},"excerpt":{"rendered":"Cr\u00e9dit : Photo Ville de Saint-Etienne C\u2019est l\u2019\u00e9v\u00e8nement de l\u2019\u00e9t\u00e9 \u00e0 Saint-\u00c9tienne ! Rendez-vous au Puits Couriot pour&hellip;\n","protected":false},"author":2,"featured_media":185446,"comment_status":"","ping_status":"","sticky":false,"template":"","format":"standard","meta":{"footnotes":""},"categories":[9653],"tags":[1111,11,1832,2430,2883,1777,674,1011,27,3367,12,45496,25,4001],"class_list":{"0":"post-316103","1":"post","2":"type-post","3":"status-publish","4":"format-standard","5":"has-post-thumbnail","7":"category-saint-etienne","8":"tag-actu","9":"tag-actualites","10":"tag-animation","11":"tag-auvergne-rhone-alpes","12":"tag-ete","13":"tag-eu","14":"tag-europe","15":"tag-fr","16":"tag-france","17":"tag-loire","18":"tag-news","19":"tag-puits-couriot","20":"tag-republique-francaise","21":"tag-saint-etienne"},"share_on_mastodon":{"url":"https:\/\/pubeurope.com\/@fr\/115021122494537668","error":""},"_links":{"self":[{"href":"https:\/\/www.europesays.com\/fr\/wp-json\/wp\/v2\/posts\/316103","targetHints":{"allow":["GET"]}}],"collection":[{"href":"https:\/\/www.europesays.com\/fr\/wp-json\/wp\/v2\/posts"}],"about":[{"href":"https:\/\/www.europesays.com\/fr\/wp-json\/wp\/v2\/types\/post"}],"author":[{"embeddable":true,"href":"https:\/\/www.europesays.com\/fr\/wp-json\/wp\/v2\/users\/2"}],"replies":[{"embeddable":true,"href":"https:\/\/www.europesays.com\/fr\/wp-json\/wp\/v2\/comments?post=316103"}],"version-history":[{"count":0,"href":"https:\/\/www.europesays.com\/fr\/wp-json\/wp\/v2\/posts\/316103\/revisions"}],"wp:featuredmedia":[{"embeddable":true,"href":"https:\/\/www.europesays.com\/fr\/wp-json\/wp\/v2\/media\/185446"}],"wp:attachment":[{"href":"https:\/\/www.europesays.com\/fr\/wp-json\/wp\/v2\/media?parent=316103"}],"wp:term":[{"taxonomy":"category","embeddable":true,"href":"https:\/\/www.europesays.com\/fr\/wp-json\/wp\/v2\/categories?post=316103"},{"taxonomy":"post_tag","embeddable":true,"href":"https:\/\/www.europesays.com\/fr\/wp-json\/wp\/v2\/tags?post=316103"}],"curies":[{"name":"wp","href":"https:\/\/api.w.org\/{rel}","templated":true}]}}