{"id":316107,"date":"2025-08-13T11:05:21","date_gmt":"2025-08-13T11:05:21","guid":{"rendered":"https:\/\/www.europesays.com\/fr\/316107\/"},"modified":"2025-08-13T11:05:21","modified_gmt":"2025-08-13T11:05:21","slug":"vosges-un-documentaire-dans-les-pas-du-dessinateur-nanceien-grandville-signe-par-lentreprise-spinalienne-infini-productions","status":"publish","type":"post","link":"https:\/\/www.europesays.com\/fr\/316107\/","title":{"rendered":"Vosges. Un documentaire dans les pas du dessinateur nanc\u00e9ien Grandville sign\u00e9 par l\u2019entreprise spinalienne Infini productions"},"content":{"rendered":"<p>Dessinateur et caricaturiste hors pair, Jean-Jacques Grandville, pseudonyme de Jean Ignace Isidore G\u00e9rard (n\u00e9 le 13\u00a0septembre 1803 \u00e0 Nancy) est rest\u00e9 c\u00e9l\u00e8bre pour ses dessins anthropomorphiques, mi-hommes mi-animaux, qu\u2019il utilisait pour \u00ab\u00a0singer\u00a0\u00bb ses contemporains, comme dans Les m\u00e9tamorphoses du jour , un de ses ouvrages c\u00e9l\u00e8bres. <a href=\"https:\/\/www.vosgesmatin.fr\/edition-de-saint-die\/2019\/05\/22\/de-grandville-a-jean-sur-la-scene-de-l-espace-georges-sadoul\" target=\"_blank\" rel=\"noopener\">A l\u2019instar de Jean de La Fontaine dans ses <\/a><a href=\"https:\/\/www.vosgesmatin.fr\/edition-de-saint-die\/2019\/05\/22\/de-grandville-a-jean-sur-la-scene-de-l-espace-georges-sadoul\" target=\"_blank\" rel=\"noopener\">Fables<\/a>.<\/p>\n<p>Mais son \u0153uvre ne se r\u00e9sume pas \u00e0 ces seules caract\u00e9ristiques. Le Nanc\u00e9ien, a dessin\u00e9 et grav\u00e9 tr\u00e8s t\u00f4t et produit beaucoup, en d\u00e9pit d\u2019une vie \u00e9court\u00e9e tragiquement (il meurt \u00e9puis\u00e9 \u00e0 44&#8230;<\/p>\n","protected":false},"excerpt":{"rendered":"Dessinateur et caricaturiste hors pair, Jean-Jacques Grandville, pseudonyme de Jean Ignace Isidore G\u00e9rard (n\u00e9 le 13\u00a0septembre 1803 \u00e0&hellip;\n","protected":false},"author":2,"featured_media":316108,"comment_status":"","ping_status":"","sticky":false,"template":"","format":"standard","meta":{"footnotes":""},"categories":[9635],"tags":[1111,11,650,1687,1796,778,19336,1777,674,107,1011,27,775,1702,12,25,774],"class_list":{"0":"post-316107","1":"post","2":"type-post","3":"status-publish","4":"format-standard","5":"has-post-thumbnail","7":"category-nancy","8":"tag-actu","9":"tag-actualites","10":"tag-cinema","11":"tag-culture-loisirs","12":"tag-edition-epinal","13":"tag-epinal","14":"tag-epinal-ville-88a","15":"tag-eu","16":"tag-europe","17":"tag-fil-info","18":"tag-fr","19":"tag-france","20":"tag-grand-est","21":"tag-nancy","22":"tag-news","23":"tag-republique-francaise","24":"tag-vosges"},"share_on_mastodon":{"url":"https:\/\/pubeurope.com\/@fr\/115021134127581578","error":""},"_links":{"self":[{"href":"https:\/\/www.europesays.com\/fr\/wp-json\/wp\/v2\/posts\/316107","targetHints":{"allow":["GET"]}}],"collection":[{"href":"https:\/\/www.europesays.com\/fr\/wp-json\/wp\/v2\/posts"}],"about":[{"href":"https:\/\/www.europesays.com\/fr\/wp-json\/wp\/v2\/types\/post"}],"author":[{"embeddable":true,"href":"https:\/\/www.europesays.com\/fr\/wp-json\/wp\/v2\/users\/2"}],"replies":[{"embeddable":true,"href":"https:\/\/www.europesays.com\/fr\/wp-json\/wp\/v2\/comments?post=316107"}],"version-history":[{"count":0,"href":"https:\/\/www.europesays.com\/fr\/wp-json\/wp\/v2\/posts\/316107\/revisions"}],"wp:featuredmedia":[{"embeddable":true,"href":"https:\/\/www.europesays.com\/fr\/wp-json\/wp\/v2\/media\/316108"}],"wp:attachment":[{"href":"https:\/\/www.europesays.com\/fr\/wp-json\/wp\/v2\/media?parent=316107"}],"wp:term":[{"taxonomy":"category","embeddable":true,"href":"https:\/\/www.europesays.com\/fr\/wp-json\/wp\/v2\/categories?post=316107"},{"taxonomy":"post_tag","embeddable":true,"href":"https:\/\/www.europesays.com\/fr\/wp-json\/wp\/v2\/tags?post=316107"}],"curies":[{"name":"wp","href":"https:\/\/api.w.org\/{rel}","templated":true}]}}