{"id":316109,"date":"2025-08-13T11:06:11","date_gmt":"2025-08-13T11:06:11","guid":{"rendered":"https:\/\/www.europesays.com\/fr\/316109\/"},"modified":"2025-08-13T11:06:11","modified_gmt":"2025-08-13T11:06:11","slug":"loperation-de-controle-routier-aux-sablettes-a-la-seyne-se-solde-par-deux-interpellations-et-25-contraventions","status":"publish","type":"post","link":"https:\/\/www.europesays.com\/fr\/316109\/","title":{"rendered":"L\u2019op\u00e9ration de contr\u00f4le routier aux Sablettes \u00e0 la Seyne se solde par deux interpellations et 25 contraventions"},"content":{"rendered":"<p>Une vaste op\u00e9ration de contr\u00f4le routier, avec d\u00e9pistage d\u2019alcool\u00e9mie et de produits stup\u00e9fiants, a \u00e9t\u00e9 men\u00e9e mardi 12 ao\u00fbt, de 20 heures \u00e0 22 h 30 par la police seynoise et toulonnaise avec le renfort d\u2019un \u00e9quipage de CRS et de la police municipale au niveau du rond-point des Sablettes, dans les quartiers sud de La Seyne tr\u00e8s fr\u00e9quent\u00e9s en cette p\u00e9riode de vacances estivales.<\/p>\n<p>En 2 h 30, vingt-deux policiers ont proc\u00e9d\u00e9 au contr\u00f4le de 61 voitures, 14 deux-roues et 4 trottinettes \u00e9lectriques. Ils ont r\u00e9alis\u00e9 25 d\u00e9pistages d\u2019alcool\u00e9mie et 8 d\u00e9pistages de produits stup\u00e9fiants.<\/p>\n<p>Vingt-cinq contraventions<\/p>\n<p>Un individu a \u00e9t\u00e9 interpell\u00e9 pour conduite sous l\u2019empire de produits stup\u00e9fiants et un autre pour port d\u2019arme non autoris\u00e9e<\/p>\n<p>Vingt-cinq contraventions ont \u00e9t\u00e9 relev\u00e9es et autant de proc\u00e9s verbaux dress\u00e9s, dont 5 pour usage de t\u00e9l\u00e9phone portable au volant, une pour non-transfert de carte grise, 2 pour d\u00e9faut de contr\u00f4le technique ; 3 pour non-port de ceinture de s\u00e9curit\u00e9; et 14 pour divers motifs. Deux v\u00e9hicules ont \u00e9t\u00e9 immobilis\u00e9s et mis en fourri\u00e8re.<\/p>\n<p>Deux individus ont enfin fait l\u2019objet d\u2019une amende forfaitaire d\u00e9lictuelle pour d\u00e9faut d\u2019assurance.<\/p>\n","protected":false},"excerpt":{"rendered":"Une vaste op\u00e9ration de contr\u00f4le routier, avec d\u00e9pistage d\u2019alcool\u00e9mie et de produits stup\u00e9fiants, a \u00e9t\u00e9 men\u00e9e mardi 12&hellip;\n","protected":false},"author":2,"featured_media":316110,"comment_status":"","ping_status":"","sticky":false,"template":"","format":"standard","meta":{"footnotes":""},"categories":[9619],"tags":[1111,11,1777,674,1011,27,303,12,882,25,2310],"class_list":{"0":"post-316109","1":"post","2":"type-post","3":"status-publish","4":"format-standard","5":"has-post-thumbnail","7":"category-toulon","8":"tag-actu","9":"tag-actualites","10":"tag-eu","11":"tag-europe","12":"tag-fr","13":"tag-france","14":"tag-justice","15":"tag-news","16":"tag-provence-alpes-cote-dazur","17":"tag-republique-francaise","18":"tag-toulon"},"share_on_mastodon":{"url":"https:\/\/pubeurope.com\/@fr\/115021138043953726","error":""},"_links":{"self":[{"href":"https:\/\/www.europesays.com\/fr\/wp-json\/wp\/v2\/posts\/316109","targetHints":{"allow":["GET"]}}],"collection":[{"href":"https:\/\/www.europesays.com\/fr\/wp-json\/wp\/v2\/posts"}],"about":[{"href":"https:\/\/www.europesays.com\/fr\/wp-json\/wp\/v2\/types\/post"}],"author":[{"embeddable":true,"href":"https:\/\/www.europesays.com\/fr\/wp-json\/wp\/v2\/users\/2"}],"replies":[{"embeddable":true,"href":"https:\/\/www.europesays.com\/fr\/wp-json\/wp\/v2\/comments?post=316109"}],"version-history":[{"count":0,"href":"https:\/\/www.europesays.com\/fr\/wp-json\/wp\/v2\/posts\/316109\/revisions"}],"wp:featuredmedia":[{"embeddable":true,"href":"https:\/\/www.europesays.com\/fr\/wp-json\/wp\/v2\/media\/316110"}],"wp:attachment":[{"href":"https:\/\/www.europesays.com\/fr\/wp-json\/wp\/v2\/media?parent=316109"}],"wp:term":[{"taxonomy":"category","embeddable":true,"href":"https:\/\/www.europesays.com\/fr\/wp-json\/wp\/v2\/categories?post=316109"},{"taxonomy":"post_tag","embeddable":true,"href":"https:\/\/www.europesays.com\/fr\/wp-json\/wp\/v2\/tags?post=316109"}],"curies":[{"name":"wp","href":"https:\/\/api.w.org\/{rel}","templated":true}]}}