{"id":316117,"date":"2025-08-13T11:13:12","date_gmt":"2025-08-13T11:13:12","guid":{"rendered":"https:\/\/www.europesays.com\/fr\/316117\/"},"modified":"2025-08-13T11:13:12","modified_gmt":"2025-08-13T11:13:12","slug":"episode-de-pollution-de-lair-sur-le-bassin-grenoblois","status":"publish","type":"post","link":"https:\/\/www.europesays.com\/fr\/316117\/","title":{"rendered":"Episode de pollution de l&rsquo;air sur le bassin grenoblois"},"content":{"rendered":"<p>Sans sur\u00adprise, la vague de cha\u00adleur extr\u00eame qui s\u2019a\u00adbat actuel\u00adle\u00adment sur le d\u00e9par\u00adte\u00adment de l\u2019Is\u00e8re s\u2019ac\u00adcom\u00adpagne d\u2019un \u00e9pi\u00adsode de pol\u00adlu\u00adtion de l\u2019air. Sur la base des pr\u00e9\u00advi\u00adsions \u00e9ta\u00adblies par <a href=\"https:\/\/www.atmo-auvergnerhonealpes.fr\/\" target=\"_blank\" rel=\"noopener nofollow\">Atmo Auvergne-Rh\u00f4ne-Alpes<\/a>, la pr\u00e9\u00adfec\u00adture de l\u2019Is\u00e8re fait ainsi savoir que la pro\u00adc\u00e9\u00addure d\u2019a\u00adlerte orange est acti\u00adv\u00e9e pour le ter\u00adri\u00adtoire du Nord-Is\u00e8re \u00e0 comp\u00adter du mer\u00adcredi 13 ao\u00fbt 2025 au matin, tan\u00addis que le bas\u00adsin d\u2019air gre\u00adno\u00adblois est plac\u00e9 en pro\u00adc\u00e9\u00addure pr\u00e9\u00adfec\u00adto\u00adrale d\u2019information-recommandation.<\/p>\n<p>Comme son nom l\u2019in\u00addique, cette der\u00adni\u00e8re pro\u00adc\u00e9\u00addure n\u2019in\u00adclut pas de res\u00adtric\u00adtions mais des recom\u00adman\u00adda\u00adtions \u00e0 des\u00adti\u00adna\u00adtion des habi\u00adtants, des pro\u00adfes\u00adsion\u00adnels ou encore des col\u00adlec\u00adti\u00advi\u00adt\u00e9s. Les per\u00adsonnes les plus sen\u00adsibles et les plus vul\u00adn\u00e9\u00adrables sont les pre\u00admi\u00e8res concer\u00adn\u00e9es et sont invi\u00adt\u00e9es \u00e0 se tenir \u00e0 l\u2019\u00e9\u00adcart des axes rou\u00adtiers aux heures de pointe, \u00e0 limi\u00adter leurs sor\u00adties entre 13\u00a0heures et 20 heures et \u00e0 limi\u00adter les acti\u00advi\u00adt\u00e9s phy\u00adsiques et spor\u00adtives en ext\u00e9rieur.<\/p>\n<p><a href=\"https:\/\/www.europesays.com\/fr\/wp-content\/uploads\/2025\/08\/pollution-scaled.jpg\" target=\"_blank\" rel=\"noopener\"><img fetchpriority=\"high\" decoding=\"async\" aria-describedby=\"caption-attachment-606791\" class=\"wp-image-606791 size-full\" src=\"data:image\/svg+xml,%3Csvg%20xmlns=\" http:=\"\" alt=\"Le bassin grenoblois est concern\u00e9 (comme le Nord-Is\u00e8re) par un \u00e9pisode de pollution de l'air. \u00a9 Sophie Eymard - Place Gre'net\" width=\"2048\" height=\"1542\" data-lazy- data-lazy- data-lazy-src=\"https:\/\/www.europesays.com\/fr\/wp-content\/uploads\/2025\/08\/pollution-scaled.jpg\"\/><\/a><\/p>\n<p id=\"caption-attachment-606791\" class=\"wp-caption-text\">Le bas\u00adsin gre\u00adno\u00adblois est concern\u00e9 (comme le Nord-Is\u00e8re) par un \u00e9pi\u00adsode de pol\u00adlu\u00adtion de l\u2019air. \u00a9 Sophie Eymard \u2013 Place Gre\u2019net<\/p>\n<p>Les usa\u00adgers de la route sont, de leur c\u00f4t\u00e9, invi\u00adt\u00e9s \u00e0 uti\u00adli\u00adser des modes de trans\u00adport moins \u00e9met\u00adteurs de pol\u00adluants, comme le v\u00e9lo, les trans\u00adports en com\u00admun ou le covoi\u00adtu\u00adrage. Il leur est \u00e9ga\u00adle\u00adment demand\u00e9 d\u2019a\u00adbais\u00adser leur vitesse \u00e0 70\u00a0km\/h sur les voies o\u00f9 la vitesse maxi\u00admale est ordi\u00adnai\u00adre\u00adment de 90\u00a0km\/h ou de 80\u00a0km\/h. Enfin, les conduc\u00adteurs sont pri\u00e9s de s\u2019abs\u00adte\u00adnir de cir\u00adcu\u00adler \u00ab\u00a0avec un v\u00e9hi\u00adcule de norme inf\u00e9\u00adrieure ou \u00e9gale \u00e0 Euro 3 et \/ ou dont la date d\u2019immatriculation est ant\u00e9\u00adrieure au 1er jan\u00advier 2006\u2033, indiquent les ser\u00advices de l\u2019\u00c9tat.<\/p>\n<p>L\u2019ensemble de la popu\u00adla\u00adtion, comme les col\u00adlec\u00adti\u00advi\u00adt\u00e9s, indus\u00adtries ou agri\u00adcul\u00adteurs, sont par ailleurs invi\u00adt\u00e9s \u00e0 limi\u00adter au maxi\u00admum l\u2019u\u00adsage de pro\u00adduits pol\u00adluants (white-spi\u00adrit, pein\u00adture, ver\u00adnis d\u00e9co\u00adra\u00adtif) et des outils \u00e9lec\u00adtriques pour les tra\u00advaux de net\u00adtoyage ou d\u2019en\u00adtre\u00adtien. Les br\u00fb\u00adlages et toute autre acti\u00advit\u00e9 \u00e9met\u00adtrice de par\u00adti\u00adcules sont aussi \u00e0 \u00e9vi\u00adter ou doivent, au moins, s\u2019ac\u00adcom\u00adpa\u00adgner de \u00ab\u00a0mesures com\u00adpen\u00adsa\u00adtoires\u00a0\u00bb comme des arrosages.<\/p>\n","protected":false},"excerpt":{"rendered":"Sans sur\u00adprise, la vague de cha\u00adleur extr\u00eame qui s\u2019a\u00adbat actuel\u00adle\u00adment sur le d\u00e9par\u00adte\u00adment de l\u2019Is\u00e8re s\u2019ac\u00adcom\u00adpagne d\u2019un \u00e9pi\u00adsode&hellip;\n","protected":false},"author":2,"featured_media":316118,"comment_status":"","ping_status":"","sticky":false,"template":"","format":"standard","meta":{"footnotes":""},"categories":[9566],"tags":[1111,11,2430,1777,674,1011,27,2731,12,25],"class_list":{"0":"post-316117","1":"post","2":"type-post","3":"status-publish","4":"format-standard","5":"has-post-thumbnail","7":"category-grenoble","8":"tag-actu","9":"tag-actualites","10":"tag-auvergne-rhone-alpes","11":"tag-eu","12":"tag-europe","13":"tag-fr","14":"tag-france","15":"tag-grenoble","16":"tag-news","17":"tag-republique-francaise"},"share_on_mastodon":{"url":"https:\/\/pubeurope.com\/@fr\/115021165639854205","error":""},"_links":{"self":[{"href":"https:\/\/www.europesays.com\/fr\/wp-json\/wp\/v2\/posts\/316117","targetHints":{"allow":["GET"]}}],"collection":[{"href":"https:\/\/www.europesays.com\/fr\/wp-json\/wp\/v2\/posts"}],"about":[{"href":"https:\/\/www.europesays.com\/fr\/wp-json\/wp\/v2\/types\/post"}],"author":[{"embeddable":true,"href":"https:\/\/www.europesays.com\/fr\/wp-json\/wp\/v2\/users\/2"}],"replies":[{"embeddable":true,"href":"https:\/\/www.europesays.com\/fr\/wp-json\/wp\/v2\/comments?post=316117"}],"version-history":[{"count":0,"href":"https:\/\/www.europesays.com\/fr\/wp-json\/wp\/v2\/posts\/316117\/revisions"}],"wp:featuredmedia":[{"embeddable":true,"href":"https:\/\/www.europesays.com\/fr\/wp-json\/wp\/v2\/media\/316118"}],"wp:attachment":[{"href":"https:\/\/www.europesays.com\/fr\/wp-json\/wp\/v2\/media?parent=316117"}],"wp:term":[{"taxonomy":"category","embeddable":true,"href":"https:\/\/www.europesays.com\/fr\/wp-json\/wp\/v2\/categories?post=316117"},{"taxonomy":"post_tag","embeddable":true,"href":"https:\/\/www.europesays.com\/fr\/wp-json\/wp\/v2\/tags?post=316117"}],"curies":[{"name":"wp","href":"https:\/\/api.w.org\/{rel}","templated":true}]}}