{"id":316119,"date":"2025-08-13T11:14:12","date_gmt":"2025-08-13T11:14:12","guid":{"rendered":"https:\/\/www.europesays.com\/fr\/316119\/"},"modified":"2025-08-13T11:14:12","modified_gmt":"2025-08-13T11:14:12","slug":"rugby-scapulaire-tristan-labouteley-vers-grenoble","status":"publish","type":"post","link":"https:\/\/www.europesays.com\/fr\/316119\/","title":{"rendered":"Rugby Scapulaire &#8211; Tristan Labouteley vers Grenoble"},"content":{"rendered":"<p>\u00a0<\/p>\n<p>Notre ancien deuxi\u00e8me ligne, <strong>Tristan<br \/>\nLabouteley<\/strong>, rejoint Grenoble. Il sera pr\u00eat\u00e9 pour une<br \/>\nsaison au club is\u00e9rois, finaliste malheureux de Pro D2. Selon les<br \/>\ninformations de <a href=\"https:\/\/www.rugbyrama.fr\/2025\/08\/10\/exclu-midol-transferts-le-fc-grenoble-soffre-un-perpignanais-en-pret-12868988.php\" rel=\"nofollow noopener\" target=\"_blank\"><br \/>\nRugbyrama<\/a>, il s\u2019engagerait\u00a0ensuite pour deux<br \/>\nsaisons avec le club, soit jusqu\u2019en 2028. A 30 ans, il portait les<br \/>\ncouleurs de l\u2019USAP depuis 8 saisons, et a disput\u00e9 176 rencontres<br \/>\nsous le maillot catalan, dont 87 comme titulaire, et inscrit 6<br \/>\nessais.<\/p><\/p>\n","protected":false},"excerpt":{"rendered":"\u00a0 Notre ancien deuxi\u00e8me ligne, Tristan Labouteley, rejoint Grenoble. Il sera pr\u00eat\u00e9 pour une saison au club is\u00e9rois,&hellip;\n","protected":false},"author":2,"featured_media":316120,"comment_status":"","ping_status":"","sticky":false,"template":"","format":"standard","meta":{"footnotes":""},"categories":[9566],"tags":[1111,11,2430,1777,674,1011,27,2731,12,25],"class_list":{"0":"post-316119","1":"post","2":"type-post","3":"status-publish","4":"format-standard","5":"has-post-thumbnail","7":"category-grenoble","8":"tag-actu","9":"tag-actualites","10":"tag-auvergne-rhone-alpes","11":"tag-eu","12":"tag-europe","13":"tag-fr","14":"tag-france","15":"tag-grenoble","16":"tag-news","17":"tag-republique-francaise"},"share_on_mastodon":{"url":"https:\/\/pubeurope.com\/@fr\/115021169601780790","error":""},"_links":{"self":[{"href":"https:\/\/www.europesays.com\/fr\/wp-json\/wp\/v2\/posts\/316119","targetHints":{"allow":["GET"]}}],"collection":[{"href":"https:\/\/www.europesays.com\/fr\/wp-json\/wp\/v2\/posts"}],"about":[{"href":"https:\/\/www.europesays.com\/fr\/wp-json\/wp\/v2\/types\/post"}],"author":[{"embeddable":true,"href":"https:\/\/www.europesays.com\/fr\/wp-json\/wp\/v2\/users\/2"}],"replies":[{"embeddable":true,"href":"https:\/\/www.europesays.com\/fr\/wp-json\/wp\/v2\/comments?post=316119"}],"version-history":[{"count":0,"href":"https:\/\/www.europesays.com\/fr\/wp-json\/wp\/v2\/posts\/316119\/revisions"}],"wp:featuredmedia":[{"embeddable":true,"href":"https:\/\/www.europesays.com\/fr\/wp-json\/wp\/v2\/media\/316120"}],"wp:attachment":[{"href":"https:\/\/www.europesays.com\/fr\/wp-json\/wp\/v2\/media?parent=316119"}],"wp:term":[{"taxonomy":"category","embeddable":true,"href":"https:\/\/www.europesays.com\/fr\/wp-json\/wp\/v2\/categories?post=316119"},{"taxonomy":"post_tag","embeddable":true,"href":"https:\/\/www.europesays.com\/fr\/wp-json\/wp\/v2\/tags?post=316119"}],"curies":[{"name":"wp","href":"https:\/\/api.w.org\/{rel}","templated":true}]}}