{"id":316121,"date":"2025-08-13T11:15:14","date_gmt":"2025-08-13T11:15:14","guid":{"rendered":"https:\/\/www.europesays.com\/fr\/316121\/"},"modified":"2025-08-13T11:15:14","modified_gmt":"2025-08-13T11:15:14","slug":"ici-il-faut-surtout-montrer-de-la-severite-brutal-et-hautain-qui-etait-ce-militaire-pas-tres-doue-pour-se-faire-aimer-des-bretons","status":"publish","type":"post","link":"https:\/\/www.europesays.com\/fr\/316121\/","title":{"rendered":"\u00ab\u00a0Ici il faut surtout montrer de la s\u00e9v\u00e9rit\u00e9\u00a0\u00bb\u00a0: brutal et hautain, qui \u00e9tait ce militaire pas tr\u00e8s dou\u00e9 pour se faire aimer des Bretons\u00a0?"},"content":{"rendered":"<p>Un mousquetaire appel\u00e9 D\u2019Artagnan, \u00e7a vous dit quelque chose ? Oui, \u00e0 tous les coups. Mais attention, il y a un pi\u00e8ge ! Le D\u2019Artagnan dont nous allons parler n\u2019est pas celui auquel vous pensez. Pierre de Montesquiou, comte d\u2018Artagnan (1640-1725), est le cousin du personnage historique qui inspira le livre d\u2019Alexandre Dumas. Alors, non, il n\u2019est pas n\u00e9 \u00e0 Rennes (il vient de Bayonne) mais n\u2019emp\u00eache : lors de son passage chez nous, il a suffisamment marqu\u00e9 les esprits pour m\u00e9riter sa place dans notre galerie de portraits. ll est temps de remettre un peu de lumi\u00e8re sur ce personnage controvers\u00e9, \u00e9clips\u00e9 par l\u2019ombre de son homonyme.<\/p>\n<p><a class=\"tlg-kiosque tlg-kiosque-rennes gtm-kiosque-rennes\" href=\"https:\/\/www.lemensuel.com\/rennes\" target=\"_blank\" rel=\"nofollow noopener\"><img decoding=\"async\" src=\"https:\/\/www.europesays.com\/fr\/wp-content\/uploads\/2025\/07\/MDR_une_complete.png\" alt=\"Couverture Mensuel Rennes\"\/><\/p>\n<p>Le Mensuel de Rennes<\/p>\n<p>Magazine curieux et (im)pertinent !<\/p>\n<p>D\u00e9couvrez<\/a><\/p>\n<p>En 1715, Louis XIV meurt. La France, qui sort de longues ann\u00e9es de guerre, est gravement endett\u00e9e. Et la Bretagne, jalouse de ses pr\u00e9rogatives, en a assez de mettre la main au portefeuille selon le bon plaisir du pouvoir royal. C\u2019est dans ce contexte qu\u2019arrive un nouveau gouverneur, le mar\u00e9chal de Montesquiou.<\/p>\n<p>La noblesse bretonne le prend rapidement en grippe<\/p>\n<p>Le moins qu\u2019on puisse dire, c\u2019est que ce militaire exp\u00e9riment\u00e9, mais brutal et hautain, n\u2019est pas tr\u00e8s dou\u00e9 pour se faire aimer des Bretons. La noblesse le prend rapidement en grippe. C\u2019est vrai qu\u2019il a tendance \u00e0 se comporter comme un policier en inspection dans une province qu\u2019il ne cherche gu\u00e8re \u00e0 comprendre. \u00ab Ici il faut surtout montrer de la s\u00e9v\u00e9rit\u00e9 \u00bb, r\u00e9sume-t-il dans ses lettres \u00e0 Paris. \u00ab Il faut \u00f4ter de l\u2019esprit de cette province qu\u2019ils ont des droits particuliers et qu\u2019ils sont ind\u00e9pendants. \u00bb Des fois que \u00e7a serait contagieux ?<\/p>\n<p>En 1717, lorsque les \u00c9tats de Bretagne refusent de voter aveugl\u00e9ment de nouveaux imp\u00f4ts d\u00e9cid\u00e9s par la R\u00e9gence, le Mar\u00e9chal furieux fait exiler les responsables les plus influents et d\u00e9clare les \u00c9tats dissous.<\/p>\n<p>Un bras-de-fer entre les Bretons et le gouverneur<\/p>\n<p>Les arrestations arbitraires se multiplient au parlement de Rennes. Les lourdes taxes voulues par le R\u00e9gent, Philippe d\u2018Orl\u00e9ans, m\u00e8nent une partie de la noblesse sur le chemin de l\u2019insurrection. Une tentative de soul\u00e8vement, \u00ab la conspiration de Pontcallec \u00bb, est rapidement mat\u00e9e par le mar\u00e9chal de Montesquiou qui fait d\u00e9capiter quatre de ses meneurs.<\/p>\n<p>Le bras-de-fer entre les Bretons et le gouverneur aux joues flasques prend parfois des allures assez ridicules. En 1718, une troupe d\u2018op\u00e9ra se produit \u00e0 Rennes sans autorisation du Parlement (pourtant obligatoire), sous pr\u00e9texte qu\u2019elle a ses entr\u00e9es \u00e0 la Cour. Les juges, soucieux de leur ind\u00e9pendance, font condamner le local o\u00f9 doit avoir lieu le spectacle. Le mar\u00e9chal de Montesquiou ne peut supporter cet affront fait au pouvoir royal et envoie vingt soldats pour ouvrir la porte. Voulant montrer qui est le boss, il fait proclamer par tambour dans toute la ville que la repr\u00e9sentation aura lieu, non mais.<\/p>\n<p>Finalement, les com\u00e9diens jouent, tandis que la noblesse les boycotte compl\u00e8tement.<\/p>\n<p>La rupture entre les Bretons et leur gouverneur est si consomm\u00e9e que certains commentateurs n\u2019h\u00e9siteront pas \u00e0 l\u2019accuser, sans preuves, d\u2018\u00eatre \u00e0 l\u2019origine du grand incendie de Rennes, en 1720. Bon, il n\u2019\u00e9tait d\u00e9j\u00e0 plus en poste\u2026. Mais cette vengeance \u00e0 grand spectacle lui aurait, assur\u00e9ment, gagn\u00e9 sa place dans un livre d\u2019Alexandre Dumas.<\/p>\n","protected":false},"excerpt":{"rendered":"Un mousquetaire appel\u00e9 D\u2019Artagnan, \u00e7a vous dit quelque chose ? Oui, \u00e0 tous les coups. Mais attention, il&hellip;\n","protected":false},"author":2,"featured_media":316122,"comment_status":"","ping_status":"","sticky":false,"template":"","format":"standard","meta":{"footnotes":""},"categories":[2821],"tags":[1111,11,829,1777,674,1011,27,848,12,584,25],"class_list":{"0":"post-316121","1":"post","2":"type-post","3":"status-publish","4":"format-standard","5":"has-post-thumbnail","7":"category-rennes","8":"tag-actu","9":"tag-actualites","10":"tag-bretagne","11":"tag-eu","12":"tag-europe","13":"tag-fr","14":"tag-france","15":"tag-ille-et-vilaine","16":"tag-news","17":"tag-rennes","18":"tag-republique-francaise"},"share_on_mastodon":{"url":"https:\/\/pubeurope.com\/@fr\/115021173699913734","error":""},"_links":{"self":[{"href":"https:\/\/www.europesays.com\/fr\/wp-json\/wp\/v2\/posts\/316121","targetHints":{"allow":["GET"]}}],"collection":[{"href":"https:\/\/www.europesays.com\/fr\/wp-json\/wp\/v2\/posts"}],"about":[{"href":"https:\/\/www.europesays.com\/fr\/wp-json\/wp\/v2\/types\/post"}],"author":[{"embeddable":true,"href":"https:\/\/www.europesays.com\/fr\/wp-json\/wp\/v2\/users\/2"}],"replies":[{"embeddable":true,"href":"https:\/\/www.europesays.com\/fr\/wp-json\/wp\/v2\/comments?post=316121"}],"version-history":[{"count":0,"href":"https:\/\/www.europesays.com\/fr\/wp-json\/wp\/v2\/posts\/316121\/revisions"}],"wp:featuredmedia":[{"embeddable":true,"href":"https:\/\/www.europesays.com\/fr\/wp-json\/wp\/v2\/media\/316122"}],"wp:attachment":[{"href":"https:\/\/www.europesays.com\/fr\/wp-json\/wp\/v2\/media?parent=316121"}],"wp:term":[{"taxonomy":"category","embeddable":true,"href":"https:\/\/www.europesays.com\/fr\/wp-json\/wp\/v2\/categories?post=316121"},{"taxonomy":"post_tag","embeddable":true,"href":"https:\/\/www.europesays.com\/fr\/wp-json\/wp\/v2\/tags?post=316121"}],"curies":[{"name":"wp","href":"https:\/\/api.w.org\/{rel}","templated":true}]}}