{"id":316123,"date":"2025-08-13T11:16:11","date_gmt":"2025-08-13T11:16:11","guid":{"rendered":"https:\/\/www.europesays.com\/fr\/316123\/"},"modified":"2025-08-13T11:16:11","modified_gmt":"2025-08-13T11:16:11","slug":"une-nouvelle-vague-de-chaleur-arrive-sur-la-bretagne-les-previsions","status":"publish","type":"post","link":"https:\/\/www.europesays.com\/fr\/316123\/","title":{"rendered":"une nouvelle vague de chaleur arrive sur la Bretagne, les pr\u00e9visions"},"content":{"rendered":"<p>            Par<br \/>\n        <strong><br \/>\n            <a href=\"https:\/\/actu.fr\/auteur\/laurene-fertin\" title=\"Consulter tous les articles de Laur\u00e8ne Fertin\" target=\"_blank\" rel=\"noopener\">Laur\u00e8ne Fertin<\/a><br \/>\n        <\/strong><\/p>\n<p>        Publi\u00e9 le<\/p>\n<p>            13 ao\u00fbt 2025 \u00e0 13h06        <\/p>\n<p>Alors que la moiti\u00e9 sud de la France suffoque en raison de <a href=\"https:\/\/actu.fr\/meteo\/les-40-c-seront-encore-atteints-un-episode-de-canicule-loin-d-etre-fini-jusqu-a-quand-va-t-on-suffoquer_63023188.html\" target=\"_blank\" rel=\"noopener\">la canicule<\/a>,<strong> la Bretagne ne sera pas en reste<\/strong> d\u2019ici la fin de la semaine.<\/p>\n<p class=\" wall-content\">Selon les derni\u00e8res pr\u00e9visions m\u00e9t\u00e9o livr\u00e9es par J\u00e9r\u00f4me Dr\u00e9ano, m\u00e9t\u00e9orologue \u00e0 <a href=\"https:\/\/www.meteo.bzh\/\" target=\"_blank\" rel=\"noopener\">M\u00e9t\u00e9o Bretagne<\/a>, <strong>une nouvelle vague de chaleur<\/strong> va arriver d\u00e8s ce vendredi 15 ao\u00fbt sur l\u2019ouest de l\u2019Hexagone.<\/p>\n<p>Des remont\u00e9es nuageuses mercredi<\/p>\n<p class=\" wall-content\">Pour rappel, le premier pic de chaleur est arriv\u00e9 lundi 11\u00a0ao\u00fbt sur la fa\u00e7ade ouest de l\u2019Hexagone, nous vous en parlions dans <a href=\"https:\/\/actu.fr\/bretagne\/rennes_35238\/jusqu-a-38-c-un-pic-de-chaleur-attendu-en-bretagne-voici-les-villes-ou-il-fera-le-plus-chaud_63014965.html\" target=\"_blank\" rel=\"noopener\">cet article<\/a>. <a href=\"https:\/\/actu.fr\/bretagne\/rennes_35238\/pic-de-chaleur-a-rennes-et-en-ille-et-vilaine-meteo-france-declenche-la-vigilance-canicule_63020678.html\" target=\"_blank\" rel=\"noopener\">Le d\u00e9partement d\u2019Ille-et-Vilaine \u00e9tait alors plac\u00e9 en vigilance jaune canicule<\/a>. <strong>Jusqu\u2019\u00e0 39\u00a0\u00b0C<\/strong> ont \u00e9t\u00e9 enregistr\u00e9s \u00e0 Saint-Philbert-de-Grand-Lieu (44), selon M\u00e9t\u00e9o Bretagne.<\/p>\n<p class=\" wall-content\">\n<p class=\" wall-content\">D\u00e8s ce mercredi 13 ao\u00fbt, selon le m\u00e9t\u00e9orologue, <strong>un front orageux<\/strong> traverse la France mais ce dernier devrait rester <strong>timide\u00a0en Bretagne.<\/strong> \u00ab\u2009Il y a un risque d\u2019orages, en effet, mais ce ne sera pas violent\u2009: il s\u2019agira plut\u00f4t de <strong>remont\u00e9es nuageuses\u2009\u00bb,<\/strong> temp\u00e8re le m\u00e9t\u00e9orologue, contact\u00e9 par la r\u00e9daction d\u2019<a href=\"https:\/\/actu.fr\/rennes\/\" target=\"_blank\" rel=\"noopener\">actu Rennes<\/a>.\u00a0<\/p>\n<p class=\" wall-content\"><strong>Quelques pr\u00e9cipitations<\/strong> sont attendues sur l\u2019est de la Bretagne, le Morbihan, l\u2019Ille-et-Vilaine<a href=\"https:\/\/actu.fr\/bretagne\/rennes_35238\/orages-a-rennes-et-en-ille-et-vilaine-meteo-france-place-le-departement-en-vigilance_63028440.html\" target=\"_blank\" rel=\"noopener\"> (plac\u00e9e en vigilance jaune orages)<\/a> et les C\u00f4tes-d\u2019Armor. \u00ab\u2009Le Finist\u00e8re semble \u00e9pargn\u00e9\u2009\u00bb, rel\u00e8ve J\u00e9r\u00f4me Dr\u00e9ano.<\/p>\n<p>Un pic de chaleur<\/p>\n<p class=\" wall-content\">D\u00e8s jeudi 14\u00a0avril, ce sera le retour <strong>d\u2019un<\/strong> <strong>temps sec.<\/strong> Vendredi 15\u00a0ao\u00fbt, les temp\u00e9ratures vont s\u00e9rieusement grimper et d\u00e9passer les 30\u00a0\u00b0C sur la r\u00e9gion.<\/p>\n<blockquote class=\"ac-article-quote wall-content\">\n<p>L&rsquo;est de la r\u00e9gion et \u00e9galement le sud vont subir les plus fortes chaleurs. Les maximales, vendredi 15 ao\u00fbt, se situeront \u00e0 34 \u00b0C \u00e0 Rennes et 33\u00b0C \u00e0 Vannes (35-36 \u00b0C \u00e0 Nantes).<\/p>\n<p>    <strong>J\u00e9r\u00f4me Dr\u00e9ano<\/strong><br \/>\n        M\u00e9t\u00e9orologue \u00e0 M\u00e9t\u00e9o Bretagne    <\/p><\/blockquote>\n<p class=\" wall-content\">\u00c0 l\u2019abri de la chaleur, <strong>la c\u00f4te de la Manche<\/strong> pourra profiter, gr\u00e2ce \u00e0 un vent de nord- nord\/est (40\u00a0km\/h pour les rafales), <strong>de temp\u00e9ratures plus temp\u00e9r\u00e9es<\/strong> notamment sur le nord des C\u00f4tes-d\u2019Armor.<\/p>\n<p>Attention aux incendies<\/p>\n<p>Ce week-end, en raison de la chaleur, des vents sensibles et de la faible humidit\u00e9, il faudra \u00eatre prudent aux risques d&rsquo;incendie, pr\u00e9vient J\u00e9r\u00f4me Dr\u00e9ano.<\/p>\n<p>Chaud tout le week-end<\/p>\n<p class=\" wall-content\">Les temp\u00e9ratures du samedi\u00a016 et dimanche 17\u00a0ao\u00fbt seront tout aussi \u00e9lev\u00e9es\u2009:<\/p>\n<blockquote class=\"ac-article-quote wall-content\">\n<p>Il va faire chaud, tr\u00e8s chaud tout le week-end. Samedi pourrait bien \u00eatre le pic : il faudra compter 35 \u00b0C sur la partie sud de l&rsquo;Ille-et-Vilaine ; dans le sud Morbihan 34 \u00b0C ; 35 \u00b0C \u00e0 Foug\u00e8res, Rennes ou encore Pontivy. Le sud des C\u00f4tes-d&rsquo;Armor sera \u00e9galement concern\u00e9.<\/p>\n<p>    <strong>J\u00e9r\u00f4me Dr\u00e9ano<\/strong><br \/>\n        M\u00e9t\u00e9orologue \u00e0 M\u00e9t\u00e9o Bretagne    <\/p><\/blockquote>\n<p class=\" wall-content\"><strong>Les temp\u00e9ratures<\/strong> seront toujours <strong>plus cl\u00e9mentes<\/strong> <strong>le long des c\u00f4tes de la Manche<\/strong> avec 25, 26\u00a0\u00b0C vers Paimpol, Saint-Brieuc et Dinard.<\/p>\n<p>Pas de canicule pour le moment<\/p>\n<p class=\" wall-content\">Comme le pr\u00e9cise J\u00e9r\u00f4me Dr\u00e9ano, <strong>on parle d\u2019une vague de chaleur et non d\u2019une canicule.<\/strong> Pour caract\u00e9riser cette derni\u00e8re, il faut que les temp\u00e9ratures minimales et maximales soient d\u00e9pass\u00e9es, et cela, durant trois jours.\u00a0<\/p>\n<p class=\" wall-content\"><strong>Les temp\u00e9ratures minimales<\/strong> seront de 19 \u00b0C dans le Finist\u00e8re, le Morbihan et l\u2019Ille-et-Vilaine ainsi que de 18 \u00b0C dans les C\u00f4te-d\u2019Armor. <strong>Pour les temp\u00e9ratures maximales<\/strong>, nous seront autour de 34 \u00b0C en Ille-et-Vilaine, 32 \u00b0C dans le Morbihan, le Finist\u00e8re, ainsi que 31 \u00b0C dans les C\u00f4tes-d\u2019Armor. \u00ab\u00a0Pour le moment, ces temp\u00e9ratures ne seront pas d\u00e9pass\u00e9es durant trois jours\u00a0\u00bb, <a href=\"https:\/\/www.meteo.bzh\/actualite\/nouvelle-vague-de-chaleur-a-partir-de-vendredi-sur-la-bretagne-2025-08-12\" target=\"_blank\" rel=\"noopener\">comme le rappelle le m\u00e9t\u00e9orologue<\/a>.<\/p>\n<p class=\" wall-content\">Par ailleurs, lundi 18 ao\u00fbt, la chaleur devra retomber, m\u00eame s\u2019il fera encore chaud. <strong>Des orages<\/strong> seront sans doute attendus d\u2019ici le d\u00e9but de semaine prochaine.<\/p>\n<p class=\" wall-content\">Suivez toute l\u2019actualit\u00e9 de vos villes et m\u00e9dias favoris en vous inscrivant \u00e0 <a href=\"https:\/\/moncompte.actu.fr\" title=\"D\u00e9couvez Mon Actu\" rel=\"nofollow noopener\" data-trk=\"{&quot;cta&quot;:{&quot;action&quot;:&quot;https:\\\/\\\/moncompte.actu.fr&quot;,&quot;category&quot;:&quot;mon compte&quot;,&quot;from&quot;:&quot;article footer&quot;,&quot;name&quot;:&quot;Mon actu&quot;,&quot;type&quot;:&quot;cta&quot;}}\" target=\"_blank\">Mon Actu<\/a>.<\/p>\n<ul class=\"ac-article-tag wall-content\">\n<li><a href=\"https:\/\/actu.fr\/tag\/meteo-france\" data-trk=\"{&quot;cta&quot;:{&quot;action&quot;:&quot;M\\u00e9t\\u00e9o France&quot;,&quot;category&quot;:&quot;tag&quot;,&quot;from&quot;:&quot;article footer&quot;,&quot;name&quot;:&quot;M\\u00e9t\\u00e9o France&quot;,&quot;type&quot;:&quot;cta&quot;}}\" target=\"_blank\" rel=\"noopener\">#M\u00e9t\u00e9o France<\/a><\/li>\n<li><a href=\"https:\/\/actu.fr\/tag\/vague-de-chaleur\" data-trk=\"{&quot;cta&quot;:{&quot;action&quot;:&quot;Vague de chaleur&quot;,&quot;category&quot;:&quot;tag&quot;,&quot;from&quot;:&quot;article footer&quot;,&quot;name&quot;:&quot;Vague de chaleur&quot;,&quot;type&quot;:&quot;cta&quot;}}\" target=\"_blank\" rel=\"noopener\">#Vague de chaleur<\/a><\/li>\n<\/ul>\n","protected":false},"excerpt":{"rendered":"Par Laur\u00e8ne Fertin Publi\u00e9 le 13 ao\u00fbt 2025 \u00e0 13h06 Alors que la moiti\u00e9 sud de la France&hellip;\n","protected":false},"author":2,"featured_media":316124,"comment_status":"","ping_status":"","sticky":false,"template":"","format":"standard","meta":{"footnotes":""},"categories":[2821],"tags":[1111,11,829,1777,674,1011,27,2487,2357,12,584,25,15637],"class_list":{"0":"post-316123","1":"post","2":"type-post","3":"status-publish","4":"format-standard","5":"has-post-thumbnail","7":"category-rennes","8":"tag-actu","9":"tag-actualites","10":"tag-bretagne","11":"tag-eu","12":"tag-europe","13":"tag-fr","14":"tag-france","15":"tag-meteo","16":"tag-meteo-france","17":"tag-news","18":"tag-rennes","19":"tag-republique-francaise","20":"tag-vague-de-chaleur"},"share_on_mastodon":{"url":"https:\/\/pubeurope.com\/@fr\/115021177958979276","error":""},"_links":{"self":[{"href":"https:\/\/www.europesays.com\/fr\/wp-json\/wp\/v2\/posts\/316123","targetHints":{"allow":["GET"]}}],"collection":[{"href":"https:\/\/www.europesays.com\/fr\/wp-json\/wp\/v2\/posts"}],"about":[{"href":"https:\/\/www.europesays.com\/fr\/wp-json\/wp\/v2\/types\/post"}],"author":[{"embeddable":true,"href":"https:\/\/www.europesays.com\/fr\/wp-json\/wp\/v2\/users\/2"}],"replies":[{"embeddable":true,"href":"https:\/\/www.europesays.com\/fr\/wp-json\/wp\/v2\/comments?post=316123"}],"version-history":[{"count":0,"href":"https:\/\/www.europesays.com\/fr\/wp-json\/wp\/v2\/posts\/316123\/revisions"}],"wp:featuredmedia":[{"embeddable":true,"href":"https:\/\/www.europesays.com\/fr\/wp-json\/wp\/v2\/media\/316124"}],"wp:attachment":[{"href":"https:\/\/www.europesays.com\/fr\/wp-json\/wp\/v2\/media?parent=316123"}],"wp:term":[{"taxonomy":"category","embeddable":true,"href":"https:\/\/www.europesays.com\/fr\/wp-json\/wp\/v2\/categories?post=316123"},{"taxonomy":"post_tag","embeddable":true,"href":"https:\/\/www.europesays.com\/fr\/wp-json\/wp\/v2\/tags?post=316123"}],"curies":[{"name":"wp","href":"https:\/\/api.w.org\/{rel}","templated":true}]}}