{"id":316125,"date":"2025-08-13T11:17:28","date_gmt":"2025-08-13T11:17:28","guid":{"rendered":"https:\/\/www.europesays.com\/fr\/316125\/"},"modified":"2025-08-13T11:17:28","modified_gmt":"2025-08-13T11:17:28","slug":"comment-la-place-kleber-change-de-visage-en-2025","status":"publish","type":"post","link":"https:\/\/www.europesays.com\/fr\/316125\/","title":{"rendered":"comment la place Kl\u00e9ber change de visage en 2025"},"content":{"rendered":"<p>  Habitat, Tandem, studio photo\u00a0Srebnicki\u00a0: trois (grands) locaux vides<\/p>\n<p>\u00ab\u00a0Locaux disponibles. \u00c0 louer\u00a0\u00bb, peut-on lire sur plusieurs cellules situ\u00e9es sur ou \u00e0 proximit\u00e9 de la place Kl\u00e9ber. Et on ne peut pas dire qu\u2019il s\u2019agisse de petites surfaces. Vide depuis maintenant un an et demi, le num\u00e9ro\u00a04 de la place peine \u00e0 retrouver preneur <a href=\"https:\/\/www.dna.fr\/economie\/2024\/01\/09\/habitat-en-faillite-chronique-d-une-histoire-tourmentee-au-centre-ville#:~:text=Le%20magasin%20Habitat%2C%20un%20des,%C3%A9t%C3%A9%20plac%C3%A9e%20en%20liquidation%20judiciaire.\" target=\"_blank\" rel=\"nofollow noopener\">depuis le d\u00e9part du magasin de mobilier et de d\u00e9coration Habitat<\/a>. <a href=\"https:\/\/www.dna.fr\/economie\/2021\/05\/07\/habitat-s-installe-sur-la-place-kleber\" target=\"_blank\" rel=\"nofollow noopener\">L\u2019enseigne avait remplac\u00e9 la Halle aux Chaussures en 2021<\/a> sur deux \u00e9tages du b\u00e2timent.<\/p>\n<p>Plus r\u00e9cemment, le magasin de pr\u00eat-\u00e0-porter Tandem, install\u00e9 au num\u00e9ro\u00a03 de la tr\u00e8s passante place Kl\u00e9ber a discr\u00e8tement ferm\u00e9 ses portes apr\u00e8s plus de dix ans. La cellule est \u00e9galement disponible \u00e0 la location.<\/p>\n<p>Enfin <a href=\"https:\/\/www.dna.fr\/culture\/2012\/07\/31\/retrouver-la-magie-du-portrait\" target=\"_blank\" rel=\"nofollow noopener\">l\u2019historique studio photo d\u2019art,<\/a> situ\u00e9 \u00e0 l\u2019angle entre le passage de la Pomme de Pin et la rue des Grandes-Arcades a ferm\u00e9 d\u00e9finitivement \u00ab\u00a0pour cause de retraite\u00a0\u00bb, indique une petite affiche. Cela faisait trois g\u00e9n\u00e9rations et plus de 100 ans que ce studio \u00e9tait tenu par la famille Srebnicki.<\/p>\n<p>Pour le moment, personne ne semble avoir l\u2019envie (ou plut\u00f4t les moyens) de s\u2019installer dans un de ces trois locaux.<\/p>\n<p>\u00c0 partir de janvier\u00a02026, <a href=\"https:\/\/www.dna.fr\/culture-loisirs\/2025\/06\/18\/la-librairie-kleber-fermera-pendant-10-mois-pour-travaux-en-2026\" target=\"_blank\" rel=\"nofollow noopener\">la future r\u00e9novation de la librairie Kl\u00e9ber doit entra\u00eener dix mois de travaux<\/a> qui laisseront \u00e9galement un gros vide sur la place.<\/p>\n<ul class=\"galerieContent carousel-wrapper__slides\" id=\"d1d2ef47-773f-4268-ab12-cee4868969bb\">        &#13;<\/p>\n<li class=\"carousel-wrapper__slides--slide item\" id=\"slide-1\">&#13;<br \/>\n                                    &#13;<br \/>\n                        <a class=\"chocolat-image GA-tracking\" data-ga_type=\"click\" data-ga_category=\"D\u00e9tail\" data-ga_action=\"zoomer\" data-ga_label=\"aggrandir image\" href=\"https:\/\/cdn-s-www.dna.fr\/images\/76ca348e-bef6-4a5d-a173-961ff77bb93c\/NW_raw\/l-historique-studio-photo-d-art-situe-a-l-angle-entre-le-passage-de-la-pomme-de-pin-et-la-rue-grandes-arcades-a-ferme-definitivement-pour-cause-de-retraite-photo-alizee-chebboub-courtin-1755079488.jpg\" title=\"L\u2019historique studio Photo d\u2019art, situ\u00e9 \u00e0 l\u2019angle entre le passage de la Pomme de Pin et la rue Grandes Arcades a ferm\u00e9 d\u00e9finitivement \u00ab\u00a0pour cause de retraite\u00a0\u00bb. \u00a0 Photo Aliz\u00e9e Chebboub-Courtin\" rel=\"nofollow noopener\" target=\"_blank\">&#13;<br \/>\n                            <img decoding=\"async\" src=\"https:\/\/www.europesays.com\/fr\/wp-content\/uploads\/2025\/08\/l-historique-studio-photo-d-art-situe-a-l-angle-entre-le-passage-de-la-pomme-de-pin-et-la-rue-grande.jpeg\"   alt=\"L\u2019historique studio Photo d\u2019art, situ\u00e9 \u00e0 l\u2019angle entre le passage de la Pomme de Pin et la rue Grandes Arcades a ferm\u00e9 d\u00e9finitivement \u00ab\u00a0pour cause de retraite\u00a0\u00bb. \u00a0 Photo Aliz\u00e9e Chebboub-Courtin\" fetchpriority=\"high\" data-mobile=\"NW_listA_M|1755079488\" data-base=\"NW_listA|1755079488\"\/>&#13;<br \/>\n                        <\/a>&#13;<\/p>\n<p> L\u2019historique studio Photo d\u2019art, situ\u00e9 \u00e0 l\u2019angle entre le passage de la Pomme de Pin et la rue Grandes Arcades a ferm\u00e9 d\u00e9finitivement \u00ab\u00a0pour cause de retraite\u00a0\u00bb. \u00a0 Photo Aliz\u00e9e Chebboub-Courtin <\/p>\n<p>                        &#13;<br \/>\n                                           &#13;\n                <\/li>\n<p>&#13;<br \/>\n            &#13;<\/p>\n<li class=\"carousel-wrapper__slides--slide item slideWithPub\" id=\"slide-2\">&#13;<br \/>\n                        &#13;<br \/>\n                            <a class=\"chocolat-image\" title=\"Publicit\u00e9\" href=\"data:image\/gif;base64,R0lGODlhAQABAAD\/ACwAAAAAAQABAAACADs=\">&#13;<br \/>\n                                <img decoding=\"async\" src=\"data:image\/gif;base64,R0lGODlhAQABAAD\/ACwAAAAAAQABAAACADs=\" alt=\"Publicit\u00e9\" loading=\"lazy\" fetchpriority=\"low\"\/>&#13;<br \/>\n                            <\/a>&#13;<br \/>\n                        &#13;\n                    <\/li>\n<p>&#13;<\/p>\n<li class=\"carousel-wrapper__slides--slide item\" id=\"slide-3\">&#13;<br \/>\n                                    &#13;<br \/>\n                        <a class=\"chocolat-image GA-tracking\" data-ga_type=\"click\" data-ga_category=\"D\u00e9tail\" data-ga_action=\"zoomer\" data-ga_label=\"aggrandir image\" href=\"https:\/\/cdn-s-www.dna.fr\/images\/3015378d-266c-464c-bfff-fd26e6e58f31\/NW_raw\/plus-recemment-le-magasin-de-pret-a-porter-tandem-installe-au-numero-3-de-la-tres-passante-place-kleber-a-discretement-ferme-ses-portes-photo-alizee-chebboub-courtin-1755079488.jpg\" title=\"Plus r\u00e9cemment, le magasin de pr\u00eat-\u00e0-porter Tandem, install\u00e9 au num\u00e9ro\u00a03 de la tr\u00e8s passante place Kl\u00e9ber a discr\u00e8tement ferm\u00e9 ses portes. \u00a0 Photo Aliz\u00e9e Chebboub-Courtin\" rel=\"nofollow noopener\" target=\"_blank\">&#13;<br \/>\n                            <img decoding=\"async\" src=\"https:\/\/www.europesays.com\/fr\/wp-content\/uploads\/2025\/08\/plus-recemment-le-magasin-de-pret-a-porter-tandem-installe-au-numero-3-de-la-tres-passante-place-kle.jpeg\"   alt=\"Plus r\u00e9cemment, le magasin de pr\u00eat-\u00e0-porter Tandem, install\u00e9 au num\u00e9ro\u00a03 de la tr\u00e8s passante place Kl\u00e9ber a discr\u00e8tement ferm\u00e9 ses portes. \u00a0 Photo Aliz\u00e9e Chebboub-Courtin\" loading=\"lazy\" fetchpriority=\"low\" data-mobile=\"NW_listA_M|1755079488\" data-base=\"NW_listA|1755079488\"\/>&#13;<br \/>\n                        <\/a>&#13;<\/p>\n<p> Plus r\u00e9cemment, le magasin de pr\u00eat-\u00e0-porter Tandem, install\u00e9 au num\u00e9ro\u00a03 de la tr\u00e8s passante place Kl\u00e9ber a discr\u00e8tement ferm\u00e9 ses portes. \u00a0 Photo Aliz\u00e9e Chebboub-Courtin <\/p>\n<p>                        &#13;<br \/>\n                                           &#13;\n                <\/li>\n<p>&#13;<br \/>\n            &#13;<\/p>\n<li class=\"carousel-wrapper__slides--slide item\" id=\"slide-4\">&#13;<br \/>\n                                    &#13;<br \/>\n                        <a class=\"chocolat-image GA-tracking\" data-ga_type=\"click\" data-ga_category=\"D\u00e9tail\" data-ga_action=\"zoomer\" data-ga_label=\"aggrandir image\" href=\"https:\/\/cdn-s-www.dna.fr\/images\/d27b9180-0cd8-4ad4-aae8-6f17420d8965\/NW_raw\/vide-depuis-maintenant-un-an-et-demi-le-numero-4-de-la-place-peine-a-retrouver-preneur-depuis-le-depart-du-magasin-de-mobilier-et-de-decoration-habitat-photo-alizee-chebboub-courtin-1755079488.jpg\" title=\"Vide depuis maintenant un an et demi, le num\u00e9ro\u00a04 de la place peine \u00e0 retrouver preneur depuis le d\u00e9part du magasin de mobilier et de d\u00e9coration Habitat. \u00a0 Photo Aliz\u00e9e Chebboub-Courtin\" rel=\"nofollow noopener\" target=\"_blank\">&#13;<br \/>\n                            <img decoding=\"async\" src=\"https:\/\/www.europesays.com\/fr\/wp-content\/uploads\/2025\/08\/vide-depuis-maintenant-un-an-et-demi-le-numero-4-de-la-place-peine-a-retrouver-preneur-depuis-le-dep.jpeg\"   alt=\"Vide depuis maintenant un an et demi, le num\u00e9ro\u00a04 de la place peine \u00e0 retrouver preneur depuis le d\u00e9part du magasin de mobilier et de d\u00e9coration Habitat. \u00a0 Photo Aliz\u00e9e Chebboub-Courtin\" loading=\"lazy\" fetchpriority=\"low\" data-mobile=\"NW_listA_M|1755079488\" data-base=\"NW_listA|1755079488\"\/>&#13;<br \/>\n                        <\/a>&#13;<\/p>\n<p> Vide depuis maintenant un an et demi, le num\u00e9ro\u00a04 de la place peine \u00e0 retrouver preneur depuis le d\u00e9part du magasin de mobilier et de d\u00e9coration Habitat. \u00a0 Photo Aliz\u00e9e Chebboub-Courtin <\/p>\n<p>                        &#13;<br \/>\n                                           &#13;\n                <\/li>\n<p>&#13;<br \/>\n            &#13;\n                <\/ul>\n<p>  Paradis du fruit et ex Kohler-Rehm\u00a0: les grandes terrasses \u00e0 l\u2019assaut de la place<\/p>\n<p>Pas moins de deux terrasses ont pouss\u00e9 sur la place \u00e0 l\u2019approche des beaux jours de ce printemps. <a href=\"https:\/\/www.dna.fr\/economie\/2025\/05\/05\/place-kleber-le-restaurant-le-paradis-du-fruit-a-ouvert#PlugCommentsList2\" target=\"_blank\" rel=\"nofollow noopener\">La franchise du Paradis du fruit<\/a> a ouvert ses portes, entre la librairie ind\u00e9pendante le Camphrier et l\u2019enseigne Undiz, sur pas moins de 600 m2. <a href=\"https:\/\/www.dna.fr\/economie\/2025\/02\/12\/l-enseigne-gourmande-et-multivitaminee-le-paradis-du-fruit-s-installe-place-kleber\" target=\"_blank\" rel=\"nofollow noopener\">Compter 180 couverts en int\u00e9rieur et une cinquantaine sur une terrasse aux parasols rose p\u00eache<\/a>. Cette cha\u00eene de restauration propose des salades, des fondues de fruits ou encore des toasts vitamin\u00e9s en continu, sept jours sur sept.<\/p>\n<p>De l\u2019autre c\u00f4t\u00e9 de la place, <a href=\"https:\/\/www.dna.fr\/economie\/2025\/06\/23\/l-ex-brasserie-kohler-rehm-installe-une-terrasse-tout-l-ete-avant-la-reouverture-en-fin-d-annee\" target=\"_blank\" rel=\"nofollow noopener\"> la terrasse de l\u2019ancienne brasserie Kohler-Rehm a (enfin) repris du service.<\/a> Apr\u00e8s cinq ans d\u2019absence, il est de nouveau possible de siroter une limo ou une bi\u00e8re sur cette terrasse historique qui avait drastiquement \u00e9t\u00e9 r\u00e9duite en 2016 en raison du dispositif post-attentat, avant d\u2019\u00eatre compl\u00e8tement ferm\u00e9e en 2020. L\u2019installation \u00e9ph\u00e9m\u00e8re de cet \u00e9t\u00e9 se veut \u00eatre <a href=\"https:\/\/www.dna.fr\/economie\/2025\/03\/21\/le-projet-de-reprise-de-la-brasserie-kohler-rehm-avance\" target=\"_blank\" rel=\"nofollow noopener\">un avant-go\u00fbt du nouvel \u00e9tablissement, provisoirement nomm\u00e9 Caf\u00e9 Kl\u00e9ber,<\/a> qui doit ouvrir d\u2019ici la fin d\u2019ann\u00e9e. Un m\u00e9lange de brasserie, salon de th\u00e9 et d\u2019espaces de coworking qui s\u2019\u00e9tendront au rez-de-chauss\u00e9e (350 m2 ) et au premier \u00e9tage (450 m2 ) de l\u2019ancienne institution.<\/p>\n<ul class=\"galerieContent carousel-wrapper__slides\" id=\"2c094c30-62cf-4267-97fb-a4d8fb9aa943\">        &#13;<\/p>\n<li class=\"carousel-wrapper__slides--slide item\" id=\"slide-1\">&#13;<br \/>\n                                    &#13;<br \/>\n                        <a class=\"chocolat-image GA-tracking\" data-ga_type=\"click\" data-ga_category=\"D\u00e9tail\" data-ga_action=\"zoomer\" data-ga_label=\"aggrandir image\" href=\"https:\/\/cdn-s-www.dna.fr\/images\/78cb094a-3eef-4d8e-b142-19ecdf1cdab7\/NW_raw\/paradis-du-fruit-et-ex-kohler-rehm-les-grandes-terrasses-a-l-assaut-de-la-place-photo-alizee-chebboub-courtin-1755079488.jpg\" title=\"Paradis du fruit et ex Kohler-Rehm\u00a0: les grandes terrasses \u00e0 l\u2019assaut de la place \u00a0 Photo Aliz\u00e9e Chebboub-Courtin\" rel=\"nofollow noopener\" target=\"_blank\">&#13;<br \/>\n                            <img decoding=\"async\" src=\"https:\/\/www.europesays.com\/fr\/wp-content\/uploads\/2025\/08\/paradis-du-fruit-et-ex-kohler-rehm-les-grandes-terrasses-a-l-assaut-de-la-place-photo-alizee-chebbou.jpeg\"   alt=\"Paradis du fruit et ex Kohler-Rehm\u00a0: les grandes terrasses \u00e0 l\u2019assaut de la place \u00a0 Photo Aliz\u00e9e Chebboub-Courtin\" fetchpriority=\"high\" data-mobile=\"NW_listA_M|1755079488\" data-base=\"NW_listA|1755079488\"\/>&#13;<br \/>\n                        <\/a>&#13;<\/p>\n<p> Paradis du fruit et ex Kohler-Rehm\u00a0: les grandes terrasses \u00e0 l\u2019assaut de la place \u00a0 Photo Aliz\u00e9e Chebboub-Courtin <\/p>\n<p>                        &#13;<br \/>\n                                           &#13;\n                <\/li>\n<p>&#13;<br \/>\n            &#13;<\/p>\n<li class=\"carousel-wrapper__slides--slide item slideWithPub\" id=\"slide-2\">&#13;<br \/>\n                        &#13;<br \/>\n                            <a class=\"chocolat-image\" title=\"Publicit\u00e9\" href=\"data:image\/gif;base64,R0lGODlhAQABAAD\/ACwAAAAAAQABAAACADs=\">&#13;<br \/>\n                                <img decoding=\"async\" src=\"data:image\/gif;base64,R0lGODlhAQABAAD\/ACwAAAAAAQABAAACADs=\" alt=\"Publicit\u00e9\" loading=\"lazy\" fetchpriority=\"low\"\/>&#13;<br \/>\n                            <\/a>&#13;<br \/>\n                        &#13;\n                    <\/li>\n<p>&#13;<\/p>\n<li class=\"carousel-wrapper__slides--slide item\" id=\"slide-3\">&#13;<br \/>\n                                    &#13;<br \/>\n                        <a class=\"chocolat-image GA-tracking\" data-ga_type=\"click\" data-ga_category=\"D\u00e9tail\" data-ga_action=\"zoomer\" data-ga_label=\"aggrandir image\" href=\"https:\/\/cdn-s-www.dna.fr\/images\/09663ad2-d490-47bd-9f7e-9442ec20d787\/NW_raw\/paradis-du-fruit-et-ex-kohler-rehm-les-grandes-terrasses-a-l-assaut-de-la-place-photo-alizee-chebboub-courtin-1755079488.jpg\" title=\"Paradis du fruit et ex Kohler-Rehm\u00a0: les grandes terrasses \u00e0 l\u2019assaut de la place \u00a0 Photo Aliz\u00e9e Chebboub-Courtin\" rel=\"nofollow noopener\" target=\"_blank\">&#13;<br \/>\n                            <img decoding=\"async\" src=\"https:\/\/www.europesays.com\/fr\/wp-content\/uploads\/2025\/08\/1755083843_6_paradis-du-fruit-et-ex-kohler-rehm-les-grandes-terrasses-a-l-assaut-de-la-place-photo-alizee-chebbou.jpeg\"   alt=\"Paradis du fruit et ex Kohler-Rehm\u00a0: les grandes terrasses \u00e0 l\u2019assaut de la place \u00a0 Photo Aliz\u00e9e Chebboub-Courtin\" loading=\"lazy\" fetchpriority=\"low\" data-mobile=\"NW_listA_M|1755079488\" data-base=\"NW_listA|1755079488\"\/>&#13;<br \/>\n                        <\/a>&#13;<\/p>\n<p> Paradis du fruit et ex Kohler-Rehm\u00a0: les grandes terrasses \u00e0 l\u2019assaut de la place \u00a0 Photo Aliz\u00e9e Chebboub-Courtin <\/p>\n<p>                        &#13;<br \/>\n                                           &#13;\n                <\/li>\n<p>&#13;<br \/>\n            &#13;\n                <\/ul>\n<p>  Cinnamood\u00a0: le nouveau caf\u00e9 p\u00e2tisserie ouvrira bient\u00f4t ses portes<\/p>\n<p>Le cinnamon roll (ou Schn\u00e4ggekueche pour les puristes alsaciens) aura bient\u00f4t une boutique d\u00e9di\u00e9e sur la place. La marque internationale Cinnamood, d\u00e9j\u00e0 implant\u00e9e \u00e0 Amsterdam, Berne, Lisbonne ou encore Marbella, a d\u00e9cid\u00e9 d\u2019ouvrir sa premi\u00e8re boutique fran\u00e7aise dans notre capitale alsacienne. Vous pourrez y retrouver le classique roul\u00e9 \u00e0 la cannelle, mais aussi tout un tas de d\u00e9clinaisons color\u00e9es et recouvertes de fruits, caramel, matcha, yuzu ou p\u00e2te \u00e0 cookies. Des boissons latte seront aussi \u00e0 la carte. De quoi concurrencer le proche Starbucks\u00a0? En tout cas, on vous conseille de surveiller votre diab\u00e8te.<\/p>\n<p>    &#13;<br \/>\n    &#13;<br \/>\n    &#13;<br \/>\n    <a href=\"https:\/\/cdn-s-www.dna.fr\/images\/56926595-c55f-4d62-8864-afb3f68b2e58\/NW_raw\/la-marque-internationale-cinnamood-deja-implantee-a-amsterdam-berne-lisbonne-ou-encore-marbella-a-decide-d-ouvrir-sa-premiere-boutique-francaise-dans-notre-capitale-alsacienne-photo-alizee-chebboub-courtin-1755079488.jpg\" title=\"La marque internationale Cinnamood, d\u00e9j\u00e0 implant\u00e9e \u00e0 Amsterdam, Berne, Lisbonne ou encore Marbella, a d\u00e9cid\u00e9 d\u2019ouvrir sa premi\u00e8re boutique fran\u00e7aise dans notre capitale alsacienne. \u00a0 Photo Aliz\u00e9e Chebboub-Courtin\" class=\"chocolat-image GA-tracking\" data-ga_type=\"click\" data-ga_category=\"D\u00e9tail\" data-ga_action=\"zoomer\" data-ga_label=\"aggrandir image\" rel=\"nofollow noopener\" target=\"_blank\">&#13;<br \/>\n        <img src=\"https:\/\/www.europesays.com\/fr\/wp-content\/uploads\/2025\/08\/la-marque-internationale-cinnamood-deja-implantee-a-amsterdam-berne-lisbonne-ou-encore-marbella-a-de.jpeg\"   alt=\"La marque internationale Cinnamood, d\u00e9j\u00e0 implant\u00e9e \u00e0 Amsterdam, Berne, Lisbonne ou encore Marbella, a d\u00e9cid\u00e9 d\u2019ouvrir sa premi\u00e8re boutique fran\u00e7aise dans notre capitale alsacienne. \u00a0 Photo Aliz\u00e9e Chebboub-Courtin\" fetchpriority=\"high\" decoding=\"async\" data-mobile=\"NW_listA_M|1755079488\" data-base=\"NW_listA|1755079488\"\/>&#13;<br \/>\n    <\/a>&#13;<\/p>\n<p> La marque internationale Cinnamood, d\u00e9j\u00e0 implant\u00e9e \u00e0 Amsterdam, Berne, Lisbonne ou encore Marbella, a d\u00e9cid\u00e9 d\u2019ouvrir sa premi\u00e8re boutique fran\u00e7aise dans notre capitale alsacienne. \u00a0 Photo Aliz\u00e9e Chebboub-Courtin <\/p>\n<p>  O\u2019Tacos \u00e0 la place de Brioche Dor\u00e9e<\/p>\n<p>Spot classique pour la pause de midi ou le go\u00fbter des \u00e9l\u00e8ves et des salari\u00e9s des alentours depuis plus de 20 ans, la Brioche Dor\u00e9e \u00e0 l\u2019angle de la place a ferm\u00e9 ses portes fin juillet. Les enseignes ont d\u00e9j\u00e0 toutes \u00e9t\u00e9 retir\u00e9es et des travaux de r\u00e9am\u00e9nagement ont d\u00e9but\u00e9. Ce local ne rejoindra donc pas la liste des cellules vacantes puisqu\u2019un O\u2019Tacos, enseigne de fast-food d\u00e9j\u00e0 pr\u00e9sente dans la ville, devrait y ouvrir ses portes. De quoi faire ronchonner ceux qui d\u00e9noncent une invasion de grosses cha\u00eenes de restauration rapide avec dans la m\u00eame rue la pr\u00e9sence d\u2019un Mc Do, du nouveau Tortilla, de Berliner, de Five Guys et de Waffle Factory.<\/p>\n<ul class=\"galerieContent carousel-wrapper__slides\" id=\"88bc6fa2-3bdf-4716-a3d9-5650457e5d58\">        &#13;<\/p>\n<li class=\"carousel-wrapper__slides--slide item\" id=\"slide-1\">&#13;<br \/>\n                                    &#13;<br \/>\n                        <a class=\"chocolat-image GA-tracking\" data-ga_type=\"click\" data-ga_category=\"D\u00e9tail\" data-ga_action=\"zoomer\" data-ga_label=\"aggrandir image\" href=\"https:\/\/cdn-s-www.dna.fr\/images\/c57d1f6a-70ea-4b58-926b-29979edc4fa3\/NW_raw\/a-peine-brioche-doree-fermee-les-travaux-ont-deja-commence-photo-alizee-chebboub-courtin-1755079488.jpg\" title=\"\u00c0 peine Brioche Dor\u00e9e ferm\u00e9e, les travaux ont d\u00e9j\u00e0 commenc\u00e9. \u00a0 Photo Aliz\u00e9e Chebboub-Courtin\" rel=\"nofollow noopener\" target=\"_blank\">&#13;<br \/>\n                            <img decoding=\"async\" src=\"https:\/\/www.europesays.com\/fr\/wp-content\/uploads\/2025\/08\/a-peine-brioche-doree-fermee-les-travaux-ont-deja-commence-photo-alizee-chebboub-courtin-1755079488..jpeg\"   alt=\"\u00c0 peine Brioche Dor\u00e9e ferm\u00e9e, les travaux ont d\u00e9j\u00e0 commenc\u00e9. \u00a0 Photo Aliz\u00e9e Chebboub-Courtin\" fetchpriority=\"high\" data-mobile=\"NW_listA_M|1755079488\" data-base=\"NW_listA|1755079488\"\/>&#13;<br \/>\n                        <\/a>&#13;<\/p>\n<p> \u00c0 peine Brioche Dor\u00e9e ferm\u00e9e, les travaux ont d\u00e9j\u00e0 commenc\u00e9. \u00a0 Photo Aliz\u00e9e Chebboub-Courtin <\/p>\n<p>                        &#13;<br \/>\n                                           &#13;\n                <\/li>\n<p>&#13;<br \/>\n            &#13;<\/p>\n<li class=\"carousel-wrapper__slides--slide item slideWithPub\" id=\"slide-2\">&#13;<br \/>\n                        &#13;<br \/>\n                            <a class=\"chocolat-image\" title=\"Publicit\u00e9\" href=\"data:image\/gif;base64,R0lGODlhAQABAAD\/ACwAAAAAAQABAAACADs=\">&#13;<br \/>\n                                <img decoding=\"async\" src=\"data:image\/gif;base64,R0lGODlhAQABAAD\/ACwAAAAAAQABAAACADs=\" alt=\"Publicit\u00e9\" loading=\"lazy\" fetchpriority=\"low\"\/>&#13;<br \/>\n                            <\/a>&#13;<br \/>\n                        &#13;\n                    <\/li>\n<p>&#13;<\/p>\n<li class=\"carousel-wrapper__slides--slide item\" id=\"slide-3\">&#13;<br \/>\n                                    &#13;<br \/>\n                        <a class=\"chocolat-image GA-tracking\" data-ga_type=\"click\" data-ga_category=\"D\u00e9tail\" data-ga_action=\"zoomer\" data-ga_label=\"aggrandir image\" href=\"https:\/\/cdn-s-www.dna.fr\/images\/3b761690-827c-4e33-85c9-3d693aa1d67b\/NW_raw\/c-est-un-o-tacos-qui-ouvrira-prochainement-a-la-place-de-brioche-doree-photo-alizee-chebboub-courtin-1755079488.jpg\" title=\"C\u2019est un O\u2019Tacos qui ouvrira prochainement \u00e0 la place de Brioche Dor\u00e9e. Photo Aliz\u00e9e Chebboub-Courtin\" rel=\"nofollow noopener\" target=\"_blank\">&#13;<br \/>\n                            <img decoding=\"async\" src=\"https:\/\/www.europesays.com\/fr\/wp-content\/uploads\/2025\/08\/c-est-un-o-tacos-qui-ouvrira-prochainement-a-la-place-de-brioche-doree-photo-alizee-chebboub-courtin.jpeg\"   alt=\"C\u2019est un O\u2019Tacos qui ouvrira prochainement \u00e0 la place de Brioche Dor\u00e9e. Photo Aliz\u00e9e Chebboub-Courtin\" loading=\"lazy\" fetchpriority=\"low\" data-mobile=\"NW_listA_M|1755079488\" data-base=\"NW_listA|1755079488\"\/>&#13;<br \/>\n                        <\/a>&#13;<\/p>\n<p> C\u2019est un O\u2019Tacos qui ouvrira prochainement \u00e0 la place de Brioche Dor\u00e9e. Photo Aliz\u00e9e Chebboub-Courtin <\/p>\n<p>                        &#13;<br \/>\n                                           &#13;\n                <\/li>\n<p>&#13;<br \/>\n            &#13;\n                <\/ul>\n<p>  Naf Naf ferm\u00e9 depuis le 7\u00a0ao\u00fbt<\/p>\n<p>Apr\u00e8s avoir \u00e9t\u00e9 mis en redressement judiciaire en mai (la troisi\u00e8me fois en cinq ans), Naf Naf a officiellement \u00e9t\u00e9 repris par le groupe Beaumanoir selon une d\u00e9cision du tribunal de commerce ce jeudi 7\u00a0ao\u00fbt. Malheureusement, seules douze boutiques sur les 102 existantes resteront ouvertes. Ce n\u2019est pas le cas du magasin strasbourgeois qui a ferm\u00e9 ses portes dans la foul\u00e9e. Sur les portes du 25, rue des Grandes-Arcades, il ne reste qu\u2019un petit message d\u2019au revoir sign\u00e9 par \u00ab\u00a0l\u2019\u00e9quipe Naf Naf\u00a0\u00bb. \u00ab\u00a0Aujourd\u2019hui, une page se tourne. Mais votre pr\u00e9sence dans notre histoire restera inoubliable\u00a0\u00bb, peut-on y lire. Reste \u00e0 savoir si le local trouvera rapidement un repreneur.<\/p>\n<p>    &#13;<br \/>\n    &#13;<br \/>\n    &#13;<br \/>\n    <a href=\"https:\/\/cdn-s-www.dna.fr\/images\/105daf5a-445b-4ef2-80c3-1953dc5719d1\/NW_raw\/apres-avoir-ete-mis-en-redressement-judiciaire-en-mais-naf-naf-a-officiellement-ete-repris-par-le-groupe-beaumanoir-des-dizaines-de-magasins-doivent-tout-de-meme-mettre-la-cle-sous-la-porte-photo-alizee-chebboub-courtin-1755079488.jpg\" title=\"Apr\u00e8s avoir \u00e9t\u00e9 mis en redressement judiciaire en mais, Naf Naf a officiellement \u00e9t\u00e9 repris par le groupe Beaumanoir. Des dizaines de magasins doivent tout de m\u00eame mettre la cl\u00e9 sous la porte. Photo\u00a0Aliz\u00e9e Chebboub-Courtin\" class=\"chocolat-image GA-tracking\" data-ga_type=\"click\" data-ga_category=\"D\u00e9tail\" data-ga_action=\"zoomer\" data-ga_label=\"aggrandir image\" rel=\"nofollow noopener\" target=\"_blank\">&#13;<br \/>\n        <img src=\"https:\/\/www.europesays.com\/fr\/wp-content\/uploads\/2025\/08\/apres-avoir-ete-mis-en-redressement-judiciaire-en-mais-naf-naf-a-officiellement-ete-repris-par-le-gr.jpeg\"   alt=\"Apr\u00e8s avoir \u00e9t\u00e9 mis en redressement judiciaire en mais, Naf Naf a officiellement \u00e9t\u00e9 repris par le groupe Beaumanoir. Des dizaines de magasins doivent tout de m\u00eame mettre la cl\u00e9 sous la porte. Photo\u00a0Aliz\u00e9e Chebboub-Courtin\" fetchpriority=\"high\" decoding=\"async\" data-mobile=\"NW_listA_M|1755079488\" data-base=\"NW_listA|1755079488\"\/>&#13;<br \/>\n    <\/a>&#13;<\/p>\n<p> Apr\u00e8s avoir \u00e9t\u00e9 mis en redressement judiciaire en mais, Naf Naf a officiellement \u00e9t\u00e9 repris par le groupe Beaumanoir. Des dizaines de magasins doivent tout de m\u00eame mettre la cl\u00e9 sous la porte. Photo\u00a0Aliz\u00e9e Chebboub-Courtin <\/p>\n<p>  Pr\u00eat \u00e0 porter Subdued, Tortilla, Normal, Lunettes Pour Tous\u00a0: les petits nouveaux<\/p>\n<p>L\u2019enseigne italienne de pr\u00eat-\u00e0-porter pour ado Subdued a ouvert au printemps. Situ\u00e9e au 17, rue des Grandes-Arcades sur deux \u00e9tages et 150 m2, elle remplace le magasin de chaussures Andr\u00e9. Pour l\u2019ouverture, les jeunes \u00e9taient invit\u00e9s \u00e0 venir \u00e9crire leur nom ou des mots doux sur l\u2019un des murs du commerce.<\/p>\n<p>Quelques m\u00e8tres plus loin, un nouveau magasin Lunettes Pour Tous a \u00e9galement ouvert au 27, rue des Grandes-Arcades fin mai. Cette marque d\u2019optique low cost propose des \u00ab\u00a0lunettes de vue \u00e0 10\u00a0\u20ac en 10 minutes\u00a0\u00bb selon son slogan. Elle remplace l\u2019Hubside Store (condamn\u00e9 pour pratiques commerciales trompeuses).\u00a0<\/p>\n<ul class=\"galerieContent carousel-wrapper__slides\" id=\"df79794b-163d-4e60-b407-2fd9a8ee1fb1\">        &#13;<\/p>\n<li class=\"carousel-wrapper__slides--slide item\" id=\"slide-1\">&#13;<br \/>\n                                    &#13;<br \/>\n                        <a class=\"chocolat-image GA-tracking\" data-ga_type=\"click\" data-ga_category=\"D\u00e9tail\" data-ga_action=\"zoomer\" data-ga_label=\"aggrandir image\" href=\"https:\/\/cdn-s-www.dna.fr\/images\/7c102d99-9829-49ee-bc7e-775ba871318a\/NW_raw\/l-enseigne-de-restauration-rapide-mexicaine-fresh-burritos-situee-au-6-rue-des-grandes-arcades-s-est-discretement-transformee-en-tortilla-photo-alizee-chebboub-courtin-1755079488.jpg\" title=\"L\u2019enseigne de restauration rapide mexicaine Fresh Burritos situ\u00e9e au 6 rue des Grandes Arcades s\u2019est discr\u00e8tement transform\u00e9e en Tortilla. Photo Aliz\u00e9e Chebboub-Courtin\" rel=\"nofollow noopener\" target=\"_blank\">&#13;<br \/>\n                            <img decoding=\"async\" src=\"https:\/\/www.europesays.com\/fr\/wp-content\/uploads\/2025\/08\/l-enseigne-de-restauration-rapide-mexicaine-fresh-burritos-situee-au-6-rue-des-grandes-arcades-s-est.jpeg\"   alt=\"L\u2019enseigne de restauration rapide mexicaine Fresh Burritos situ\u00e9e au 6 rue des Grandes Arcades s\u2019est discr\u00e8tement transform\u00e9e en Tortilla. Photo Aliz\u00e9e Chebboub-Courtin\" fetchpriority=\"high\" data-mobile=\"NW_listA_M|1755079488\" data-base=\"NW_listA|1755079488\"\/>&#13;<br \/>\n                        <\/a>&#13;<\/p>\n<p>L\u2019enseigne de restauration rapide mexicaine Fresh Burritos situ\u00e9e au 6 rue des Grandes Arcades s\u2019est discr\u00e8tement transform\u00e9e en Tortilla. Photo Aliz\u00e9e Chebboub-Courtin<\/p>\n<p>                        &#13;<br \/>\n                                           &#13;\n                <\/li>\n<p>&#13;<br \/>\n            &#13;<\/p>\n<li class=\"carousel-wrapper__slides--slide item slideWithPub\" id=\"slide-2\">&#13;<br \/>\n                        &#13;<br \/>\n                            <a class=\"chocolat-image\" title=\"Publicit\u00e9\" href=\"data:image\/gif;base64,R0lGODlhAQABAAD\/ACwAAAAAAQABAAACADs=\">&#13;<br \/>\n                                <img decoding=\"async\" src=\"data:image\/gif;base64,R0lGODlhAQABAAD\/ACwAAAAAAQABAAACADs=\" alt=\"Publicit\u00e9\" loading=\"lazy\" fetchpriority=\"low\"\/>&#13;<br \/>\n                            <\/a>&#13;<br \/>\n                        &#13;\n                    <\/li>\n<p>&#13;<\/p>\n<li class=\"carousel-wrapper__slides--slide item\" id=\"slide-3\">&#13;<br \/>\n                                    &#13;<br \/>\n                        <a class=\"chocolat-image GA-tracking\" data-ga_type=\"click\" data-ga_category=\"D\u00e9tail\" data-ga_action=\"zoomer\" data-ga_label=\"aggrandir image\" href=\"https:\/\/cdn-s-www.dna.fr\/images\/207dd121-d5cd-4557-82cb-28b90d86433d\/NW_raw\/un-nouveau-magasin-lunettes-pour-tous-s-est-installe-au-27-rue-des-grandes-arcades-fin-mai-photo-alizee-chebboub-courtin-1755079488.jpg\" title=\"Un nouveau magasin Lunettes Pour Tous\u00a0s&#039;est install\u00e9 au 27, rue des Grandes Arcades fin mai. Photo Aliz\u00e9e Chebboub-Courtin\" rel=\"nofollow noopener\" target=\"_blank\">&#13;<br \/>\n                            <img decoding=\"async\" src=\"https:\/\/www.europesays.com\/fr\/wp-content\/uploads\/2025\/08\/un-nouveau-magasin-lunettes-pour-tous-s-est-installe-au-27-rue-des-grandes-arcades-fin-mai-photo-ali.jpeg\"   alt=\"Un nouveau magasin Lunettes Pour Tous\u00a0s'est install\u00e9 au 27, rue des Grandes Arcades fin mai. Photo Aliz\u00e9e Chebboub-Courtin\" loading=\"lazy\" fetchpriority=\"low\" data-mobile=\"NW_listA_M|1755079488\" data-base=\"NW_listA|1755079488\"\/>&#13;<br \/>\n                        <\/a>&#13;<\/p>\n<p>Un nouveau magasin Lunettes Pour Tous\u00a0s&rsquo;est install\u00e9 au 27, rue des Grandes Arcades fin mai. Photo Aliz\u00e9e Chebboub-Courtin<\/p>\n<p>                        &#13;<br \/>\n                                           &#13;\n                <\/li>\n<p>&#13;<br \/>\n            &#13;<\/p>\n<li class=\"carousel-wrapper__slides--slide item\" id=\"slide-4\">&#13;<br \/>\n                                    &#13;<br \/>\n                        <a class=\"chocolat-image GA-tracking\" data-ga_type=\"click\" data-ga_category=\"D\u00e9tail\" data-ga_action=\"zoomer\" data-ga_label=\"aggrandir image\" href=\"https:\/\/cdn-s-www.dna.fr\/images\/0be4fba4-33fc-4293-a08e-646419a4e9ed\/NW_raw\/l-enseigne-italienne-de-pret-a-porter-pour-ado-subdued-a-ouvert-au-printemps-photo-alizee-chebboub-courtin-1755079488.jpg\" title=\"L\u2019enseigne italienne de pr\u00eat-\u00e0-porter pour ado Subdued a ouvert au printemps. Photo Aliz\u00e9e Chebboub-Courtin\" rel=\"nofollow noopener\" target=\"_blank\">&#13;<br \/>\n                            <img decoding=\"async\" src=\"https:\/\/www.europesays.com\/fr\/wp-content\/uploads\/2025\/08\/l-enseigne-italienne-de-pret-a-porter-pour-ado-subdued-a-ouvert-au-printemps-photo-alizee-chebboub-c.jpeg\"   alt=\"L\u2019enseigne italienne de pr\u00eat-\u00e0-porter pour ado Subdued a ouvert au printemps. Photo Aliz\u00e9e Chebboub-Courtin\" loading=\"lazy\" fetchpriority=\"low\" data-mobile=\"NW_listA_M|1755079488\" data-base=\"NW_listA|1755079488\"\/>&#13;<br \/>\n                        <\/a>&#13;<\/p>\n<p>L\u2019enseigne italienne de pr\u00eat-\u00e0-porter pour ado Subdued a ouvert au printemps. Photo Aliz\u00e9e Chebboub-Courtin<\/p>\n<p>                        &#13;<br \/>\n                                           &#13;\n                <\/li>\n<p>&#13;<br \/>\n            &#13;\n                <\/ul>\n<p>Le changement est subtil, mais bien r\u00e9el\u00a0: l\u2019enseigne de restauration rapide mexicaine Fresh Burritos situ\u00e9e au 6, rue des Grandes-Arcades s\u2019est discr\u00e8tement transform\u00e9e en Tortilla. Un concept proche du pr\u00e9c\u00e9dent puisqu\u2019on devrait y trouver le m\u00eame type de recette (bowls, tacos et burritos faits maison). Derri\u00e8re cette conversion se cache une marque\u2026 anglaise, qui poss\u00e8de d\u00e9j\u00e0 une centaine de commerces au Royaume-Uni et dans le Moyen-Orient et qui a rachet\u00e9 une vingtaine de restaurants Fresh Burritos en France afin de s\u2019y implanter. Ce Tortilla strasbourgeois est le premier de la marque \u00e0 ouvrir en France.<\/p>\n<p>Pour finir, Normal a ouvert une boutique de 700 m2  au rez-de-chauss\u00e9e de la Maison-Rouge mi-juin.<\/p>\n","protected":false},"excerpt":{"rendered":"Habitat, Tandem, studio photo\u00a0Srebnicki\u00a0: trois (grands) locaux vides \u00ab\u00a0Locaux disponibles. \u00c0 louer\u00a0\u00bb, peut-on lire sur plusieurs cellules situ\u00e9es&hellip;\n","protected":false},"author":2,"featured_media":316126,"comment_status":"","ping_status":"","sticky":false,"template":"","format":"standard","meta":{"footnotes":""},"categories":[2820],"tags":[1111,11,4406,33,2880,1777,674,107,1011,27,775,12,25,640,2879],"class_list":{"0":"post-316125","1":"post","2":"type-post","3":"status-publish","4":"format-standard","5":"has-post-thumbnail","7":"category-strasbourg","8":"tag-actu","9":"tag-actualites","10":"tag-commerce-et-services","11":"tag-economie","12":"tag-edition-strasbourg","13":"tag-eu","14":"tag-europe","15":"tag-fil-info","16":"tag-fr","17":"tag-france","18":"tag-grand-est","19":"tag-news","20":"tag-republique-francaise","21":"tag-strasbourg","22":"tag-strasbourg-ville"},"share_on_mastodon":{"url":"https:\/\/pubeurope.com\/@fr\/115021181639227357","error":""},"_links":{"self":[{"href":"https:\/\/www.europesays.com\/fr\/wp-json\/wp\/v2\/posts\/316125","targetHints":{"allow":["GET"]}}],"collection":[{"href":"https:\/\/www.europesays.com\/fr\/wp-json\/wp\/v2\/posts"}],"about":[{"href":"https:\/\/www.europesays.com\/fr\/wp-json\/wp\/v2\/types\/post"}],"author":[{"embeddable":true,"href":"https:\/\/www.europesays.com\/fr\/wp-json\/wp\/v2\/users\/2"}],"replies":[{"embeddable":true,"href":"https:\/\/www.europesays.com\/fr\/wp-json\/wp\/v2\/comments?post=316125"}],"version-history":[{"count":0,"href":"https:\/\/www.europesays.com\/fr\/wp-json\/wp\/v2\/posts\/316125\/revisions"}],"wp:featuredmedia":[{"embeddable":true,"href":"https:\/\/www.europesays.com\/fr\/wp-json\/wp\/v2\/media\/316126"}],"wp:attachment":[{"href":"https:\/\/www.europesays.com\/fr\/wp-json\/wp\/v2\/media?parent=316125"}],"wp:term":[{"taxonomy":"category","embeddable":true,"href":"https:\/\/www.europesays.com\/fr\/wp-json\/wp\/v2\/categories?post=316125"},{"taxonomy":"post_tag","embeddable":true,"href":"https:\/\/www.europesays.com\/fr\/wp-json\/wp\/v2\/tags?post=316125"}],"curies":[{"name":"wp","href":"https:\/\/api.w.org\/{rel}","templated":true}]}}