{"id":316127,"date":"2025-08-13T11:18:13","date_gmt":"2025-08-13T11:18:13","guid":{"rendered":"https:\/\/www.europesays.com\/fr\/316127\/"},"modified":"2025-08-13T11:18:13","modified_gmt":"2025-08-13T11:18:13","slug":"les-ultras-du-fc-metz-replaces-et-bien-presents-face-a-strasbourg-alsasports","status":"publish","type":"post","link":"https:\/\/www.europesays.com\/fr\/316127\/","title":{"rendered":"Les ultras du FC Metz replac\u00e9s et bien pr\u00e9sents face \u00e0 Strasbourg \u2014 Alsa&rsquo;Sports"},"content":{"rendered":"<p><strong>Malgr\u00e9 la fermeture partielle des tribunes Est et Ouest qu\u2019occupent les groupes ultras du FC Metz, le club a obtenu hier soir une autorisation pour les d\u00e9placer et leur permettre d\u2019assister au derby contre Strasbourg dimanche.<\/strong><\/p>\n<p>Revirement de situation pour les groupes ultras du FC Metz, la Horda Fr\u00e9n\u00e9tik (Tribune Est Basse) et la Gruppa Metz (Tribune Ouest Basse). Les deux tribunes mentionn\u00e9es ont \u00e9cop\u00e9 le 18 juin \u00ab\u00a0d\u2019une fermeture partielle pour un match ferme\u00a0\u00bb par la commission de discipline de la Ligue de Football Professionnel, pour \u00ab\u00a0usage massif d\u2019engins pyrotechniques et des expressions orales constat\u00e9es\u00a0\u00bb\u00a0des supporters messins lors du play-off de Ligue 2 entre le FC Metz et l\u2019USL Dunkerque le samedi 17 mai. Une sanction qui emp\u00eachait alors Metz de jouer devant ses Ultras, jusqu\u2019\u00e0 hier apr\u00e8s-midi encore.<\/p>\n<p>Mais le FC Metz, en accord avec la Pr\u00e9fecture de Moselle, a trouv\u00e9 une solution hier soir pour permettre \u00e0 ses Ultras de vivre le derby face au Racing Club de Strasbourg au stade Saint-Symphorien : le replacement en tribune Ouest Haute. Ces derniers vont ainsi migr\u00e9 dans la tribune oppos\u00e9e aux supporters strasbourgeois, \u00ab\u00a0pour des raisons d\u2019ordre public et de s\u00e9curit\u00e9\u00a0\u00bb, fait-on savoir au sein du club grenat. <\/p>\n<p><strong>700 Strasbourgeois \u00e0 Metz<\/strong><\/p>\n<p>L\u2019incertitude planait \u00e9galement en face, mais le stade Saint-Symphorien de Metz sera bel et bien garni de bleu. La pr\u00e9fecture de Moselle a autoris\u00e9 lundi le d\u00e9placement de supporters strasbourgeois pour assister au derby de l\u2019Est. L\u2019information a \u00e9t\u00e9 livr\u00e9e aux associations de supporters du RCSA, selon ICI Alsace, et ils seront environ 700 pr\u00e9sents en Moselle, escort\u00e9s en bus de Strasbourg jusqu\u2019\u00e0 Metz.<\/p>\n","protected":false},"excerpt":{"rendered":"Malgr\u00e9 la fermeture partielle des tribunes Est et Ouest qu\u2019occupent les groupes ultras du FC Metz, le club&hellip;\n","protected":false},"author":2,"featured_media":316128,"comment_status":"","ping_status":"","sticky":false,"template":"","format":"standard","meta":{"footnotes":""},"categories":[2820],"tags":[1111,11,1777,674,8113,63,1011,27,775,12,4448,25,640],"class_list":{"0":"post-316127","1":"post","2":"type-post","3":"status-publish","4":"format-standard","5":"has-post-thumbnail","7":"category-strasbourg","8":"tag-actu","9":"tag-actualites","10":"tag-eu","11":"tag-europe","12":"tag-fc-metz","13":"tag-football","14":"tag-fr","15":"tag-france","16":"tag-grand-est","17":"tag-news","18":"tag-rc-strasbourg","19":"tag-republique-francaise","20":"tag-strasbourg"},"share_on_mastodon":{"url":"https:\/\/pubeurope.com\/@fr\/115021185406292597","error":""},"_links":{"self":[{"href":"https:\/\/www.europesays.com\/fr\/wp-json\/wp\/v2\/posts\/316127","targetHints":{"allow":["GET"]}}],"collection":[{"href":"https:\/\/www.europesays.com\/fr\/wp-json\/wp\/v2\/posts"}],"about":[{"href":"https:\/\/www.europesays.com\/fr\/wp-json\/wp\/v2\/types\/post"}],"author":[{"embeddable":true,"href":"https:\/\/www.europesays.com\/fr\/wp-json\/wp\/v2\/users\/2"}],"replies":[{"embeddable":true,"href":"https:\/\/www.europesays.com\/fr\/wp-json\/wp\/v2\/comments?post=316127"}],"version-history":[{"count":0,"href":"https:\/\/www.europesays.com\/fr\/wp-json\/wp\/v2\/posts\/316127\/revisions"}],"wp:featuredmedia":[{"embeddable":true,"href":"https:\/\/www.europesays.com\/fr\/wp-json\/wp\/v2\/media\/316128"}],"wp:attachment":[{"href":"https:\/\/www.europesays.com\/fr\/wp-json\/wp\/v2\/media?parent=316127"}],"wp:term":[{"taxonomy":"category","embeddable":true,"href":"https:\/\/www.europesays.com\/fr\/wp-json\/wp\/v2\/categories?post=316127"},{"taxonomy":"post_tag","embeddable":true,"href":"https:\/\/www.europesays.com\/fr\/wp-json\/wp\/v2\/tags?post=316127"}],"curies":[{"name":"wp","href":"https:\/\/api.w.org\/{rel}","templated":true}]}}