{"id":316129,"date":"2025-08-13T11:19:12","date_gmt":"2025-08-13T11:19:12","guid":{"rendered":"https:\/\/www.europesays.com\/fr\/316129\/"},"modified":"2025-08-13T11:19:12","modified_gmt":"2025-08-13T11:19:12","slug":"une-altercation-eclate-sur-fond-de-conflit-israelo-palestinien-ce-que-lon-sait","status":"publish","type":"post","link":"https:\/\/www.europesays.com\/fr\/316129\/","title":{"rendered":"une altercation \u00e9clate sur fond de conflit Isra\u00e9lo-Palestinien, ce que l&rsquo;on sait"},"content":{"rendered":"<p>            Par<br \/>\n        <strong><br \/>\n            <a href=\"https:\/\/actu.fr\/auteur\/redaction-nice\" title=\"Consulter tous les articles de R\u00e9daction Nice\" target=\"_blank\" rel=\"noopener\">R\u00e9daction Nice<\/a><br \/>\n        <\/strong><\/p>\n<p>        Publi\u00e9 le<\/p>\n<p>            13 ao\u00fbt 2025 \u00e0 12h24        <\/p>\n<p>Une dispute qui n\u2019est pas sans rappeler celle survenue <a href=\"https:\/\/actu.fr\/provence-alpes-cote-d-azur\/nice_06088\/nice-sale-juif-insulte-homophobe-une-video-filmee-sur-la-promenade-des-anglais-choque_62950791.html\" target=\"_blank\" rel=\"noopener\">sur la promenade des Anglais<\/a> le jeudi 24\u00a0juillet. Une <a href=\"https:\/\/x.com\/cpasdeslol_X\/status\/1955277791261315378\">vid\u00e9o diffus\u00e9e sur le compte X @cpasdeslol_X<\/a> le mardi 12\u00a0ao\u00fbt 2025 montre une dispute entre deux groupes de personnes durant un <strong>extrait de 50 secondes<\/strong>. Selon ce que l\u2019on peut entendre sur la vid\u00e9o, elle oppose des manifestants d\u00e9non\u00e7ant la <a href=\"https:\/\/actu.fr\/tag\/gaza\" target=\"_blank\" rel=\"noopener\">situation en Palestine,<\/a> en particulier les journalistes tu\u00e9s sous les bombardements isra\u00e9liens, et deux femmes attabl\u00e9es \u00e0 une terrasse de la rue Mass\u00e9na de Nice (<a href=\"https:\/\/actu.fr\/provence-alpes-cote-d-azur\/alpes-maritimes_06\" target=\"_blank\" rel=\"noopener\">Alpes-Maritimes<\/a>).<\/p>\n<p class=\" wall-content\">On peut entendre les personnes au sortir d\u2019une manifestation pro-palestiniennes scander \u00ab\u2009Isra\u00ebl terroriste\u2009\u00bb ou encore \u00ab\u2009Isra\u00ebl fasciste\u2009\u00bb.<\/p>\n<p>    <a href=\"https:\/\/www.google.com\/maps\/embed?pb=!1m18!1m12!1m3!1d2884.623525055993!2d7.265803913680081!3d43.697589606151396!2m3!1f0!2f0!3f0!3m2!1i1024!2i768!4f13.1!3m3!1m2!1s0x12cddaa0c2b14fc7%3A0xcb0539cd86b5b7b5!2sRue%20Massena%2C%2006000%20Nice!5e0!3m2!1sfr!2sfr!4v1755077942863!5m2!1sfr!2sfr\" title=\"Ouvrie le lien\" target=\"_blank\" rel=\"noopener\">Cliquez ici pour visualiser le contenu<\/a><\/p>\n<p class=\" wall-content\">Dans un <strong>contexte global qui est tr\u00e8s flou<\/strong>, ces deux femmes r\u00e9pondent aux invectives en prenant la d\u00e9fense de l\u2019\u00c9tat d\u2019Isra\u00ebl\u2009: \u00ab\u2009Vous voulez qu\u2019on parle du 7\u00a0octobre 2023\u2009?\u2009\u00bb, en r\u00e9f\u00e9rence aux massacres perp\u00e9tr\u00e9s par le Hamas durant lesquels <a href=\"https:\/\/actu.fr\/monde\/un-an-apres-le-7-octobre-israel-marque-le-premier-anniversaire-de-l-attaque-surprise-du-hamas_61696521.html\" target=\"_blank\" rel=\"noopener\">au moins 370\u00a0personnes avaient \u00e9t\u00e9 tu\u00e9es<\/a> \u00e0 R\u00e9\u00efm, sur les lieux d\u2019un festival de musique Nova.<\/p>\n<p>Le t\u00e9moignage d\u2019une commer\u00e7ante<\/p>\n<p class=\" wall-content\">Sur le court extrait relay\u00e9 sur les r\u00e9seaux sociaux, on peut voir une femme <strong>film\u00e9e \u00e0 son insu<\/strong> se lever pour <strong>s\u2019en prendre physiquement<\/strong> \u00e0 deux manifestantes capturant la sc\u00e8ne avec leur smartphone.<\/p>\n<p class=\" wall-content\">Selon les dires d\u2019une commer\u00e7ante qui a assist\u00e9 au violent \u00e9change, les faits se sont d\u00e9roul\u00e9s durant l\u2019apr\u00e8s-midi du lundi 11\u00a0ao\u00fbt 2025. \u00ab\u2009J\u2019ai entendu des cris et des insultes sur la terrasse. Je n\u2019ai pas voulu m\u2019en m\u00ealer\u2009\u00bb, confie la restauratrice \u00e0 <a href=\"https:\/\/actu.fr\/nice\/\" target=\"_blank\" rel=\"noopener\">actu Nice<\/a>.<\/p>\n<p class=\" wall-content\">\n<p>    <img   decoding=\"async\" loading=\"lazy\" src=\"https:\/\/www.europesays.com\/fr\/wp-content\/uploads\/2025\/08\/massena-pietonne-nice-960x640.png\" alt=\"Les faits se sont d\u00e9roul\u00e9s rue Mass\u00e9na \u00e0 Nice.\" width=\"960\" height=\"640\"\/><br \/>\n    Les faits se sont d\u00e9roul\u00e9s rue Mass\u00e9na \u00e0 Nice. (\u00a9Ugo Maillard \/ actu Nice)<\/p>\n<p class=\" wall-content\">Toujours d\u2019apr\u00e8s le t\u00e9moignage de la t\u00e9moin, la situation s\u2019est calm\u00e9e apr\u00e8s le d\u00e9part des manifestants, sans intervention des forces de l\u2019ordre.<\/p>\n<p>Pas d\u2019enqu\u00eate ouverte<\/p>\n<p class=\" wall-content\">Selon nos informations, des policiers se sont tout de m\u00eame rendus sur les lieux de l\u2019altercation le lendemain pour tenter d\u2019\u00e9claircir la situation.<\/p>\n<p class=\" wall-content\">Sollicit\u00e9 par la r\u00e9daction d\u2019actu Nice, le <strong>parquet n\u2019a pas re\u00e7u de plainte<\/strong> en lien avec cette vid\u00e9o et aucune enqu\u00eate n\u2019a \u00e9t\u00e9 ouverte.<\/p>\n<p class=\" wall-content\">Suivez toute l\u2019actualit\u00e9 de vos villes et m\u00e9dias favoris en vous inscrivant \u00e0 <a href=\"https:\/\/moncompte.actu.fr\" title=\"D\u00e9couvez Mon Actu\" rel=\"nofollow noopener\" data-trk=\"{&quot;cta&quot;:{&quot;action&quot;:&quot;https:\\\/\\\/moncompte.actu.fr&quot;,&quot;category&quot;:&quot;mon compte&quot;,&quot;from&quot;:&quot;article footer&quot;,&quot;name&quot;:&quot;Mon actu&quot;,&quot;type&quot;:&quot;cta&quot;}}\" target=\"_blank\">Mon Actu<\/a>.<\/p>\n","protected":false},"excerpt":{"rendered":"Par R\u00e9daction Nice Publi\u00e9 le 13 ao\u00fbt 2025 \u00e0 12h24 Une dispute qui n\u2019est pas sans rappeler celle&hellip;\n","protected":false},"author":2,"featured_media":316130,"comment_status":"","ping_status":"","sticky":false,"template":"","format":"standard","meta":{"footnotes":""},"categories":[2819],"tags":[1111,11,1777,674,118,1011,27,5643,12,2401,882,25],"class_list":{"0":"post-316129","1":"post","2":"type-post","3":"status-publish","4":"format-standard","5":"has-post-thumbnail","7":"category-nice","8":"tag-actu","9":"tag-actualites","10":"tag-eu","11":"tag-europe","12":"tag-faits-divers","13":"tag-fr","14":"tag-france","15":"tag-guerre-israel-hamas","16":"tag-news","17":"tag-nice","18":"tag-provence-alpes-cote-dazur","19":"tag-republique-francaise"},"share_on_mastodon":{"url":"https:\/\/pubeurope.com\/@fr\/115021189295346265","error":""},"_links":{"self":[{"href":"https:\/\/www.europesays.com\/fr\/wp-json\/wp\/v2\/posts\/316129","targetHints":{"allow":["GET"]}}],"collection":[{"href":"https:\/\/www.europesays.com\/fr\/wp-json\/wp\/v2\/posts"}],"about":[{"href":"https:\/\/www.europesays.com\/fr\/wp-json\/wp\/v2\/types\/post"}],"author":[{"embeddable":true,"href":"https:\/\/www.europesays.com\/fr\/wp-json\/wp\/v2\/users\/2"}],"replies":[{"embeddable":true,"href":"https:\/\/www.europesays.com\/fr\/wp-json\/wp\/v2\/comments?post=316129"}],"version-history":[{"count":0,"href":"https:\/\/www.europesays.com\/fr\/wp-json\/wp\/v2\/posts\/316129\/revisions"}],"wp:featuredmedia":[{"embeddable":true,"href":"https:\/\/www.europesays.com\/fr\/wp-json\/wp\/v2\/media\/316130"}],"wp:attachment":[{"href":"https:\/\/www.europesays.com\/fr\/wp-json\/wp\/v2\/media?parent=316129"}],"wp:term":[{"taxonomy":"category","embeddable":true,"href":"https:\/\/www.europesays.com\/fr\/wp-json\/wp\/v2\/categories?post=316129"},{"taxonomy":"post_tag","embeddable":true,"href":"https:\/\/www.europesays.com\/fr\/wp-json\/wp\/v2\/tags?post=316129"}],"curies":[{"name":"wp","href":"https:\/\/api.w.org\/{rel}","templated":true}]}}