{"id":31613,"date":"2025-04-17T12:03:16","date_gmt":"2025-04-17T12:03:16","guid":{"rendered":"https:\/\/www.europesays.com\/fr\/31613\/"},"modified":"2025-04-17T12:03:16","modified_gmt":"2025-04-17T12:03:16","slug":"la-star-wars-celebration-est-bientot-la-voici-les-temps-forts-du-weekend","status":"publish","type":"post","link":"https:\/\/www.europesays.com\/fr\/31613\/","title":{"rendered":"La Star Wars Celebration est bient\u00f4t l\u00e0 ! Voici les temps forts du weekend"},"content":{"rendered":"<p>C\u2019est un des \u00e9v\u00e9nements \u00e0 ne pas manquer pour qui aime l\u2019imaginaire de George Lucas. En ce mois d\u2019avril, Disney et Lucasfilm vont c\u00e9l\u00e9brer la galaxie tr\u00e8s tr\u00e8s lointaine avec la d\u00e9sormais incontournable <a href=\"https:\/\/www.journaldugeek.com\/dossier\/star-wars-celebration-lindispensable-recap-du-week-end\/\" target=\"_blank\" rel=\"noopener\">Star Wars Celebration<\/a>. Du <strong>18 au 20 avril<\/strong>, Tokyo battra au rythme des musiques orchestrales de John Williams et se parera des couleurs des c\u00f4t\u00e9s lumineux et obscurs de la force.<\/p>\n<p>L\u2019\u00e9v\u00e9nement ne sera pas seulement une opportunit\u00e9 pour les fans de<strong> c\u00e9l\u00e9brer la saga<\/strong>, au travers de cosplay ou d\u2019animation, Lucasfilm en profite souvent pour donner des nouvelles de ses projets les plus attendus. C\u2019\u00e9tait le cas en 2023 avec la Star Wars Celebration Europe, lorsque Kathleen Kennedy confirmait la sortie prochaine de trois m\u00e9trages consacr\u00e9s chacun \u00e0 Rey Skywalker, Mando et B\u00e9b\u00e9 Yoda et la naissance de l\u2019Ordre Jedi.\u00a0\u00a0L\u2019\u00e9dition 2025 s\u2019annonce tout aussi charg\u00e9e.<\/p>\n<p>Au cin\u00e9ma o\u00f9 l\u2019avenir est incertain, sur le petit \u00e9cran o\u00f9 la saga r\u00e9duit\u00a0 la voilure ou m\u00eame du c\u00f4t\u00e9 des jeux vid\u00e9o, l\u2019imaginaire de George Lucas devrait avoir plus d\u2019une occasion de nous surprendre. Quels sont les panels \u00e0 surveiller de pr\u00e8s\u00a0? Qui sont les grands absents\u00a0? On fait le point sur la <strong>Star Wars Celebration<\/strong> et comment ne rien manquer.<\/p>\n<p> The Mandalorian &amp; Grogu \u2014\u00a0 vendredi matin <\/p>\n<p>Ce sera sans nul doute l\u2019\u00e9v\u00e9nement du weekend. Il faut dire que, jusqu\u2019ici, Disney et Lucasfilm se sont montr\u00e9s plut\u00f4t avares en d\u00e9tails. Deux ans apr\u00e8s son officialisation, \u00e0 la Star Wars Celebration de Londres, <a href=\"https:\/\/www.journaldugeek.com\/2024\/08\/28\/sigourney-weaver-sera-bien-a-laffiche-de-the-mandalorian-grogu\/\" target=\"_blank\" rel=\"noopener\">The Mandalorian &amp; Grogu<\/a> devrait se montrer en image ce <strong>vendredi 18 avril<\/strong>. C\u2019est \u00e0 10 heures (heure locale) que les visiteurs ont rendez-vous sur la Celebration Stage pour suivre une conversation entre Dave Filoni et Jon Favreau. Le site de l\u2019\u00e9v\u00e9nement promet que quelques apparitions surprises, sans pour autant en dire plus sur l\u2019identit\u00e9 des acteurs et actrices convi\u00e9s \u00e0 s\u2019exprimer devant le public.<\/p>\n<p>Il parait peu probable que Pedro Pascal soit de la partie, lui qui a d\u00e9j\u00e0 beaucoup \u00e0 faire avec le tournage de Doomdsay et la promotion de The Last of Us saison 2.\u00a0 Pour suivre l\u2019\u00e9v\u00e9nement en direct, il faudra tout de m\u00eame \u00eatre accroch\u00e9 puisque le panel aura lieu \u00e0 <strong>trois heures du matin dans l\u2019Hexagone<\/strong>. Il durera une heure et promet de livrer un aper\u00e7u du projet et de ses enjeux.<\/p>\n<p> Lucasfilm Publishing \u2014 vendredi matin <\/p>\n<p>Avis aux d\u00e9voreurs de romans, Lucasfilm Publishing n\u2019oubliera pas les rats de biblioth\u00e8que avec un panel d\u00e9di\u00e9 \u00e0 certaines de ses sagas les plus appr\u00e9ci\u00e9es. Les auteurs Adam Christopher, Tessa Gratton et Marc Guggenheim seront sur sc\u00e8ne, tout comme CB Cebulski, connu pour son travail sur Marvel Fairy Tales. Mais le gros du spectacle devrait \u00eatre li\u00e9 au grand final de La Haute R\u00e9publique, s\u00e9rie de romans lanc\u00e9e en 2021.<\/p>\n<p> Andor\u00a0: A Star Wars Story \u2014 samedi matin <\/p>\n<p>Si l\u2019attente touche tr\u00e8s bient\u00f4t \u00e0 sa fin, Disney+ n\u2019a pas pu r\u00e9sister \u00e0 l\u2019id\u00e9e de proposer un ultime avant-go\u00fbt du final d\u2019Andor. Ce samedi, sur la <strong>Celebration Stage<\/strong>, le cr\u00e9ateur Tony Gilroy et l\u2019acteur et producteur Diego Luna discuteront des enjeux de cette ultime saison. A priori, les annonces devraient \u00eatre plut\u00f4t minimes, mais Lucasfilm promet de montrer des <strong>images in\u00e9dites.<\/strong> Le rendez-vous est pris \u00e0 3 heures du matin en France.<\/p>\n<p> Ahsoka \u2013 samedi matin <\/p>\n<p>La saison 2 d\u2019Ashoka est promise depuis le d\u00e9but de l\u2019ann\u00e9e 2024, sans que Disney pr\u00e9cise son calendrier. Aux derni\u00e8res nouvelles, le tournage a pourtant commenc\u00e9 (en mars) et l\u2019on peut esp\u00e9rer que le panel organis\u00e9 ce samedi soit une occasion pour Disney+ de livrer <strong>quelques images in\u00e9dites.<\/strong> Dave Filoni sera sur sc\u00e8ne pour mener la danse, et \u00e9voquer principalement la premi\u00e8re saison en compagnie de certains guests. Rendez-vous donc \u00e0 6 heures du matin ce samedi 19 avril.<\/p>\n<p> Respawn annonce un nouveau jeu \u2014 samedi matin <\/p>\n<p>Le studio a qui l\u2019on doit Jedi Fallen Ordrer et Jedi Survivor revient \u00e0 l\u2019univers de Star Wars avec un jeu \u00e9nigmatique. Sur le site, les organisateurs se contentent de promettre un aper\u00e7u d\u2019un nouveau jeu de tactique. Baptis\u00e9 <a href=\"https:\/\/www.journaldugeek.com\/2025\/04\/15\/zero-company-voici-le-prochain-jeu-tactique-solo-star-wars-par-respawn-entertainment-star-jedi-survivor\/\" target=\"_blank\" rel=\"noopener\">Zero Company<\/a>, il est extr\u00eamement myst\u00e9rieux.\u00a0Le rendez-vous est pris pour le<strong> samedi 19 avril \u00e0 9 heures 30 en France.\u00a0<\/strong><\/p>\n<p>En revanche, aucune nouvelle de Eclipse d\u00e9velopp\u00e9e par Quantic Dreams et largement promu comme une r\u00e9volution pour l\u2019industrie vid\u00e9oludique. Il faudra encore prendre son mal en patience. On esp\u00e9rait aussi avoir des informations concernant les prochains films centr\u00e9s sur Rey et les premiers Jedis.<\/p>\n<\/p>\n<p>    <a href=\"https:\/\/www.youtube.com\/user\/JournalduGeek?sub_confirmation=1\" target=\"_blank\" rel=\"nofollow noopener\"><br \/>\n        S&rsquo;abonner \u00e0 Journal du Geek<br \/>\n    <\/a> <\/p>\n<p>Rendez-vous dans tous les cas d\u00e8s ce vendredi pour d\u00e9couvrir quelles surprises attendent les fans de la galaxie tr\u00e8s tr\u00e8s lointaine. \u00c0 noter que la r\u00e9daction sera sur place et qu\u2019il sera possible de suivre les \u00e9v\u00e9nements importants en direct sur le site.\u00a0<\/p>\n<blockquote>\n<p class=\"text-base text-neutral-700 dark:text-neutral-300\">\ud83d\udfe3 Pour ne manquer aucune news sur le Journal du Geek, abonnez-vous sur <a href=\"https:\/\/news.google.com\/publications\/CAAqBwgKMNr_hAswwYyCAw?hl=fr&amp;gl=FR&amp;ceid=FR%3Afr\" target=\"_blank\" rel=\"noopener\">Google Actualit\u00e9s<\/a> et sur <a href=\"https:\/\/whatsapp.com\/channel\/0029VaClM5y4tRry12tb7D2h\" target=\"_blank\" rel=\"noopener\">notre WhatsApp<\/a>. Et si vous nous adorez, on a <a href=\"https:\/\/www.journaldugeek.com\/newsletter\/\" target=\"_blank\" rel=\"noopener\">une newsletter tous les matins<\/a>.<\/p>\n<\/blockquote>\n","protected":false},"excerpt":{"rendered":"C\u2019est un des \u00e9v\u00e9nements \u00e0 ne pas manquer pour qui aime l\u2019imaginaire de George Lucas. En ce mois&hellip;\n","protected":false},"author":2,"featured_media":31614,"comment_status":"","ping_status":"","sticky":false,"template":"","format":"standard","meta":{"footnotes":""},"categories":[1354],"tags":[650,520,58,59,1346,1011,27,1360],"class_list":{"0":"post-31613","1":"post","2":"type-post","3":"status-publish","4":"format-standard","5":"has-post-thumbnail","7":"category-films","8":"tag-cinema","9":"tag-disney","10":"tag-divertissement","11":"tag-entertainment","12":"tag-films","13":"tag-fr","14":"tag-france","15":"tag-movies"},"share_on_mastodon":{"url":"https:\/\/pubeurope.com\/@fr\/114353209638712143","error":""},"_links":{"self":[{"href":"https:\/\/www.europesays.com\/fr\/wp-json\/wp\/v2\/posts\/31613","targetHints":{"allow":["GET"]}}],"collection":[{"href":"https:\/\/www.europesays.com\/fr\/wp-json\/wp\/v2\/posts"}],"about":[{"href":"https:\/\/www.europesays.com\/fr\/wp-json\/wp\/v2\/types\/post"}],"author":[{"embeddable":true,"href":"https:\/\/www.europesays.com\/fr\/wp-json\/wp\/v2\/users\/2"}],"replies":[{"embeddable":true,"href":"https:\/\/www.europesays.com\/fr\/wp-json\/wp\/v2\/comments?post=31613"}],"version-history":[{"count":0,"href":"https:\/\/www.europesays.com\/fr\/wp-json\/wp\/v2\/posts\/31613\/revisions"}],"wp:featuredmedia":[{"embeddable":true,"href":"https:\/\/www.europesays.com\/fr\/wp-json\/wp\/v2\/media\/31614"}],"wp:attachment":[{"href":"https:\/\/www.europesays.com\/fr\/wp-json\/wp\/v2\/media?parent=31613"}],"wp:term":[{"taxonomy":"category","embeddable":true,"href":"https:\/\/www.europesays.com\/fr\/wp-json\/wp\/v2\/categories?post=31613"},{"taxonomy":"post_tag","embeddable":true,"href":"https:\/\/www.europesays.com\/fr\/wp-json\/wp\/v2\/tags?post=31613"}],"curies":[{"name":"wp","href":"https:\/\/api.w.org\/{rel}","templated":true}]}}