{"id":316138,"date":"2025-08-13T11:24:13","date_gmt":"2025-08-13T11:24:13","guid":{"rendered":"https:\/\/www.europesays.com\/fr\/316138\/"},"modified":"2025-08-13T11:24:13","modified_gmt":"2025-08-13T11:24:13","slug":"r1-les-girondins-de-bordeaux-contre-le-stade-bordelais-ce-mercredi-a-19h30","status":"publish","type":"post","link":"https:\/\/www.europesays.com\/fr\/316138\/","title":{"rendered":"R1 : les Girondins de Bordeaux contre le Stade Bordelais ce mercredi \u00e0 19h30"},"content":{"rendered":"<p><img decoding=\"async\" src=\"https:\/\/www.europesays.com\/fr\/wp-content\/uploads\/2025\/08\/671_e3a4f29c8d5b09a357ec8acdb041483e.png\" alt=\"R1 : les Girondins de Bordeaux contre le Stade Bordelais ce mercredi \u00e0 19h30\" class=\"img-responsive mt-3\"\/><\/p>\n<p class=\"text-center mb-3\" style=\"font-size: 14px\">\u00a9 Iconsport<\/p>\n<p style=\"text-align: justify;\">Pour ce troisi\u00e8me test d&rsquo;avant-saison, Antoine Verg\u00e8s et ses joueurs affrontent un club qu&rsquo;ils connaissent bien, Le Stade Bordelais.<\/p>\n<p style=\"text-align: justify;\">En effet, Antoine Verg\u00e8s \u00e9tait l&rsquo;entraineur de cette \u00e9quipe la saison derni\u00e8re en N3, dans le m\u00eame groupe que les Girondins de Bordeaux.<\/p>\n<p style=\"text-align: justify;\">Le match se joue \u00e0 Bordeaux Lac, terrain 14.<\/p>\n<p style=\"text-align: justify;\">Cette saison, le Stade Bordelais et les Girondins de Bordeaux sont dans la m\u00eame poule de R1. Le championnat d\u00e9marre le 24 ao\u00fbt prochain pour Bordeaux avec une rencontre face au M\u00e9rignac SAM. Le Stade Bordelais se d\u00e9plce le 23 ao\u00fbt \u00e0 Saint Paul Sport.<\/p>\n<p style=\"text-align: justify;\">Samedi, une opposition face \u00e0 Cestas est programm\u00e9e pour les Girondins, ainsi qu&rsquo;un match face \u00e0 Villenave B le 19 ao\u00fbt.<\/p>\n<p>&gt;&gt; <strong><a href=\"https:\/\/www.webgirondins.com\/girondins-resultats-calendrier-regional-1\" target=\"_blank\" rel=\"noopener\">R\u00e9sultats\/calendrier R\u00e9gional 1<\/a><\/strong><\/p>\n<p style=\"text-align: justify;\">Notre podcast court mercato \u00e0 \u00e9couter :<\/p>\n<p>\u00a0<\/p>\n","protected":false},"excerpt":{"rendered":"\u00a9 Iconsport Pour ce troisi\u00e8me test d&rsquo;avant-saison, Antoine Verg\u00e8s et ses joueurs affrontent un club qu&rsquo;ils connaissent bien,&hellip;\n","protected":false},"author":2,"featured_media":300011,"comment_status":"","ping_status":"","sticky":false,"template":"","format":"standard","meta":{"footnotes":""},"categories":[2817],"tags":[1111,11,1997,6950,1444,28924,2263,1777,674,31404,2823,1011,27,1987,955,6774,12,2219,29390,14190,25,18357,2858,33762,43481],"class_list":{"0":"post-316138","1":"post","2":"type-post","3":"status-publish","4":"format-standard","5":"has-post-thumbnail","7":"category-bordeaux","8":"tag-actu","9":"tag-actualites","10":"tag-bordeaux","11":"tag-bordelais","12":"tag-contre","13":"tag-dispute","14":"tag-equipe","15":"tag-eu","16":"tag-europe","17":"tag-evolue","18":"tag-face","19":"tag-fr","20":"tag-france","21":"tag-girondins","22":"tag-match","23":"tag-mercredi","24":"tag-news","25":"tag-nouvelle-aquitaine","26":"tag-preparation","27":"tag-regional","28":"tag-republique-francaise","29":"tag-reserve","30":"tag-stade","31":"tag-troisieme","32":"tag-voisin"},"share_on_mastodon":{"url":"https:\/\/pubeurope.com\/@fr\/115021208885555121","error":""},"_links":{"self":[{"href":"https:\/\/www.europesays.com\/fr\/wp-json\/wp\/v2\/posts\/316138","targetHints":{"allow":["GET"]}}],"collection":[{"href":"https:\/\/www.europesays.com\/fr\/wp-json\/wp\/v2\/posts"}],"about":[{"href":"https:\/\/www.europesays.com\/fr\/wp-json\/wp\/v2\/types\/post"}],"author":[{"embeddable":true,"href":"https:\/\/www.europesays.com\/fr\/wp-json\/wp\/v2\/users\/2"}],"replies":[{"embeddable":true,"href":"https:\/\/www.europesays.com\/fr\/wp-json\/wp\/v2\/comments?post=316138"}],"version-history":[{"count":0,"href":"https:\/\/www.europesays.com\/fr\/wp-json\/wp\/v2\/posts\/316138\/revisions"}],"wp:featuredmedia":[{"embeddable":true,"href":"https:\/\/www.europesays.com\/fr\/wp-json\/wp\/v2\/media\/300011"}],"wp:attachment":[{"href":"https:\/\/www.europesays.com\/fr\/wp-json\/wp\/v2\/media?parent=316138"}],"wp:term":[{"taxonomy":"category","embeddable":true,"href":"https:\/\/www.europesays.com\/fr\/wp-json\/wp\/v2\/categories?post=316138"},{"taxonomy":"post_tag","embeddable":true,"href":"https:\/\/www.europesays.com\/fr\/wp-json\/wp\/v2\/tags?post=316138"}],"curies":[{"name":"wp","href":"https:\/\/api.w.org\/{rel}","templated":true}]}}