{"id":316139,"date":"2025-08-13T11:25:10","date_gmt":"2025-08-13T11:25:10","guid":{"rendered":"https:\/\/www.europesays.com\/fr\/316139\/"},"modified":"2025-08-13T11:25:10","modified_gmt":"2025-08-13T11:25:10","slug":"toulouse-pour-rafraichir-les-ecoles-18-nouvelles-cours-oasis-amenagees-cet-ete-voici-lesquelles","status":"publish","type":"post","link":"https:\/\/www.europesays.com\/fr\/316139\/","title":{"rendered":"Toulouse. Pour rafra\u00eechir les \u00e9coles, 18\u00a0nouvelles cours oasis am\u00e9nag\u00e9es cet \u00e9t\u00e9 : voici lesquelles"},"content":{"rendered":"<p>            Par<br \/>\n        <strong><br \/>\n            <a href=\"https:\/\/actu.fr\/auteur\/lea-afonso\" title=\"Consulter tous les articles de L\u00e9a Afonso\" target=\"_blank\" rel=\"noopener\">L\u00e9a Afonso<\/a><br \/>\n        <\/strong><\/p>\n<p>        Publi\u00e9 le<\/p>\n<p>            13 ao\u00fbt 2025 \u00e0 13h08        <\/p>\n<p>Alors que les \u00e9l\u00e8ves profitent des vacances, les <strong>\u00e9coles<\/strong> de <strong><a href=\"https:\/\/actu.fr\/toulouse\/\" target=\"_blank\" rel=\"noopener\">Toulouse<\/a><\/strong>, elles, ne ch\u00f4ment pas et se <strong>transforment pour la rentr\u00e9e<\/strong>. Cet \u00e9t\u00e9 2025,<strong> 18 nouvelles cours oasis<\/strong> voient le jour dans la Ville rose, dans le cadre d\u2019un programme de <strong>v\u00e9g\u00e9talisation<\/strong> des \u00e9tablissements scolaires port\u00e9 par la municipalit\u00e9. Ce qu\u2019il faut savoir.<\/p>\n<p>Des cours v\u00e9g\u00e9talis\u00e9es<\/p>\n<p class=\" wall-content\">Ce chantier s\u2019inscrit dans une dynamique amorc\u00e9e il y a plusieurs ann\u00e9es, mais qui s\u2019acc\u00e9l\u00e8re ces derniers mois, comme Actu Toulouse vous en <a href=\"https:\/\/actu.fr\/occitanie\/toulouse_31555\/quelles-sont-ces-cours-oasis-plus-vegetalisees-mises-en-place-par-la-mairie-de-toulouse_62663351.html\" target=\"_blank\" rel=\"noopener\">parlait en mai dernier avec d\u00e9j\u00e0 des cours inaugur\u00e9es<\/a>. Rien qu\u2019en 2025, \u00ab\u2009<strong>25 cours oasis<\/strong> seront am\u00e9nag\u00e9es\u00a0\u00bb annonce la maire. \u00ab\u00a0\u00c0 l\u2019horizon fin 2026, plus de 120 \u00e9coles de la ville b\u00e9n\u00e9ficieront d\u2019une cour v\u00e9g\u00e9talis\u00e9e et rafra\u00eechie, soit 10 de plus que l\u2019objectif initialement fix\u00e9\u00a0\u00bb.<\/p>\n<p class=\" wall-content\">Depuis 2020, \u00ab\u2009<strong>plus de 80 cours oasis<\/strong> ont \u00e9t\u00e9 cr\u00e9\u00e9es\u2009\u00bb.<\/p>\n<p>Une transformation concr\u00e8te<\/p>\n<p class=\" wall-content\">Derri\u00e8re ce concept, des transformations bien visibles\u2009: \u00ab\u2009Plus de<strong> 30\u2009000 m\u00b2 d\u2019espaces d\u00e9simperm\u00e9abilis\u00e9s<\/strong> (soit l\u2019\u00e9quivalent de cinq terrains de rugby), auxquels s\u2019ajoutent<strong> 10\u2009000 m\u00b2 d\u2019espaces non artificialis\u00e9s<\/strong> dans les nouvelles \u00e9coles, plus de<strong> 400 arbres plant\u00e9s,<\/strong> et des milliers d\u2019arbustes et vivaces int\u00e9gr\u00e9s aux cours\u2009\u00bb, ajoute la mairie.<\/p>\n<p class=\" wall-content\">L\u2019objectif \u00e9tant de<strong> lutter contre les \u00eelots de chaleur, favoriser la biodiversit\u00e9<\/strong> et<strong> offrir un cadre plus agr\u00e9able <\/strong>aux \u00e9l\u00e8ves. \u00ab\u00a0Aujourd\u2019hui, 100 cours d\u2019\u00e9cole b\u00e9n\u00e9ficient d\u00e9j\u00e0 d\u2019un ombrage naturel couvrant plus d\u2019un tiers de leur surface, hors pr\u00e9aux\u00a0\u00bb.<\/p>\n<p>Quelles \u00e9coles concern\u00e9es \u00e0 l\u2019\u00e9t\u00e9 2025\u2009?<\/p>\n<p class=\" wall-content\">Voici la liste des <strong>18 \u00e9tablissements<\/strong> o\u00f9 les cours Oasis seront am\u00e9nag\u00e9es pendant l\u2019\u00e9t\u00e9 2025.<\/p>\n<p class=\" wall-content\"><strong>11 \u00e9coles maternelles\u2009:<\/strong><\/p>\n<ul class=\" wall-content\">\n<li>Lakanal (travaux avanc\u00e9s d\u00e8s le printemps)<\/li>\n<li>Fleurance<\/li>\n<li>Soupetard Acacias<\/li>\n<li>Soupetard Ariane<\/li>\n<li>Sylvain Dauriac<\/li>\n<li>Paul Bert<\/li>\n<li>Victor Hugo<\/li>\n<li>Didier Daurat<\/li>\n<li>Ada Lovelace<\/li>\n<li>Montaudran<\/li>\n<li>Marie Marvingt.<\/li>\n<\/ul>\n<p class=\" wall-content\"><strong>7 \u00e9coles \u00e9l\u00e9mentaires\u2009:<\/strong><\/p>\n<ul class=\" wall-content\">\n<li>Daniel Faucher<\/li>\n<li>Jean Chaubet<\/li>\n<li>Sylvain Dauriac<\/li>\n<li>Lespinasse<\/li>\n<li>Lapujade<\/li>\n<li>Bernard B\u00e9n\u00e9zet<\/li>\n<li>Marie Marvingt.<\/li>\n<\/ul>\n<p>Des espaces pens\u00e9s pour les enfants<\/p>\n<p class=\" wall-content\">Ces cours repens\u00e9es ne sont pas seulement plus vertes, elles sont aussi <strong>\u00ab\u00a0plus inclusives\u00a0\u00bb<\/strong> et <strong>\u00ab\u00a0mieux adapt\u00e9es<\/strong> aux besoins\u00a0\u00bb des enfants\u2009: zones calmes, espaces sportifs, coins ludiques ou r\u00e9serves de biodiversit\u00e9\u2026 \u00ab\u00a0L\u2019organisation des lieux privil\u00e9gie \u00e9galement l\u2019\u00e9galit\u00e9 filles gar\u00e7ons et le vivre-ensemble\u00a0\u00bb, fait valoir la municipalit\u00e9.<\/p>\n<p>Un investissement majeur<\/p>\n<p class=\" wall-content\">Chaque ann\u00e9e, la Ville de Toulouse consacre <strong>plus de 35\u00a0millions d\u2019euros \u00e0 la r\u00e9novation, l\u2019entretien et la modernisation de ses \u00e9coles<\/strong>, dont une part importante est d\u00e9di\u00e9e \u00e0 ce vaste programme de transformation des cours de r\u00e9cr\u00e9ation.<\/p>\n<p class=\" wall-content\">Suivez toute l\u2019actualit\u00e9 de vos villes et m\u00e9dias favoris en vous inscrivant \u00e0 <a href=\"https:\/\/moncompte.actu.fr\" title=\"D\u00e9couvez Mon Actu\" rel=\"nofollow noopener\" data-trk=\"{&quot;cta&quot;:{&quot;action&quot;:&quot;https:\\\/\\\/moncompte.actu.fr&quot;,&quot;category&quot;:&quot;mon compte&quot;,&quot;from&quot;:&quot;article footer&quot;,&quot;name&quot;:&quot;Mon actu&quot;,&quot;type&quot;:&quot;cta&quot;}}\" target=\"_blank\">Mon Actu<\/a>.<\/p>\n","protected":false},"excerpt":{"rendered":"Par L\u00e9a Afonso Publi\u00e9 le 13 ao\u00fbt 2025 \u00e0 13h08 Alors que les \u00e9l\u00e8ves profitent des vacances, les&hellip;\n","protected":false},"author":2,"featured_media":316140,"comment_status":"","ping_status":"","sticky":false,"template":"","format":"standard","meta":{"footnotes":""},"categories":[2816],"tags":[1111,11,4019,1057,1777,674,1011,27,12,2680,25,104,2312],"class_list":{"0":"post-316139","1":"post","2":"type-post","3":"status-publish","4":"format-standard","5":"has-post-thumbnail","7":"category-toulouse","8":"tag-actu","9":"tag-actualites","10":"tag-ecoles","11":"tag-education","12":"tag-eu","13":"tag-europe","14":"tag-fr","15":"tag-france","16":"tag-news","17":"tag-occitanie","18":"tag-republique-francaise","19":"tag-societe","20":"tag-toulouse"},"share_on_mastodon":{"url":"https:\/\/pubeurope.com\/@fr\/115021212795750273","error":""},"_links":{"self":[{"href":"https:\/\/www.europesays.com\/fr\/wp-json\/wp\/v2\/posts\/316139","targetHints":{"allow":["GET"]}}],"collection":[{"href":"https:\/\/www.europesays.com\/fr\/wp-json\/wp\/v2\/posts"}],"about":[{"href":"https:\/\/www.europesays.com\/fr\/wp-json\/wp\/v2\/types\/post"}],"author":[{"embeddable":true,"href":"https:\/\/www.europesays.com\/fr\/wp-json\/wp\/v2\/users\/2"}],"replies":[{"embeddable":true,"href":"https:\/\/www.europesays.com\/fr\/wp-json\/wp\/v2\/comments?post=316139"}],"version-history":[{"count":0,"href":"https:\/\/www.europesays.com\/fr\/wp-json\/wp\/v2\/posts\/316139\/revisions"}],"wp:featuredmedia":[{"embeddable":true,"href":"https:\/\/www.europesays.com\/fr\/wp-json\/wp\/v2\/media\/316140"}],"wp:attachment":[{"href":"https:\/\/www.europesays.com\/fr\/wp-json\/wp\/v2\/media?parent=316139"}],"wp:term":[{"taxonomy":"category","embeddable":true,"href":"https:\/\/www.europesays.com\/fr\/wp-json\/wp\/v2\/categories?post=316139"},{"taxonomy":"post_tag","embeddable":true,"href":"https:\/\/www.europesays.com\/fr\/wp-json\/wp\/v2\/tags?post=316139"}],"curies":[{"name":"wp","href":"https:\/\/api.w.org\/{rel}","templated":true}]}}