{"id":316147,"date":"2025-08-13T11:29:15","date_gmt":"2025-08-13T11:29:15","guid":{"rendered":"https:\/\/www.europesays.com\/fr\/316147\/"},"modified":"2025-08-13T11:29:15","modified_gmt":"2025-08-13T11:29:15","slug":"la-busserine-celebre-la-diversite-culturelle-avec-les-voix-du-monde","status":"publish","type":"post","link":"https:\/\/www.europesays.com\/fr\/316147\/","title":{"rendered":"La Busserine c\u00e9l\u00e8bre la diversit\u00e9 culturelle avec \u00ab Les voix du monde \u00bb"},"content":{"rendered":"\n<p>Lors de cette soir\u00e9e du 14\u00a0ao\u00fbt, \u00ab\u00a0il y aura beaucoup d\u2019\u00e9nergie positive\u00a0\u00bb, sur la Plaine des sports et des loisirs de la Busserine. Ce sont les mots de Le\u00efla Ega, la directrice du centre social Saint-Barth\u00e9mely MFA, qui s\u2019est vu confier l\u2019organisation de l\u2019\u00e9v\u00e8nement \u00ab\u00a0Les voix du monde\u00a0\u00bb.<\/p>\n<p>Les festivit\u00e9s vont d\u00e9buter vers 18 h avec un atelier d\u00e9di\u00e9 \u00e0 la Batucada, pour initier aux percussions br\u00e9siliennes. Suivra, vers 20h, une d\u00e9monstration de capoeira, pratique afro-br\u00e9silienne qui m\u00eale danse et combat.<\/p>\n<p>\u00e0 20h30, trois groupes de musique se produiront. Le premier, Niofar, joue une musique issue du S\u00e9n\u00e9gal alli\u00e9e \u00e0 des sons du Maghreb. Il sera suivi de Chaabi\u2019s life, qui donne dans la musique alg\u00e9roise modernis\u00e9e. Pour cl\u00f4turer le spectacle, c\u2019est le groupe AJBD qui jouera de la musique traditionnelle comorienne.<\/p>\n<p>Selon Virginie Armelin, r\u00e9f\u00e9rente emploi au centre social L\u2019Agora, qui co-organise l\u2019\u00e9v\u00e9nement, \u00ab\u00a0la soir\u00e9e est attendue par tous ceux qui ne partent pas en vacances\u00a0\u00bb. Nad\u00e8ge Richand, directrice du centre social Les Flamants-Iris, lui aussi partie prenante de la soir\u00e9e, souligne qu\u2019un tel \u00e9v\u00e9nement \u00ab\u00a0fait vivre cette Plaine\u00a0&#8211; inaugur\u00e9e en octobre\u00a02024\u00a0&#8211; pour que les gens se l\u2019approprient et pas seulement ceux qui vivent \u00e0 c\u00f4t\u00e9\u00a0\u00bb.<\/p>\n<p>Ce jeudi d\u00e8s 18h sur la Plaine des sports et des loisirs de la Busserine. Acc\u00e8s libre et gratuit.<\/p>\n","protected":false},"excerpt":{"rendered":"Lors de cette soir\u00e9e du 14\u00a0ao\u00fbt, \u00ab\u00a0il y aura beaucoup d\u2019\u00e9nergie positive\u00a0\u00bb, sur la Plaine des sports et&hellip;\n","protected":false},"author":2,"featured_media":316148,"comment_status":"","ping_status":"","sticky":false,"template":"","format":"standard","meta":{"footnotes":""},"categories":[2814],"tags":[1111,11,36390,1777,674,1011,27,884,12,882,25],"class_list":{"0":"post-316147","1":"post","2":"type-post","3":"status-publish","4":"format-standard","5":"has-post-thumbnail","7":"category-marseille","8":"tag-actu","9":"tag-actualites","10":"tag-claire-mangeard","11":"tag-eu","12":"tag-europe","13":"tag-fr","14":"tag-france","15":"tag-marseille","16":"tag-news","17":"tag-provence-alpes-cote-dazur","18":"tag-republique-francaise"},"share_on_mastodon":{"url":"https:\/\/pubeurope.com\/@fr\/115021228510309027","error":""},"_links":{"self":[{"href":"https:\/\/www.europesays.com\/fr\/wp-json\/wp\/v2\/posts\/316147","targetHints":{"allow":["GET"]}}],"collection":[{"href":"https:\/\/www.europesays.com\/fr\/wp-json\/wp\/v2\/posts"}],"about":[{"href":"https:\/\/www.europesays.com\/fr\/wp-json\/wp\/v2\/types\/post"}],"author":[{"embeddable":true,"href":"https:\/\/www.europesays.com\/fr\/wp-json\/wp\/v2\/users\/2"}],"replies":[{"embeddable":true,"href":"https:\/\/www.europesays.com\/fr\/wp-json\/wp\/v2\/comments?post=316147"}],"version-history":[{"count":0,"href":"https:\/\/www.europesays.com\/fr\/wp-json\/wp\/v2\/posts\/316147\/revisions"}],"wp:featuredmedia":[{"embeddable":true,"href":"https:\/\/www.europesays.com\/fr\/wp-json\/wp\/v2\/media\/316148"}],"wp:attachment":[{"href":"https:\/\/www.europesays.com\/fr\/wp-json\/wp\/v2\/media?parent=316147"}],"wp:term":[{"taxonomy":"category","embeddable":true,"href":"https:\/\/www.europesays.com\/fr\/wp-json\/wp\/v2\/categories?post=316147"},{"taxonomy":"post_tag","embeddable":true,"href":"https:\/\/www.europesays.com\/fr\/wp-json\/wp\/v2\/tags?post=316147"}],"curies":[{"name":"wp","href":"https:\/\/api.w.org\/{rel}","templated":true}]}}