{"id":316149,"date":"2025-08-13T11:30:11","date_gmt":"2025-08-13T11:30:11","guid":{"rendered":"https:\/\/www.europesays.com\/fr\/316149\/"},"modified":"2025-08-13T11:30:11","modified_gmt":"2025-08-13T11:30:11","slug":"un-ancien-entraineur-dathletisme-ecroue-pour-viol-et-agression-sexuelle-sur-mineurs","status":"publish","type":"post","link":"https:\/\/www.europesays.com\/fr\/316149\/","title":{"rendered":"Un ancien entra\u00eeneur d\u2019athl\u00e9tisme \u00e9crou\u00e9 pour viol et agression sexuelle sur mineurs"},"content":{"rendered":"<p>Un entra\u00eeneur d\u2019<a href=\"https:\/\/www.20minutes.fr\/sport\/athletisme\/\" target=\"_blank\" class=\"color-ultramarine c-link\" rel=\"noopener\">athl\u00e9tisme<\/a> marseillais a \u00e9t\u00e9 mis en examen et plac\u00e9 en d\u00e9tention en juin pour viol et agression sexuelle sur mineurs, a indiqu\u00e9 mercredi le parquet de <a href=\"https:\/\/www.20minutes.fr\/marseille\/\" target=\"_blank\" class=\"color-ultramarine c-link\" rel=\"noopener\">Marseille<\/a>, confirmant une information du site <a href=\"https:\/\/marsactu.fr\/un-entraineur-du-smuc-athletisme-mis-en-examen-pour-viol-et-agression-sexuelle-sur-mineurs\/\" rel=\"nofollow noopener\" target=\"_blank\" class=\"color-ultramarine c-link\">Marsactu<\/a>. Selon le site marseillais d\u2019investigation, l\u2019homme \u00e9tait entra\u00eeneur d\u2019athl\u00e9tisme au Stade marseillais universit\u00e9 club (SMUC), en charge de l\u2019encadrement des jeunes de 13-17 ans et responsable du lancer. Cr\u00e9\u00e9 en\u00a01923, le SMUC, qui se revendique comme le plus grand club omnisports de la r\u00e9gion, compte plus de 12.000 adh\u00e9rents et 4.500 licenci\u00e9s dans ses 18 sections sportives.<\/p>\n<p>Il a \u00e9t\u00e9 mis en examen et plac\u00e9 en d\u00e9tention provisoire le 26\u00a0juin pour \u00ab\u00a0viol sur mineur de 15 ans, agression sexuelle sur mineur de 15 ans, viol par personne abusant de l\u2019autorit\u00e9 que lui conf\u00e8re sa fonction et agression sexuelle par personne abusant de l\u2019autorit\u00e9 que lui conf\u00e8re sa fonction\u00a0\u00bb, a d\u00e9taill\u00e9 le parquet, sollicit\u00e9 par l\u2019AFP. \u00ab\u00a0Il y a plusieurs victimes\u00a0\u00bb, a ajout\u00e9 le parquet, sans autre pr\u00e9cision.<\/p>\n","protected":false},"excerpt":{"rendered":"Un entra\u00eeneur d\u2019athl\u00e9tisme marseillais a \u00e9t\u00e9 mis en examen et plac\u00e9 en d\u00e9tention en juin pour viol et&hellip;\n","protected":false},"author":2,"featured_media":316150,"comment_status":"","ping_status":"","sticky":false,"template":"","format":"standard","meta":{"footnotes":""},"categories":[2814],"tags":[1111,11,1267,4132,885,1777,674,1011,27,884,1123,12,883,882,25,517,1265],"class_list":{"0":"post-316149","1":"post","2":"type-post","3":"status-publish","4":"format-standard","5":"has-post-thumbnail","7":"category-marseille","8":"tag-actu","9":"tag-actualites","10":"tag-agression-sexuelle","11":"tag-athletisme","12":"tag-bouches-du-rhone","13":"tag-eu","14":"tag-europe","15":"tag-fr","16":"tag-france","17":"tag-marseille","18":"tag-mineur","19":"tag-news","20":"tag-paca","21":"tag-provence-alpes-cote-dazur","22":"tag-republique-francaise","23":"tag-sport","24":"tag-viol"},"share_on_mastodon":{"url":"https:\/\/pubeurope.com\/@fr\/115021232443850550","error":""},"_links":{"self":[{"href":"https:\/\/www.europesays.com\/fr\/wp-json\/wp\/v2\/posts\/316149","targetHints":{"allow":["GET"]}}],"collection":[{"href":"https:\/\/www.europesays.com\/fr\/wp-json\/wp\/v2\/posts"}],"about":[{"href":"https:\/\/www.europesays.com\/fr\/wp-json\/wp\/v2\/types\/post"}],"author":[{"embeddable":true,"href":"https:\/\/www.europesays.com\/fr\/wp-json\/wp\/v2\/users\/2"}],"replies":[{"embeddable":true,"href":"https:\/\/www.europesays.com\/fr\/wp-json\/wp\/v2\/comments?post=316149"}],"version-history":[{"count":0,"href":"https:\/\/www.europesays.com\/fr\/wp-json\/wp\/v2\/posts\/316149\/revisions"}],"wp:featuredmedia":[{"embeddable":true,"href":"https:\/\/www.europesays.com\/fr\/wp-json\/wp\/v2\/media\/316150"}],"wp:attachment":[{"href":"https:\/\/www.europesays.com\/fr\/wp-json\/wp\/v2\/media?parent=316149"}],"wp:term":[{"taxonomy":"category","embeddable":true,"href":"https:\/\/www.europesays.com\/fr\/wp-json\/wp\/v2\/categories?post=316149"},{"taxonomy":"post_tag","embeddable":true,"href":"https:\/\/www.europesays.com\/fr\/wp-json\/wp\/v2\/tags?post=316149"}],"curies":[{"name":"wp","href":"https:\/\/api.w.org\/{rel}","templated":true}]}}