{"id":316153,"date":"2025-08-13T11:32:10","date_gmt":"2025-08-13T11:32:10","guid":{"rendered":"https:\/\/www.europesays.com\/fr\/316153\/"},"modified":"2025-08-13T11:32:10","modified_gmt":"2025-08-13T11:32:10","slug":"on-meurt-de-chaud-dans-nos-appartements","status":"publish","type":"post","link":"https:\/\/www.europesays.com\/fr\/316153\/","title":{"rendered":"On meurt de chaud dans nos appartements"},"content":{"rendered":"<p>            Par<br \/>\n        <strong><br \/>\n            <a href=\"https:\/\/actu.fr\/auteur\/redaction-lyon\" title=\"Consulter tous les articles de R\u00e9daction Lyon\" target=\"_blank\" rel=\"noopener\">R\u00e9daction Lyon<\/a><br \/>\n        <\/strong><\/p>\n<p>        Publi\u00e9 le<\/p>\n<p>            13 ao\u00fbt 2025 \u00e0 12h25        <\/p>\n<p>Il n\u2019est pas 8h ce mercredi 13 ao\u00fbt et le thermom\u00e8tre affiche d\u00e9j\u00e0 23\u00b0C dans le <strong>parc Blandan<\/strong> dans le 7e arrondissement de <a href=\"https:\/\/actu.fr\/auvergne-rhone-alpes\/lyon_69123\" target=\"_blank\" rel=\"noopener\">Lyon<\/a>, o\u00f9 se croisent promeneurs et joggeurs.\u00a0<br \/>\u00ab\u00a0On dirait que c\u2019est d\u00e9j\u00e0 l\u2019apr\u00e8s-midi\u00a0\u00bb, sourit Claire Fisher, 28 ans, qui s\u2019est lev\u00e9e \u00ab\u00a0plus t\u00f4t\u00a0\u00bb pour faire du sport. \u00ab\u00a0On a 45 minutes\/une heure d\u2019avance sur nos heures habituelles\u00a0\u00bb, dit aussi Sofia Remadi, 57 ans, qui a fait venir sa m\u00e8re Marie, 85 ans, de Grenoble \u00ab\u00a0pour ne pas qu\u2019elle soit toute seule\u00a0\u00bb pendant la canicule.<\/p>\n<p class=\" wall-content\">La vigilance maximale reste de mise mercredi pour quatre d\u00e9partements de la vall\u00e9e du Rh\u00f4ne accabl\u00e9s par une <a href=\"https:\/\/actu.fr\/auvergne-rhone-alpes\/lyon_69123\/lyon-c-est-normal-c-est-l-ete-des-meteorologues-repondent-a-ceux-qui-mettent-en-cause-la-canicule_63026002.html\" target=\"_blank\" rel=\"noopener\">vague de chaleur<\/a> intense, s\u2019accompagnant d\u2019<a href=\"https:\/\/actu.fr\/meteo\/alerte-rouge-canicule-des-orages-forts-arrivent-dans-le-rhone-voici-ou-et-quand_63030289.html\" target=\"_blank\" rel=\"noopener\">orages<\/a> \u00e0 partir de la mi-journ\u00e9e. Rh\u00f4ne, Dr\u00f4me, Ard\u00e8che, Is\u00e8re et Aude resteront en <a href=\"https:\/\/actu.fr\/meteo\/canicule-la-vigilance-rouge-prolongee-mercredi-a-lyon-un-pic-extreme-a-42-c-attendu_63025321.html\" target=\"_blank\" rel=\"noopener\">vigilance rouge<\/a> jusqu\u2019\u00e0 jeudi 6h. M\u00e9t\u00e9o-France pr\u00e9voit <strong>42\u00b0C \u00e0 Lyon mercredi<\/strong>, treize degr\u00e9s de plus que les moyennes saisonni\u00e8res.<\/p>\n<p>Des Lyonnais dorment la nuit dans le parc Blandan<\/p>\n<p class=\" wall-content\">En cas de vigilance rouge, le parc Blandan reste ouvert pour que ceux qui vivent dans des bouilloires thermiques puissent y dormir, un dispositif test\u00e9 pour la premi\u00e8re fois dans la nuit de mardi \u00e0 mercredi, avec <strong>sanitaires, fontaines \u00e0 eau et dispositif de s\u00e9curit\u00e9<\/strong>.<\/p>\n<p class=\" wall-content\">\u00ab\u00a0Disons que c\u2019est une autre exp\u00e9rience que d\u2019avoir un ventilateur point\u00e9 sur soi pendant neuf heures d\u2019affil\u00e9e avec un bruit ambiant\u00a0\u00bb, expliquait Pierre Fromont, un jeune Lyonnais, mardi soir avant de s\u2019installer pour une nuit \u00e0 la belle \u00e9toile.<\/p>\n<p class=\" wall-content\">\u00ab\u00a0On verra combien on aura de curieux ou de gens qui ont vraiment tr\u00e8s, tr\u00e8s chaud chez eux qui viennent cette nuit. Il est probable, selon les estimations de M\u00e9t\u00e9o-France, que la nuit prochaine (celle de mercredi) soit \u00e0 nouveau en vigilance rouge et donc qu\u2019on renouvelle\u00a0\u00bb, poursuit <a href=\"https:\/\/actu.fr\/auvergne-rhone-alpes\/lyon_69123\/les-lyonnais-ne-doivent-pas-avoir-peur-de-venir-a-guillotiere-la-maire-du-7e-nous-repond_62791048.html\" target=\"_blank\" rel=\"noopener\">Fanny Dubot<\/a>, maire du 7e arrondissement de Lyon.<\/p>\n<blockquote class=\"ac-article-quote wall-content\">\n<p>C&rsquo;est tr\u00e8s, tr\u00e8s simple, finalement le parc, il se suffit \u00e0 lui-m\u00eame, c&rsquo;est un parc calme, \u00e0 plat, o\u00f9 on peut trouver le sommeil. Il y a des sanitaires qui sont pr\u00e9sents, des fontaines \u00e0 eau et puis un dispositif de s\u00e9curit\u00e9 quand m\u00eame parce que l&rsquo;id\u00e9e, c&rsquo;est que les gens puissent \u00eatre en s\u00e9curit\u00e9 et au calme. Il y a un certain nombre de consignes : pas de bouteilles en verre, pas d&rsquo;alcool, pas de musique amplifi\u00e9e \u00e0 l&rsquo;heure de dormir, etc.<\/p>\n<p>    <strong>Fanny Dubot, maire du 7e<\/strong>\n            <\/p><\/blockquote>\n<p class=\" wall-content\">\u00ab\u00a0Ici, on vient camper, enfin dormir \u00e0 la belle \u00e9toile au parc Blandan parce qu\u2019on meurt de chaud dans nos appartements\u00a0\u00bb, t\u00e9moigne Dana\u00e9 Spiess. \u00ab\u00a0J\u2019\u00e9tais surprise de voir qu\u2019on pouvait dormir dans les parcs, mais bon \u00e7a peut \u00eatre <strong>une exp\u00e9rience assez fun<\/strong> et peut-\u00eatre beaucoup plus respirable que dans mon appartement\u00a0\u00bb, ajoute Pauline.<\/p>\n<p>\u00ab\u00a0C\u2019est \u00e9touffant, il n\u2019y a pas d\u2019air, que du b\u00e9ton\u00a0\u00bb<\/p>\n<p class=\" wall-content\">Ailleurs dans la ville, dans des secteurs peu v\u00e9g\u00e9talis\u00e9s, les passants souffrent face \u00e0 la chaleur.<\/p>\n<p class=\" wall-content\">\u00ab\u00a0C\u2019est \u00e9touffant, il n\u2019y a pas d\u2019air, que du b\u00e9ton\u00a0\u00bb, constate Andr\u00e9a, 21 ans, qui d\u00e9marche les pi\u00e9tons pour le compte d\u2019une association \u00e0 Lyon, en plein soleil et qui a d\u00fb am\u00e9nager ses horaires de travail.<\/p>\n<p class=\" wall-content\">\u00ab\u00a0On visite le matin, \u00e0 l\u2019ombre, en buvant beaucoup d\u2019eau\u00a0\u00bb, confie quant \u00e0 lui S\u00e9bastien Hoet, un touriste belge venu en famille, avant de passer l\u2019apr\u00e8s-midi dans la piscine de leur maison de location.<\/p>\n<p class=\" wall-content\">La Ville et la M\u00e9tropole ont aussi rendu <a href=\"https:\/\/actu.fr\/auvergne-rhone-alpes\/lyon_69123\/musees-gratuits-horaires-des-parcs-lyon-prend-des-mesures-pour-la-vigilance-rouge-canicule_63025143.html\" target=\"_blank\" rel=\"noopener\">gratuits les grands mus\u00e9es<\/a>. Les visiteurs peuvent acc\u00e9der au mus\u00e9e des <a href=\"https:\/\/actu.fr\/auvergne-rhone-alpes\/lyon_69123\/canicule-a-lyon-ce-celebre-musee-devient-gratuit-face-aux-fortes-chaleurs_63027126.html\" target=\"_blank\" rel=\"noopener\">Confluences<\/a> ou au Mus\u00e9e des Beaux-Arts qui sont climatis\u00e9s.\u00a0<\/p>\n<p class=\" wall-content\">Au-del\u00e0 du parc Blandan ouvert toute la nuit, ceux de la T\u00eate d\u2019Or et de Gerland sont ouverts jusqu\u2019\u00e0 23h30.<\/p>\n<p class=\" wall-content\"><strong>Avec AFP<\/strong><\/p>\n<p class=\" wall-content\">Suivez toute l\u2019actualit\u00e9 de vos villes et m\u00e9dias favoris en vous inscrivant \u00e0 <a href=\"https:\/\/moncompte.actu.fr\" title=\"D\u00e9couvez Mon Actu\" rel=\"nofollow noopener\" data-trk=\"{&quot;cta&quot;:{&quot;action&quot;:&quot;https:\\\/\\\/moncompte.actu.fr&quot;,&quot;category&quot;:&quot;mon compte&quot;,&quot;from&quot;:&quot;article footer&quot;,&quot;name&quot;:&quot;Mon actu&quot;,&quot;type&quot;:&quot;cta&quot;}}\" target=\"_blank\">Mon Actu<\/a>.<\/p>\n","protected":false},"excerpt":{"rendered":"Par R\u00e9daction Lyon Publi\u00e9 le 13 ao\u00fbt 2025 \u00e0 12h25 Il n\u2019est pas 8h ce mercredi 13 ao\u00fbt&hellip;\n","protected":false},"author":2,"featured_media":316154,"comment_status":"","ping_status":"","sticky":false,"template":"","format":"standard","meta":{"footnotes":""},"categories":[1889],"tags":[1111,11,2430,6698,1777,674,1011,27,2428,2487,2357,12,25],"class_list":{"0":"post-316153","1":"post","2":"type-post","3":"status-publish","4":"format-standard","5":"has-post-thumbnail","7":"category-lyon","8":"tag-actu","9":"tag-actualites","10":"tag-auvergne-rhone-alpes","11":"tag-canicule","12":"tag-eu","13":"tag-europe","14":"tag-fr","15":"tag-france","16":"tag-lyon","17":"tag-meteo","18":"tag-meteo-france","19":"tag-news","20":"tag-republique-francaise"},"share_on_mastodon":{"url":"https:\/\/pubeurope.com\/@fr\/115021240263393143","error":""},"_links":{"self":[{"href":"https:\/\/www.europesays.com\/fr\/wp-json\/wp\/v2\/posts\/316153","targetHints":{"allow":["GET"]}}],"collection":[{"href":"https:\/\/www.europesays.com\/fr\/wp-json\/wp\/v2\/posts"}],"about":[{"href":"https:\/\/www.europesays.com\/fr\/wp-json\/wp\/v2\/types\/post"}],"author":[{"embeddable":true,"href":"https:\/\/www.europesays.com\/fr\/wp-json\/wp\/v2\/users\/2"}],"replies":[{"embeddable":true,"href":"https:\/\/www.europesays.com\/fr\/wp-json\/wp\/v2\/comments?post=316153"}],"version-history":[{"count":0,"href":"https:\/\/www.europesays.com\/fr\/wp-json\/wp\/v2\/posts\/316153\/revisions"}],"wp:featuredmedia":[{"embeddable":true,"href":"https:\/\/www.europesays.com\/fr\/wp-json\/wp\/v2\/media\/316154"}],"wp:attachment":[{"href":"https:\/\/www.europesays.com\/fr\/wp-json\/wp\/v2\/media?parent=316153"}],"wp:term":[{"taxonomy":"category","embeddable":true,"href":"https:\/\/www.europesays.com\/fr\/wp-json\/wp\/v2\/categories?post=316153"},{"taxonomy":"post_tag","embeddable":true,"href":"https:\/\/www.europesays.com\/fr\/wp-json\/wp\/v2\/tags?post=316153"}],"curies":[{"name":"wp","href":"https:\/\/api.w.org\/{rel}","templated":true}]}}