{"id":316157,"date":"2025-08-13T11:35:11","date_gmt":"2025-08-13T11:35:11","guid":{"rendered":"https:\/\/www.europesays.com\/fr\/316157\/"},"modified":"2025-08-13T11:35:11","modified_gmt":"2025-08-13T11:35:11","slug":"direct-le-hamas-denonce-des-incursions-israeliennes-agressives-dans-la-ville-de-gaza-une-escalade-dangereuse","status":"publish","type":"post","link":"https:\/\/www.europesays.com\/fr\/316157\/","title":{"rendered":"DIRECT. Le Hamas d\u00e9nonce des incursions isra\u00e9liennes \u00ab\u00a0agressives\u00a0\u00bb dans la ville de Gaza, une \u00ab\u00a0escalade dangereuse\u00a0\u00bb"},"content":{"rendered":"<p>Les forces isra\u00e9liennes \u00ab\u00a0m\u00e8nent des incursions agressives dans la ville de Gaza\u00a0\u00bb, a d\u00e9clar\u00e9 \u00e0 l&rsquo;AFP mercredi 13 ao\u00fbt le directeur du bureau de presse du gouvernement du Hamas <a href=\"https:\/\/www.franceinfo.fr\/monde\/palestine\/gaza\/gaza-le-cri-d-alarme-de-l-ue-et-24-pays-pour-stopper-la-famine-dans-l-enclave_7433143.html\" rel=\"nofollow noopener\" target=\"_blank\">\u00e0 Gaza<\/a>, Isma\u00efl al-Thawabta. Ces incursions se d\u00e9roulent \u00ab\u00a0notamment dans le quartier de Zeitoun et dans la zone entourant le sud de Tal al-Hawa (&#8230;) et sont \u00ab\u00a0accompagn\u00e9es de bombardements intenses, de ceintures de feu et de d\u00e9molitions de maisons sur les habitants, des op\u00e9rations qui se sont intensifi\u00e9es cette semaine\u00a0\u00bb, affirme ce responsable. \u00ab\u00a0Ces agressions repr\u00e9sentent une escalade dangereuse visant \u00e0 imposer une nouvelle r\u00e9alit\u00e9 sur le terrain par la force, \u00e0 travers une politique de la terre br\u00fbl\u00e9e\u00a0\u00bb, a-t-il dit.<\/p>\n<p class=\"c-body__bullet\"><strong> L&rsquo;arm\u00e9e isra\u00e9lienne a \u00ab\u00a0approuv\u00e9\u00a0\u00bb le plan \u00e0 Gaza<\/strong>. Le chef de l&rsquo;arm\u00e9e isra\u00e9lienne <a href=\"https:\/\/www.franceinfo.fr\/monde\/israel\/le-chef-de-l-armee-israelienne-a-approuve-le-nouveau-plan-des-operations-militaires-a-venir-a-gaza_7433308.html\" rel=\"nofollow noopener\" target=\"_blank\">a \u00ab\u00a0approuv\u00e9\u00a0\u00bb le nouveau plan des op\u00e9rations militaires \u00ab\u00a0\u00e0 venir \u00e0 Gaza\u00a0\u00bb<\/a>, selon un communiqu\u00e9 de l&rsquo;arm\u00e9e publi\u00e9 mercredi. Sur ordre du cabinet militaire du Premier ministre Benyamin N\u00e9tanyahou, l&rsquo;arm\u00e9e se pr\u00e9pare \u00e0 lancer une nouvelle phase de ses op\u00e9rations militaires \u00e0 Gaza pour y lib\u00e9rer tous les otages isra\u00e9liens et y \u00ab\u00a0vaincre\u00a0\u00bb le Hamas, selon ses objectifs affich\u00e9s.<\/p>\n<p class=\"c-body__bullet\"><strong> Quatre journalistes et deux pigistes tu\u00e9s dans une frappe isra\u00e9lienne<\/strong>.\u00a0Al Jazeera a clarifi\u00e9 mardi <a href=\"https:\/\/www.franceinfo.fr\/monde\/israel\/guerre-a-gaza-la-chaine-al-jazeera-annonce-la-mort-de-cinq-de-ses-journalistes-dans-une-frappe-israelienne_7429603.html\" rel=\"nofollow noopener\" target=\"_blank\">le statut des six journalistes tu\u00e9s<\/a> lors d&rsquo;une r\u00e9cente frappe isra\u00e9lienne \u00e0 Gaza, pr\u00e9cisant que quatre d&rsquo;entre eux \u00e9taient des salari\u00e9s et deux des pigistes. La cha\u00eene qatarie avait initialement annonc\u00e9 que ses correspondants Anas al-Sharif et Mohammed Qreiqeh, ainsi que les cam\u00e9ramans Ibrahim Zaher, Mohammed Noufal et Moamen Aliwa, avaient \u00e9t\u00e9 tu\u00e9s lors de l&rsquo;attaque isra\u00e9lienne dimanche.<\/p>\n<p class=\"c-body__bullet\"><strong> Un futur projet de cessez-le-feu ?<\/strong> L&rsquo;Egypte a annonc\u00e9 mardi travailler avec le Qatar et les Etats-Unis en vue d&rsquo;un cessez-le-feu de 60 jours dans la bande de Gaza, o\u00f9 l&rsquo;arm\u00e9e isra\u00e9lienne veut prendre le contr\u00f4le de la plus grande ville du territoire palestinien.\u00a0Le ministre \u00e9gyptien des Affaires \u00e9trang\u00e8res, Badr Abdelatty, a ainsi d\u00e9clar\u00e9 que Le Caire travaillait \u00ab\u00a0activement\u00a0\u00bb avec Doha et Washington pour tenter de remettre sur les rails un projet de cessez-le-feu de 60 jours.<\/p>\n","protected":false},"excerpt":{"rendered":"Les forces isra\u00e9liennes \u00ab\u00a0m\u00e8nent des incursions agressives dans la ville de Gaza\u00a0\u00bb, a d\u00e9clar\u00e9 \u00e0 l&rsquo;AFP mercredi 13&hellip;\n","protected":false},"author":2,"featured_media":316158,"comment_status":"","ping_status":"","sticky":false,"template":"","format":"standard","meta":{"footnotes":""},"categories":[1888],"tags":[1111,1928,11,1927,1777,674,1011,27,12,1926,626,1925,25],"class_list":{"0":"post-316157","1":"post","2":"type-post","3":"status-publish","4":"format-standard","5":"has-post-thumbnail","7":"category-paris","8":"tag-actu","9":"tag-actu-paris","10":"tag-actualites","11":"tag-actualites-paris","12":"tag-eu","13":"tag-europe","14":"tag-fr","15":"tag-france","16":"tag-news","17":"tag-news-paris","18":"tag-paris","19":"tag-paris-news","20":"tag-republique-francaise"},"share_on_mastodon":{"url":"https:\/\/pubeurope.com\/@fr\/115021252220081729","error":""},"_links":{"self":[{"href":"https:\/\/www.europesays.com\/fr\/wp-json\/wp\/v2\/posts\/316157","targetHints":{"allow":["GET"]}}],"collection":[{"href":"https:\/\/www.europesays.com\/fr\/wp-json\/wp\/v2\/posts"}],"about":[{"href":"https:\/\/www.europesays.com\/fr\/wp-json\/wp\/v2\/types\/post"}],"author":[{"embeddable":true,"href":"https:\/\/www.europesays.com\/fr\/wp-json\/wp\/v2\/users\/2"}],"replies":[{"embeddable":true,"href":"https:\/\/www.europesays.com\/fr\/wp-json\/wp\/v2\/comments?post=316157"}],"version-history":[{"count":0,"href":"https:\/\/www.europesays.com\/fr\/wp-json\/wp\/v2\/posts\/316157\/revisions"}],"wp:featuredmedia":[{"embeddable":true,"href":"https:\/\/www.europesays.com\/fr\/wp-json\/wp\/v2\/media\/316158"}],"wp:attachment":[{"href":"https:\/\/www.europesays.com\/fr\/wp-json\/wp\/v2\/media?parent=316157"}],"wp:term":[{"taxonomy":"category","embeddable":true,"href":"https:\/\/www.europesays.com\/fr\/wp-json\/wp\/v2\/categories?post=316157"},{"taxonomy":"post_tag","embeddable":true,"href":"https:\/\/www.europesays.com\/fr\/wp-json\/wp\/v2\/tags?post=316157"}],"curies":[{"name":"wp","href":"https:\/\/api.w.org\/{rel}","templated":true}]}}