{"id":31617,"date":"2025-04-17T12:06:14","date_gmt":"2025-04-17T12:06:14","guid":{"rendered":"https:\/\/www.europesays.com\/fr\/31617\/"},"modified":"2025-04-17T12:06:14","modified_gmt":"2025-04-17T12:06:14","slug":"mer-ou-maire-la-place-du-cod-les-5-plus-gros-pieges-de-lexercice","status":"publish","type":"post","link":"https:\/\/www.europesays.com\/fr\/31617\/","title":{"rendered":"\u00ab Mer ou maire, la place du COD\u2026 Les 5 plus gros pi\u00e8ges de l\u2019exercice"},"content":{"rendered":"<p><strong>Un sans faute\u00a0? &#8211; Ce mercredi \u00e0 21h05, France 5 diffuse une nouvelle \u00e9dition de \u00ab\u00a0La Grande Dict\u00e9e\u00a0\u00bb, pr\u00e9sent\u00e9e par Augustin Trapenard<\/strong><\/p>\n<p>A vos stylos, pr\u00eats, partez\u00a0! Ce mercredi \u00e0 21h05, <a href=\"https:\/\/www.20minutes.fr\/arts-stars\/television\/3320951-20220705-augustin-trapenard-presentera-grande-librairie-france-5-rentree?at_medium=RSS+feed&amp;at_campaign=ynews&amp;utm_source=yahoo&amp;utm_medium=rss&amp;utm_campaign=news_feed&amp;utm_content=in_article_link\" rel=\"nofollow noopener\" target=\"_blank\" data-ylk=\"slk:Augustin Trapenard;elm:context_link;itc:0;sec:content-canvas\" class=\"link \">Augustin Trapenard<\/a> est de retour sur <a href=\"https:\/\/www.20minutes.fr\/television\/france_5\/?at_medium=RSS+feed&amp;at_campaign=ynews&amp;utm_source=yahoo&amp;utm_medium=rss&amp;utm_campaign=news_feed&amp;utm_content=in_article_link\" rel=\"nofollow noopener\" target=\"_blank\" data-ylk=\"slk:France 5;elm:context_link;itc:0;sec:content-canvas\" class=\"link \">France 5<\/a> avec sa \u00ab\u00a0Grande Dict\u00e9e\u00a0\u00bb, organis\u00e9e par le festival du Livre de Paris. Durant toute une soir\u00e9e, les t\u00e9l\u00e9spectateurs f\u00e9rus de langue fran\u00e7aise pourront se frotter \u00e0 trois textes in\u00e9dits et au niveau progressif, sur le th\u00e8me de \u00ab\u00a0la mer\u00a0\u00bb.<\/p>\n<p>Ecrite par le duo d\u2019autrices <a href=\"https:\/\/www.20minutes.fr\/arts-stars\/livres\/4057182-20231020-rend-vivants-hommage-soignants-aime-tant-affirment-deux-autrices?at_medium=RSS+feed&amp;at_campaign=ynews&amp;utm_source=yahoo&amp;utm_medium=rss&amp;utm_campaign=news_feed&amp;utm_content=in_article_link\" rel=\"nofollow noopener\" target=\"_blank\" data-ylk=\"slk:Emma Green;elm:context_link;itc:0;sec:content-canvas\" class=\"link \">Emma Green<\/a>, la premi\u00e8re dict\u00e9e sera accessible et \u00e0 la port\u00e9e des familles. La seconde, pens\u00e9e par <a href=\"https:\/\/www.20minutes.fr\/arts-stars\/livres\/4070747-20240207-poussiere-blonde-tatiana-rosnay-feuillete-2-minutes?at_medium=RSS+feed&amp;at_campaign=ynews&amp;utm_source=yahoo&amp;utm_medium=rss&amp;utm_campaign=news_feed&amp;utm_content=in_article_link\" rel=\"nofollow noopener\" target=\"_blank\" data-ylk=\"slk:Tatiana de Rosnay;elm:context_link;itc:0;sec:content-canvas\" class=\"link \">Tatiana de Rosnay<\/a>, sera beaucoup plus cors\u00e9e. Enfin, le texte \u00e9crit par <a href=\"https:\/\/www.20minutes.fr\/arts-stars\/culture\/3254439-20220319-journee-francophonie-langue-plus-forte-tout-estime-leila-slimani?at_medium=RSS+feed&amp;at_campaign=ynews&amp;utm_source=yahoo&amp;utm_medium=rss&amp;utm_campaign=news_feed&amp;utm_content=in_article_link\" rel=\"nofollow noopener\" target=\"_blank\" data-ylk=\"slk:Le\u00efla Slimani;elm:context_link;itc:0;sec:content-canvas\" class=\"link \">Le\u00efla Slimani<\/a> sera quant \u00e0 lui particuli\u00e8rement ardu. \u00ab\u00a0Cela n\u2019emp\u00eache pas de la faire, on peut se lancer un challenge. Mais il faut avoir conscience que vous n\u2019allez pas en ressortir indemne\u00a0\u00bb, s\u2019amuse Rachid Santaki, alias \u00ab\u00a0<a href=\"https:\/\/www.instagram.com\/rachidsantaki\/?at_medium=RSS+feed&amp;at_campaign=ynews&amp;utm_source=yahoo&amp;utm_medium=rss&amp;utm_campaign=news_feed&amp;utm_content=in_article_link\" rel=\"nofollow noopener\" target=\"_blank\" data-ylk=\"slk:Monsieur Dict\u00e9e;elm:context_link;itc:0;sec:content-canvas\" class=\"link \">Monsieur Dict\u00e9e<\/a>\u00a0\u00bb, copr\u00e9sentateur de l\u2019\u00e9mission.<\/p>\n<p><img decoding=\"async\" class=\"caas-img caas-lazy has-preview\" alt=\"null\" src=\"https:\/\/www.europesays.com\/fr\/wp-content\/uploads\/2025\/04\/48a8ae832294e6ca2fa30fc9aae4efaa.jpeg\"\/><\/p>\n<p>null<\/p>\n<p>Mais quels sont les principaux pi\u00e8ges de cet exercice\u00a0? Aupr\u00e8s de 20 Minutes, il propose de d\u00e9voiler les 5 plus grosses emb\u00fbches des dict\u00e9es.<\/p>\n<p>Les homophones<\/p>\n<p>\u00ab\u00a0C\u2019est un classique de la dict\u00e9e, souligne Rachid Santaki. Ce sont ces mots qui ont le m\u00eame son, mais pas le m\u00eame sens.\u00a0\u00bb<\/p>\n<ul class=\"caas-list caas-list-bullet\">\n<li>\n<p>La langue fran\u00e7aise en regorge\u00a0: pair et p\u00e8re, f\u00fbt et fut, saut et sceau, \u00e7a et sa\u2026<\/p>\n<\/li>\n<\/ul>\n<p>Son conseil\u00a0? Bien avoir en t\u00eate le sens du texte et son contexte. De m\u00eame, remplacer le mot pi\u00e8ge par un terme poss\u00e9dant la m\u00eame signification peut vous aider \u00e0 prendre votre d\u00e9cision. Et pour vous entra\u00eener, plongez-vous dans \u00ab\u00a0la dict\u00e9e qui rend fou\u00a0\u00bb, un exercice qui ravira (ou rendra zinzin) les amoureux d\u2019homophone(&#8230;)<\/p>\n<p><a href=\"https:\/\/www.20minutes.fr\/arts-stars\/television\/4148726-20250416-grande-dictee-2025-france-5-mer-maire-place-cod-5-plus-gros-pieges-exercice?at_medium=RSS+feed&amp;at_campaign=ynews&amp;utm_source=yahoo&amp;utm_medium=rss&amp;utm_campaign=news_feed&amp;utm_content=read_more_link&quot;\" rel=\"nofollow noopener\" target=\"_blank\" data-ylk=\"slk:Lire la suite sur 20minutes;elm:context_link;itc:0;sec:content-canvas\" class=\"link \">Lire la suite sur 20minutes<\/a><\/p>\n<p>\u00c0 lire aussi :<br \/><a href=\"https:\/\/www.20minutes.fr\/tempo\/4122825-20241122-miss-france-2025-attention-fautes-miss-planche-dictee?at_medium=RSS+feed&amp;at_campaign=ynews&amp;utm_source=yahoo&amp;utm_medium=rss&amp;utm_campaign=news_feed&amp;utm_content=related_content_link\" rel=\"nofollow noopener\" target=\"_blank\" data-ylk=\"slk:Miss France 2025\u00a0: Attention aux fautes\u2026 Les miss ont planch\u00e9 sur une dict\u00e9e;elm:context_link;itc:0;sec:content-canvas\" class=\"link \">Miss France 2025\u00a0: Attention aux fautes\u2026 Les miss ont planch\u00e9 sur une dict\u00e9e<\/a><br \/><a href=\"https:\/\/www.20minutes.fr\/arts-stars\/web\/4064984-20231202-orthographe-tiktok-influenceuses-fini-fautes?at_medium=RSS+feed&amp;at_campaign=ynews&amp;utm_source=yahoo&amp;utm_medium=rss&amp;utm_campaign=news_feed&amp;utm_content=related_content_link\" rel=\"nofollow noopener\" target=\"_blank\" data-ylk=\"slk:Orthographe\u00a0: Sur TikTok, avec ces influenceuses, c\u2019est fini les fautes;elm:context_link;itc:0;sec:content-canvas\" class=\"link \">Orthographe\u00a0: Sur TikTok, avec ces influenceuses, c\u2019est fini les fautes<\/a><\/p>\n<p><script async src=\"\/\/www.instagram.com\/embed.js\"><\/script><\/p>\n","protected":false},"excerpt":{"rendered":"Un sans faute\u00a0? &#8211; Ce mercredi \u00e0 21h05, France 5 diffuse une nouvelle \u00e9dition de \u00ab\u00a0La Grande Dict\u00e9e\u00a0\u00bb,&hellip;\n","protected":false},"author":2,"featured_media":31618,"comment_status":"","ping_status":"","sticky":false,"template":"","format":"standard","meta":{"footnotes":""},"categories":[8],"tags":[10722,58,10726,59,1011,27,4467,10723,10725,10724],"class_list":{"0":"post-31617","1":"post","2":"type-post","3":"status-publish","4":"format-standard","5":"has-post-thumbnail","7":"category-divertissement","8":"tag-augustin-trapenard","9":"tag-divertissement","10":"tag-emma-green","11":"tag-entertainment","12":"tag-fr","13":"tag-france","14":"tag-france-5","15":"tag-nouvelle-edition","16":"tag-rachid-santaki","17":"tag-tatiana-de-rosnay"},"share_on_mastodon":{"url":"https:\/\/pubeurope.com\/@fr\/114353221562494530","error":""},"_links":{"self":[{"href":"https:\/\/www.europesays.com\/fr\/wp-json\/wp\/v2\/posts\/31617","targetHints":{"allow":["GET"]}}],"collection":[{"href":"https:\/\/www.europesays.com\/fr\/wp-json\/wp\/v2\/posts"}],"about":[{"href":"https:\/\/www.europesays.com\/fr\/wp-json\/wp\/v2\/types\/post"}],"author":[{"embeddable":true,"href":"https:\/\/www.europesays.com\/fr\/wp-json\/wp\/v2\/users\/2"}],"replies":[{"embeddable":true,"href":"https:\/\/www.europesays.com\/fr\/wp-json\/wp\/v2\/comments?post=31617"}],"version-history":[{"count":0,"href":"https:\/\/www.europesays.com\/fr\/wp-json\/wp\/v2\/posts\/31617\/revisions"}],"wp:featuredmedia":[{"embeddable":true,"href":"https:\/\/www.europesays.com\/fr\/wp-json\/wp\/v2\/media\/31618"}],"wp:attachment":[{"href":"https:\/\/www.europesays.com\/fr\/wp-json\/wp\/v2\/media?parent=31617"}],"wp:term":[{"taxonomy":"category","embeddable":true,"href":"https:\/\/www.europesays.com\/fr\/wp-json\/wp\/v2\/categories?post=31617"},{"taxonomy":"post_tag","embeddable":true,"href":"https:\/\/www.europesays.com\/fr\/wp-json\/wp\/v2\/tags?post=31617"}],"curies":[{"name":"wp","href":"https:\/\/api.w.org\/{rel}","templated":true}]}}