{"id":316172,"date":"2025-08-13T11:43:09","date_gmt":"2025-08-13T11:43:09","guid":{"rendered":"https:\/\/www.europesays.com\/fr\/316172\/"},"modified":"2025-08-13T11:43:09","modified_gmt":"2025-08-13T11:43:09","slug":"allemagne-opte-pour-les-centrales-a-gaz","status":"publish","type":"post","link":"https:\/\/www.europesays.com\/fr\/316172\/","title":{"rendered":"Allemagne opte pour les centrales \u00e0 gaz"},"content":{"rendered":"<p>Principaux renseignements<\/p>\n<ul class=\"wp-block-list\">\n<li><strong>Le gouvernement conservateur allemand donne la priorit\u00e9 \u00e0 la construction de centrales \u00e9lectriques au gaz afin de garantir aux industries une \u00e9nergie fiable et abordable.<\/strong><\/li>\n<li><strong>Ce plan est critiqu\u00e9 parce qu\u2019il risque de compromettre les engagements de l\u2019Allemagne en mati\u00e8re de climat.<\/strong><\/li>\n<\/ul>\n<p>Le gouvernement conservateur allemand donne la priorit\u00e9 \u00e0 la relance \u00e9conomique en construisant rapidement des centrales \u00e9lectriques au gaz. Cette initiative, men\u00e9e par la coalition du chancelier Friedrich Merz, vise \u00e0 garantir aux industries allemandes une \u00e9nergie fiable et abordable. Toutefois, ce plan a suscit\u00e9 des inqui\u00e9tudes quant au non-respect des <a href=\"https:\/\/fr.businessam.be\/allemagne-malheurs-economiques-bureaucratie\/\" target=\"_blank\" rel=\"noopener\">engagements en mati\u00e8re de climat<\/a> et des divisions internes au sein de la coalition au pouvoir.<\/p>\n<p>Le minist\u00e8re de l\u2019\u00e9conomie, dirig\u00e9 par Katherina Reiche, membre de la CDU, pr\u00e9conise la construction de centrales \u00e0 gaz d\u2019une capacit\u00e9 d\u2019environ 20 gigawatts d\u2019ici \u00e0 2030. Reiche, ancienne cadre dans le secteur de l\u2019\u00e9nergie, souligne la n\u00e9cessit\u00e9 d\u2019agir rapidement pour garantir la s\u00e9curit\u00e9 \u00e9nerg\u00e9tique en Allemagne. L\u2019objectif est de cr\u00e9er une source d\u2019\u00e9nergie de secours pendant les p\u00e9riodes o\u00f9 les sources d\u2019\u00e9nergie renouvelables, comme le solaire et l\u2019\u00e9olien, sont insuffisantes.<\/p>\n<p>Solution transitoire<\/p>\n<p>Les partisans du gaz naturel soutiennent que l\u2019augmentation de l\u2019offre de gaz est n\u00e9cessaire \u00e0 court terme en raison de l\u2019abandon progressif de l\u2019\u00e9nergie nucl\u00e9aire et de la r\u00e9duction pr\u00e9vue de l\u2019utilisation du charbon. Ils consid\u00e8rent le gaz naturel comme une solution transitoire jusqu\u2019\u00e0 ce que la capacit\u00e9 des \u00e9nergies renouvelables augmente suffisamment. La loi allemande sur le climat impose une part de 80 pour cent de consommation d\u2019\u00e9lectricit\u00e9 d\u2019origine renouvelable d\u2019ici \u00e0 2030, un objectif qui se situe actuellement autour de 55 pour cent.<\/p>\n<p>Le gouvernement a r\u00e9cemment approuv\u00e9 la production de gaz en mer du Nord, suscitant les critiques des groupes de d\u00e9fense de l\u2019environnement. Le projet de construction de nouvelles usines \u00e0 gaz a suscit\u00e9 un examen minutieux, car les nouveaux objectifs sont environ deux fois plus \u00e9lev\u00e9s que ceux propos\u00e9s par l\u2019administration pr\u00e9c\u00e9dente.<\/p>\n<p>Priorit\u00e9s changeantes et tensions internes<\/p>\n<p>Le changement de nom du minist\u00e8re, qui est pass\u00e9 de \u00ab\u00a0minist\u00e8re de l\u2019\u00e9conomie et de l\u2019action climatique\u00a0\u00bb \u00e0 \u00ab\u00a0minist\u00e8re de l\u2019\u00e9conomie et de l\u2019\u00e9nergie\u00a0\u00bb, met en \u00e9vidence le changement de priorit\u00e9s sous le nouveau gouvernement.<\/p>\n<p>Bien qu\u2019un porte-parole du minist\u00e8re de l\u2019\u00e9conomie ait affirm\u00e9 l\u2019engagement du gouvernement en faveur des objectifs climatiques, les critiques persistent tant au sein de la coalition que de la part des groupes de d\u00e9fense de l\u2019environnement qui craignent que l\u2019expansion des centrales au gaz ne compromette les objectifs climatiques de l\u2019Allemagne. (jv)<\/p>\n","protected":false},"excerpt":{"rendered":"Principaux renseignements Le gouvernement conservateur allemand donne la priorit\u00e9 \u00e0 la construction de centrales \u00e9lectriques au gaz afin&hellip;\n","protected":false},"author":2,"featured_media":316173,"comment_status":"","ping_status":"","sticky":false,"template":"","format":"standard","meta":{"footnotes":""},"categories":[1587],"tags":[11,672,1804,1805,1803,893,1777,674,843,1801,12,1802],"class_list":{"0":"post-316172","1":"post","2":"type-post","3":"status-publish","4":"format-standard","5":"has-post-thumbnail","7":"category-allemagne","8":"tag-actualites","9":"tag-allemagne","10":"tag-bundesrepublik-deutschland","11":"tag-de","12":"tag-deutschland","13":"tag-energie","14":"tag-eu","15":"tag-europe","16":"tag-gaz","17":"tag-germany","18":"tag-news","19":"tag-republique-federale-dallemagne"},"share_on_mastodon":{"url":"https:\/\/pubeurope.com\/@fr\/115021283600679624","error":""},"_links":{"self":[{"href":"https:\/\/www.europesays.com\/fr\/wp-json\/wp\/v2\/posts\/316172","targetHints":{"allow":["GET"]}}],"collection":[{"href":"https:\/\/www.europesays.com\/fr\/wp-json\/wp\/v2\/posts"}],"about":[{"href":"https:\/\/www.europesays.com\/fr\/wp-json\/wp\/v2\/types\/post"}],"author":[{"embeddable":true,"href":"https:\/\/www.europesays.com\/fr\/wp-json\/wp\/v2\/users\/2"}],"replies":[{"embeddable":true,"href":"https:\/\/www.europesays.com\/fr\/wp-json\/wp\/v2\/comments?post=316172"}],"version-history":[{"count":0,"href":"https:\/\/www.europesays.com\/fr\/wp-json\/wp\/v2\/posts\/316172\/revisions"}],"wp:featuredmedia":[{"embeddable":true,"href":"https:\/\/www.europesays.com\/fr\/wp-json\/wp\/v2\/media\/316173"}],"wp:attachment":[{"href":"https:\/\/www.europesays.com\/fr\/wp-json\/wp\/v2\/media?parent=316172"}],"wp:term":[{"taxonomy":"category","embeddable":true,"href":"https:\/\/www.europesays.com\/fr\/wp-json\/wp\/v2\/categories?post=316172"},{"taxonomy":"post_tag","embeddable":true,"href":"https:\/\/www.europesays.com\/fr\/wp-json\/wp\/v2\/tags?post=316172"}],"curies":[{"name":"wp","href":"https:\/\/api.w.org\/{rel}","templated":true}]}}