{"id":316174,"date":"2025-08-13T11:44:11","date_gmt":"2025-08-13T11:44:11","guid":{"rendered":"https:\/\/www.europesays.com\/fr\/316174\/"},"modified":"2025-08-13T11:44:11","modified_gmt":"2025-08-13T11:44:11","slug":"ukraine-moscou-denigre-les-consultations-insignifiantes-des-europeens-13-08-2025-a-1248","status":"publish","type":"post","link":"https:\/\/www.europesays.com\/fr\/316174\/","title":{"rendered":"Ukraine-Moscou d\u00e9nigre les consultations \u00ab\u00a0insignifiantes\u00a0\u00bb des Europ\u00e9ens &#8211; 13\/08\/2025 \u00e0 12:48"},"content":{"rendered":"<p>\n La Russie a qualifi\u00e9<br \/>\nd'\u00a0\u00bbinsignifiantes\u00a0\u00bb, mercredi, les consultations organis\u00e9es par<br \/>\nles Europ\u00e9ens en amont du sommet entre Donald Trump et Vladimir<br \/>\nPoutine en Alaska.\n<\/p>\n<p>\n Le porte-parole du minist\u00e8re des Affaires \u00e9trang\u00e8res Alexe\u00ef<br \/>\nFadeev a \u00e9galement d\u00e9clar\u00e9 que la rencontre entre les pr\u00e9sidents<br \/>\nam\u00e9ricain et russe vendredi porterait sur \u00ab\u00a0toutes les questions<br \/>\naccumul\u00e9es\u00a0\u00bb dans les relations bilat\u00e9rales entre les Etats-Unis<br \/>\net la Russie.\n<\/p>\n<p>\n La position de Vladimir Poutine sur les conditions de la<br \/>\npaix en Ukraine n&rsquo;a pas chang\u00e9 depuis qu&rsquo;il l&rsquo;a formul\u00e9e en juin<br \/>\n2024, a-t-il ajout\u00e9.\n<\/p>\n<p>\n Le pr\u00e9sident russe avait alors exig\u00e9 le retrait total des<br \/>\ntroupes ukrainiennes des quatre r\u00e9gions de Donetsk, Louhansk,<br \/>\nZaporijjia et Kherson, que Moscou a annex\u00e9es unilat\u00e9ralement<br \/>\nmais ne contr\u00f4le que partiellement.\n<\/p>\n<p>\n Des dirigeants europ\u00e9ens et le pr\u00e9sident ukrainien Volodimir<br \/>\nZelensky doivent participer mercredi \u00e0 une r\u00e9union virtuelle<br \/>\navec Donald Trump, avec l&rsquo;objectif de convaincre le pr\u00e9sident<br \/>\nam\u00e9ricain de pr\u00e9server les int\u00e9r\u00eats de l&rsquo;Ukraine lors du sommet<br \/>\nen Alaska.\n<\/p>\n<p>\n (R\u00e9dig\u00e9 par Dmitry Antonov; Jean-St\u00e9phane Brosse pour la<br \/>\nversion fran\u00e7aise, \u00e9dit\u00e9 par Blandine H\u00e9nault)<\/p>\n","protected":false},"excerpt":{"rendered":"La Russie a qualifi\u00e9 d&rsquo;\u00a0\u00bbinsignifiantes\u00a0\u00bb, mercredi, les consultations organis\u00e9es par les Europ\u00e9ens en amont du sommet entre Donald&hellip;\n","protected":false},"author":2,"featured_media":2486,"comment_status":"","ping_status":"","sticky":false,"template":"","format":"standard","meta":{"footnotes":""},"categories":[1586],"tags":[400,11,398,408,405,1777,674,1011,27,403,402,399,404,12,25,401,406,407],"class_list":{"0":"post-316174","1":"post","2":"type-post","3":"status-publish","4":"format-standard","5":"has-post-thumbnail","7":"category-europe","8":"tag-action-cac-40","9":"tag-actualites","10":"tag-bourse-de-paris","11":"tag-boursorama","12":"tag-cotations","13":"tag-eu","14":"tag-europe","15":"tag-fr","16":"tag-france","17":"tag-indices-devises","18":"tag-investir","19":"tag-investissement","20":"tag-marche-boursier","21":"tag-news","22":"tag-republique-francaise","23":"tag-sicav","24":"tag-trackers","25":"tag-warrants"},"share_on_mastodon":{"url":"https:\/\/pubeurope.com\/@fr\/115021287622603224","error":""},"_links":{"self":[{"href":"https:\/\/www.europesays.com\/fr\/wp-json\/wp\/v2\/posts\/316174","targetHints":{"allow":["GET"]}}],"collection":[{"href":"https:\/\/www.europesays.com\/fr\/wp-json\/wp\/v2\/posts"}],"about":[{"href":"https:\/\/www.europesays.com\/fr\/wp-json\/wp\/v2\/types\/post"}],"author":[{"embeddable":true,"href":"https:\/\/www.europesays.com\/fr\/wp-json\/wp\/v2\/users\/2"}],"replies":[{"embeddable":true,"href":"https:\/\/www.europesays.com\/fr\/wp-json\/wp\/v2\/comments?post=316174"}],"version-history":[{"count":0,"href":"https:\/\/www.europesays.com\/fr\/wp-json\/wp\/v2\/posts\/316174\/revisions"}],"wp:featuredmedia":[{"embeddable":true,"href":"https:\/\/www.europesays.com\/fr\/wp-json\/wp\/v2\/media\/2486"}],"wp:attachment":[{"href":"https:\/\/www.europesays.com\/fr\/wp-json\/wp\/v2\/media?parent=316174"}],"wp:term":[{"taxonomy":"category","embeddable":true,"href":"https:\/\/www.europesays.com\/fr\/wp-json\/wp\/v2\/categories?post=316174"},{"taxonomy":"post_tag","embeddable":true,"href":"https:\/\/www.europesays.com\/fr\/wp-json\/wp\/v2\/tags?post=316174"}],"curies":[{"name":"wp","href":"https:\/\/api.w.org\/{rel}","templated":true}]}}