{"id":316175,"date":"2025-08-13T11:45:13","date_gmt":"2025-08-13T11:45:13","guid":{"rendered":"https:\/\/www.europesays.com\/fr\/316175\/"},"modified":"2025-08-13T11:45:13","modified_gmt":"2025-08-13T11:45:13","slug":"ursula-von-der-leyen-ou-la-tante-picsou-a-bruxelles","status":"publish","type":"post","link":"https:\/\/www.europesays.com\/fr\/316175\/","title":{"rendered":"Ursula von der Leyen ou la tante Picsou \u00e0 Bruxelles"},"content":{"rendered":"<p>Quand on observe <a href=\"https:\/\/www.lejdd.fr\/International\/parlement-europeen-la-motion-de-censure-contre-ursula-von-der-leyen-largement-rejetee-160042\" target=\"_blank\" rel=\"nofollow noopener\">Ursula von der Leyen<\/a> en <a href=\"https:\/\/www.lejdd.fr\/culture\/ecosse-la-decouverte-des-highlands-146103\" target=\"_blank\" rel=\"nofollow noopener\">\u00c9cosse<\/a> aux c\u00f4t\u00e9s du Donald, on ne pense pas spontan\u00e9ment \u00e0 l\u2019oncle Picsou. Au contraire. L\u2019Am\u00e9ricain vient de lui faire les poches, en imposant aux Europ\u00e9ens 15\u00a0% de droits de douane, 600\u00a0milliards de dollars d\u2019investissements aux <a href=\"https:\/\/www.lejdd.fr\/International\/censure-de-la-parole-en-ligne-essor-de-lantisemitisme-ladministration-trump-epingle-la-deterioration-des-droits-humains-en-europe-160983\" target=\"_blank\" rel=\"nofollow noopener\">\u00c9tats-Unis<\/a> et l\u2019achat de 750\u00a0milliards de gaz de schiste\u2026\u00a0\u00ab\u00a0The biggest deal\u00a0!\u00a0\u00bb\u00a0s\u2019est glorifi\u00e9 le pr\u00e9sident, toujours modeste. Elle a c\u00e9d\u00e9 sans protester. Elle a remball\u00e9 les mesures de r\u00e9torsion envisag\u00e9es. Les constructeurs automobiles allemands peuvent souffler, ils \u00e9chappent \u00e0 la taxe de 30\u00a0% que mena\u00e7ait de leur infliger l\u2019administration am\u00e9ricaine d\u00e8s le 1er\u00a0ao\u00fbt.\u00a0<\/p>\n<p>Ursula von der Leyen affiche un sourire contraint. Le pire \u00e9tant la conf\u00e9rence de presse finale et les flagorneries adress\u00e9es au vainqueur, comme s\u2019il fallait craindre qu\u2019il se ravise et la jette dehors. Elle imite m\u00eame son h\u00f4te en levant le pouce\u00a0! C\u2019est la capitulation en chantant. Un peu comme si les officiers du Kaiser avaient fait le V de la victoire dans le wagon de Rotonde.\u00a0<\/p>\n<p>La pr\u00e9sidente de la Commission europ\u00e9enne n\u2019est pas une avare ordinaire qui hurle \u00e0 la mort quand on touche \u00e0 son \u00e9pargne. Ursula est prodigue avec notre argent. Mais c\u2019est bien une ladre, une pingre, une avaricieuse. Sa cassette, ce sont ses secrets. Elle garde sous clef les infos qu\u2019elle devrait communiquer. Elle n\u2019accepte aucun contr\u00f4le. Une avare refuse toujours de rendre des comptes.\u00a0<\/p>\n<p>March\u00e9 mirobolant\u00a0<\/p>\n<p>L\u2019avarice est une passion. Honteuse, incurable, d\u00e9vorante jusqu\u2019\u00e0 l\u2019irrationnel. Un vice qui aggrave tous les autres. L\u2019\u00c9glise la condamne aussi s\u00e9v\u00e8rement que l\u2019orgueil et Dante la d\u00e9crit comme une louve qui repousse le po\u00e8te dans une caverne o\u00f9 n\u2019entrent jamais les rayons du soleil. Ursula von der Leyen \u00e9gare dans les t\u00e9n\u00e8bres du labyrinthe bureaucratique ceux qui osent lui r\u00e9clamer des comptes.\u00a0<\/p>\n<blockquote class=\"exergue\">\n<p>La Commission se targue d\u2019\u00eatre championne du droit d\u2019acc\u00e8s aux documents administratifs<\/p>\n<\/blockquote>\n<p>L\u2019affaire la plus connue est celle des<a href=\"https:\/\/www.lejdd.fr\/International\/quest-ce-que-laffaire-pfizer-files-160014\" target=\"_blank\" rel=\"nofollow noopener\"> SMS myst\u00e9rieux<\/a> qu\u2019elle a \u00e9chang\u00e9s pendant l\u2019\u00e9pid\u00e9mie de Covid avec Albert Bourla, le pr\u00e9sident de Pfizer, et qu\u2019elle refuse obstin\u00e9ment de communiquer. En janvier\u00a02021, l\u2019Europe a achet\u00e9 1,8\u00a0milliard de vaccins pour pr\u00e8s de 4\u00a0milliards d\u2019euros. Trois doses par personne qu\u2019il a fallu d\u00e9truire ensuite. Pourquoi en avoir command\u00e9 autant et pourquoi co\u00fbtaient-ils de plus en plus cher\u00a0? La Commission, qui est tenue de publier les \u00e9changes sur les accords commerciaux qu\u2019elle a conclus, a oppos\u00e9 sa mauvaise foi aux avocats du\u00a0New\u00a0York\u00a0Times, aux enqu\u00eateurs du Tribunal de l\u2019Union europ\u00e9enne, \u00e0 la m\u00e9diatrice, \u00e0 la Cour des comptes, \u00e0 la Commission parlementaire sur le Covid-19 qui l\u2019interrogeaient sur ce march\u00e9 mirobolant. \u00c0 ce niveau d\u2019opacit\u00e9, ce n\u2019est plus l\u2019Union europ\u00e9enne mais l\u2019Union sovi\u00e9tique.\u00a0<\/p>\n<p>    La suite apr\u00e8s cette publicit\u00e9<\/p>\n<p>L\u2019argent de l\u2019Unrwa<\/p>\n<p>Idem avec l\u2019Unrwa. La Commission se targue d\u2019\u00eatre championne du droit d\u2019acc\u00e8s aux documents administratifs. Elle exige la transparence des entreprises qui doivent respecter la RSE comme un nouveau d\u00e9calogue. Mais elle rechigne \u00e0 r\u00e9pondre \u00e0 ceux qui veulent savoir o\u00f9 est pass\u00e9 l\u2019argent vers\u00e9 \u00e0 l\u2019Agence des Nations unies pour les r\u00e9fugi\u00e9s palestiniens. <a href=\"https:\/\/www.lejdd.fr\/International\/gaza-le-chef-de-la-diplomatie-americaine-accuse-emmanuel-macron-davoir-torpille-un-accord-de-paix-israel-hamas-160929\" target=\"_blank\" rel=\"nofollow noopener\">Isra\u00ebl<\/a> accuse l\u2019Unrwa d\u2019\u00eatre largement infiltr\u00e9e par le <a href=\"https:\/\/www.lejdd.fr\/International\/ignoble-et-cruel-le-hamas-diffuse-la-video-dun-otage-israelien-decharne-creusant-sa-propre-tombe-160732\" target=\"_blank\" rel=\"nofollow noopener\">Hamas<\/a> \u00e0 Gaza. Au moins une douzaine de ses employ\u00e9s \u00e9taient des terroristes du 7-Octobre. La plupart des pays europ\u00e9ens ont aussit\u00f4t suspendu leur aide. Pas l\u2019UE, qui a vers\u00e9 275\u00a0millions d\u2019euros \u00e0 l\u2019organisation l\u2019an dernier. On veut conna\u00eetre les montants pr\u00e9cis allou\u00e9s depuis dix\u00a0ans, lire les rapports d\u2019audit sur l\u2019utilisation de ces sommes, v\u00e9rifier qu\u2019ils n\u2019ont pas financ\u00e9 les tunnels o\u00f9 croupissent les otages. Depuis trois\u00a0mois, des associations r\u00e9clament en vain ces documents. L\u2019opacit\u00e9 nourrit toutes les rumeurs.\u00a0<\/p>\n<p>On rit d\u2019Harpagon. On le plaint. On devrait surtout s\u2019en m\u00e9fier. \u00c0 la t\u00eate d\u2019un \u00c9tat, il provoquerait la r\u00e9volution. La tante Picsou ruine la confiance des Europ\u00e9ens.<\/p>\n","protected":false},"excerpt":{"rendered":"Quand on observe Ursula von der Leyen en \u00c9cosse aux c\u00f4t\u00e9s du Donald, on ne pense pas spontan\u00e9ment&hellip;\n","protected":false},"author":2,"featured_media":316176,"comment_status":"","ping_status":"","sticky":false,"template":"","format":"standard","meta":{"footnotes":""},"categories":[1586],"tags":[11,1777,674,1779,1011,27,12,25,1778,364],"class_list":{"0":"post-316175","1":"post","2":"type-post","3":"status-publish","4":"format-standard","5":"has-post-thumbnail","7":"category-europe","8":"tag-actualites","9":"tag-eu","10":"tag-europe","11":"tag-european-union","12":"tag-fr","13":"tag-france","14":"tag-news","15":"tag-republique-francaise","16":"tag-ue","17":"tag-union-europeenne"},"share_on_mastodon":{"url":"https:\/\/pubeurope.com\/@fr\/115021291393096941","error":""},"_links":{"self":[{"href":"https:\/\/www.europesays.com\/fr\/wp-json\/wp\/v2\/posts\/316175","targetHints":{"allow":["GET"]}}],"collection":[{"href":"https:\/\/www.europesays.com\/fr\/wp-json\/wp\/v2\/posts"}],"about":[{"href":"https:\/\/www.europesays.com\/fr\/wp-json\/wp\/v2\/types\/post"}],"author":[{"embeddable":true,"href":"https:\/\/www.europesays.com\/fr\/wp-json\/wp\/v2\/users\/2"}],"replies":[{"embeddable":true,"href":"https:\/\/www.europesays.com\/fr\/wp-json\/wp\/v2\/comments?post=316175"}],"version-history":[{"count":0,"href":"https:\/\/www.europesays.com\/fr\/wp-json\/wp\/v2\/posts\/316175\/revisions"}],"wp:featuredmedia":[{"embeddable":true,"href":"https:\/\/www.europesays.com\/fr\/wp-json\/wp\/v2\/media\/316176"}],"wp:attachment":[{"href":"https:\/\/www.europesays.com\/fr\/wp-json\/wp\/v2\/media?parent=316175"}],"wp:term":[{"taxonomy":"category","embeddable":true,"href":"https:\/\/www.europesays.com\/fr\/wp-json\/wp\/v2\/categories?post=316175"},{"taxonomy":"post_tag","embeddable":true,"href":"https:\/\/www.europesays.com\/fr\/wp-json\/wp\/v2\/tags?post=316175"}],"curies":[{"name":"wp","href":"https:\/\/api.w.org\/{rel}","templated":true}]}}