{"id":316183,"date":"2025-08-13T11:49:15","date_gmt":"2025-08-13T11:49:15","guid":{"rendered":"https:\/\/www.europesays.com\/fr\/316183\/"},"modified":"2025-08-13T11:49:15","modified_gmt":"2025-08-13T11:49:15","slug":"girls-boys-amateur-championship-alzas-en-premiere-ligne","status":"publish","type":"post","link":"https:\/\/www.europesays.com\/fr\/316183\/","title":{"rendered":"Girls\u2019 &#038; Boys Amateur Championship : Alzas en premi\u00e8re ligne"},"content":{"rendered":"<p>Chez les Boys, la r\u00e9ussite a \u00e9t\u00e9 similaire pour les U18 masculins. Alors que <strong>Th\u00e9ophile<\/strong> <strong>Archer<\/strong> tenait la premi\u00e8re place hier aux c\u00f4t\u00e9s de <strong>Noah<\/strong> <strong>Peens<\/strong>, les deux hommes ont \u00e9t\u00e9 devanc\u00e9s par <strong>Kim<\/strong> <strong>Kris<\/strong> et <strong>Callixte<\/strong> <strong>Alzas<\/strong>, tous deux auteurs d\u2019une grande journ\u00e9e en 66 (-6) sur le trac\u00e9 de <strong>Country<\/strong> <strong>Louth<\/strong> (Irlande). \u00c0 \u00e9galit\u00e9 \u00e0 -11 total, l\u2019Anglais et le Fran\u00e7ais ont d\u2019abord \u00e9tabli la nouvelle meilleure marque pour une qualification dans un British Amateur Boys, avant d\u2019\u00eatre sacr\u00e9s vainqueurs ex aequo. \u00ab\u00a0J\u2019ai confiance dans mon jeu, forc\u00e9ment, a-t-il r\u00e9agi au micro de l\u2019organisation de l\u2019\u00e9v\u00e9nement. J\u2019ai h\u00e2te de disputer les matchs sur ce magnifique parcours de golf. Si je continue \u00e0 jouer comme je l&rsquo;ai fait jusqu&rsquo;\u00e0 pr\u00e9sent, j&rsquo;aurai une chance, mais les matchs sont toujours difficiles. J&rsquo;ai fait un beau parcours au British Amateur et j&rsquo;esp\u00e8re pouvoir en faire autant ici.\u00a0\u00bb<\/p>\n<p>Archer a quant \u00e0 lui pris la 3e place \u00e0 -10, trois unit\u00e9s devant <strong>Tom<\/strong> <strong>De<\/strong> <strong>Herrypon<\/strong>, 9e \u00e0 -7. <strong>Alexis<\/strong> <strong>Barnetche<\/strong> (14e \u00e0 -6), ainsi que <strong>Paul<\/strong> <strong>Martin<\/strong> et <strong>Oscar<\/strong> <strong>Couilleau<\/strong> (21e \u00e0 -4) ont compl\u00e9t\u00e9 le contingent de six Bleus dans le cut.<\/p>\n","protected":false},"excerpt":{"rendered":"Chez les Boys, la r\u00e9ussite a \u00e9t\u00e9 similaire pour les U18 masculins. Alors que Th\u00e9ophile Archer tenait la&hellip;\n","protected":false},"author":2,"featured_media":316184,"comment_status":"","ping_status":"","sticky":false,"template":"","format":"standard","meta":{"footnotes":""},"categories":[1418],"tags":[1011,27,1472,60],"class_list":{"0":"post-316183","1":"post","2":"type-post","3":"status-publish","4":"format-standard","5":"has-post-thumbnail","7":"category-golf","8":"tag-fr","9":"tag-france","10":"tag-golf","11":"tag-sports"},"share_on_mastodon":{"url":"https:\/\/pubeurope.com\/@fr\/115021307039221975","error":""},"_links":{"self":[{"href":"https:\/\/www.europesays.com\/fr\/wp-json\/wp\/v2\/posts\/316183","targetHints":{"allow":["GET"]}}],"collection":[{"href":"https:\/\/www.europesays.com\/fr\/wp-json\/wp\/v2\/posts"}],"about":[{"href":"https:\/\/www.europesays.com\/fr\/wp-json\/wp\/v2\/types\/post"}],"author":[{"embeddable":true,"href":"https:\/\/www.europesays.com\/fr\/wp-json\/wp\/v2\/users\/2"}],"replies":[{"embeddable":true,"href":"https:\/\/www.europesays.com\/fr\/wp-json\/wp\/v2\/comments?post=316183"}],"version-history":[{"count":0,"href":"https:\/\/www.europesays.com\/fr\/wp-json\/wp\/v2\/posts\/316183\/revisions"}],"wp:featuredmedia":[{"embeddable":true,"href":"https:\/\/www.europesays.com\/fr\/wp-json\/wp\/v2\/media\/316184"}],"wp:attachment":[{"href":"https:\/\/www.europesays.com\/fr\/wp-json\/wp\/v2\/media?parent=316183"}],"wp:term":[{"taxonomy":"category","embeddable":true,"href":"https:\/\/www.europesays.com\/fr\/wp-json\/wp\/v2\/categories?post=316183"},{"taxonomy":"post_tag","embeddable":true,"href":"https:\/\/www.europesays.com\/fr\/wp-json\/wp\/v2\/tags?post=316183"}],"curies":[{"name":"wp","href":"https:\/\/api.w.org\/{rel}","templated":true}]}}