{"id":316185,"date":"2025-08-13T11:51:09","date_gmt":"2025-08-13T11:51:09","guid":{"rendered":"https:\/\/www.europesays.com\/fr\/316185\/"},"modified":"2025-08-13T11:51:09","modified_gmt":"2025-08-13T11:51:09","slug":"lheure-de-james-oconnor-est-enfin-arrivee","status":"publish","type":"post","link":"https:\/\/www.europesays.com\/fr\/316185\/","title":{"rendered":"L&rsquo;heure de James O&rsquo;Connor est enfin arriv\u00e9e !"},"content":{"rendered":"<p>\u00c0 quelques heures de l\u2019annonce officielle de la composition Australienne pour l\u2019ouverture du Rugby Championship, une rumeur secoue le rugby de l\u2019h\u00e9misph\u00e8re sud : <strong>James O\u2019Connor<\/strong> pourrait \u00eatre titularis\u00e9 \u00e0 l\u2019ouverture face aux <strong>Springboks<\/strong> \u00e0 Johannesburg.<\/p>\n<p>Selon le m\u00e9dia australien Roar, <strong>Joe Schmidt<\/strong> s\u2019appr\u00eate \u00e0 confier le num\u00e9ro 10 au v\u00e9t\u00e9ran de 35 ans, absent des Wallabies depuis le 13 ao\u00fbt 2022 et fort de <strong>64 s\u00e9lections<\/strong>.<\/p>\n<p>Cette d\u00e9cision surprend, d\u2019autant qu\u2019O\u2019Connor \u00e9voluait cette saison avec les Crusaders et n\u2019\u00e9tait plus dans les plans r\u00e9cents de la s\u00e9lection.<\/p>\n<p>Mais les blessures de <strong>Noah Lolesio<\/strong> et <strong>Tom Lynagh<\/strong> ont rebattu les cartes. O\u2019Connor serait pr\u00e9f\u00e9r\u00e9 \u00e0 <strong>Ben Donaldson<\/strong>, qui devrait encha\u00eener un cinqui\u00e8me match cons\u00e9cutif sur le banc.<\/p>\n<p>Pour le reste, Schmidt devrait reconduire l\u2019essentiel du XV victorieux des Lions \u00e0 Sydney lors du dernier test, avec notamment le retour de <strong>Rob Valetini<\/strong> en troisi\u00e8me ligne.<\/p>\n<p>Si cette titularisation se confirme, elle marquerait un <strong>retour inattendu et symbolique<\/strong> pour l\u2019ancien joueur du RC Toulon, dans un match d\u2019ouverture d\u00e9j\u00e0 capital face aux doubles champions du monde.<\/p>\n","protected":false},"excerpt":{"rendered":"\u00c0 quelques heures de l\u2019annonce officielle de la composition Australienne pour l\u2019ouverture du Rugby Championship, une rumeur secoue&hellip;\n","protected":false},"author":2,"featured_media":316186,"comment_status":"","ping_status":"","sticky":false,"template":"","format":"standard","meta":{"footnotes":""},"categories":[1416],"tags":[1011,27,479,1468,60],"class_list":{"0":"post-316185","1":"post","2":"type-post","3":"status-publish","4":"format-standard","5":"has-post-thumbnail","7":"category-rugby","8":"tag-fr","9":"tag-france","10":"tag-rugby","11":"tag-rugby-football","12":"tag-sports"},"share_on_mastodon":{"url":"https:\/\/pubeurope.com\/@fr\/115021315207971018","error":""},"_links":{"self":[{"href":"https:\/\/www.europesays.com\/fr\/wp-json\/wp\/v2\/posts\/316185","targetHints":{"allow":["GET"]}}],"collection":[{"href":"https:\/\/www.europesays.com\/fr\/wp-json\/wp\/v2\/posts"}],"about":[{"href":"https:\/\/www.europesays.com\/fr\/wp-json\/wp\/v2\/types\/post"}],"author":[{"embeddable":true,"href":"https:\/\/www.europesays.com\/fr\/wp-json\/wp\/v2\/users\/2"}],"replies":[{"embeddable":true,"href":"https:\/\/www.europesays.com\/fr\/wp-json\/wp\/v2\/comments?post=316185"}],"version-history":[{"count":0,"href":"https:\/\/www.europesays.com\/fr\/wp-json\/wp\/v2\/posts\/316185\/revisions"}],"wp:featuredmedia":[{"embeddable":true,"href":"https:\/\/www.europesays.com\/fr\/wp-json\/wp\/v2\/media\/316186"}],"wp:attachment":[{"href":"https:\/\/www.europesays.com\/fr\/wp-json\/wp\/v2\/media?parent=316185"}],"wp:term":[{"taxonomy":"category","embeddable":true,"href":"https:\/\/www.europesays.com\/fr\/wp-json\/wp\/v2\/categories?post=316185"},{"taxonomy":"post_tag","embeddable":true,"href":"https:\/\/www.europesays.com\/fr\/wp-json\/wp\/v2\/tags?post=316185"}],"curies":[{"name":"wp","href":"https:\/\/api.w.org\/{rel}","templated":true}]}}