{"id":316189,"date":"2025-08-13T11:54:10","date_gmt":"2025-08-13T11:54:10","guid":{"rendered":"https:\/\/www.europesays.com\/fr\/316189\/"},"modified":"2025-08-13T11:54:10","modified_gmt":"2025-08-13T11:54:10","slug":"chantra-absent-en-autriche-et-hongrie-a-espargaro-le-remplacera-au-balaton-park","status":"publish","type":"post","link":"https:\/\/www.europesays.com\/fr\/316189\/","title":{"rendered":"Chantra absent en Autriche et Hongrie, A.Espargar\u00f3 le remplacera au Balaton Park"},"content":{"rendered":"<p class=\"p1\">Somkiat Chantra (IDEMITSU Honda LCR) manquera les Grands Prix d&rsquo;Autriche et de Hongrie. Le pilote tha\u00eflandais s&rsquo;est bless\u00e9 au ligament du genou droit lors d&rsquo;un entra\u00eenement apr\u00e8s le Grand Prix des Pays-Bas, a subi une intervention chirurgicale et tente depuis ce jour de r\u00e9cup\u00e9rer dans l&rsquo;espoir de faire son retour ce week-end au Red Bull Ring.<\/p>\n<p>Cependant, mercredi matin, en collaboration avec des sp\u00e9cialistes du genou de l&rsquo;h\u00f4pital universitaire Dexeus de Barcelone, le directeur m\u00e9dical du MotoGP\u2122 \u00c1ngel Charte a proc\u00e9d\u00e9 \u00e0 un examen et a conclu que Somkiat Chantra n&rsquo;\u00e9tait pas encore en mesure de reprendre la comp\u00e9tition. Par cons\u00e9quent, le rookie manquera les deux prochaines manches.<\/p>\n<p>Plusieurs pilotes d&rsquo;essai Honda et rempla\u00e7ants potentiels \u00e9tant \u00e9galement indisponibles en raison de leur propre convalescence, l&rsquo;\u00e9quipe IDEMITSU Honda LCR a d\u00e9clar\u00e9 qu&rsquo;elle n&rsquo;avait pas \u00e9t\u00e9 en mesure de trouver un rempla\u00e7ant ad\u00e9quat pour l&rsquo;Autriche.<\/p>\n<p>Cependant, d&rsquo;ici \u00e0 ce que le MotoGP\u2122 se rende en Hongrie pour la premi\u00e8re visite de son histoire au Balaton Park dans une semaine, Aleix Espargar\u00f3 sera de retour et pourra suppl\u00e9er le jeune Tha\u00eflandais. On peut s&rsquo;attendre \u00e0 voir le n\u00b035 retrouver la comp\u00e9tition \u00e0 Barcelone.<\/p>\n<p>Bon r\u00e9tablissement, Somkiat !<\/p>\n","protected":false},"excerpt":{"rendered":"Somkiat Chantra (IDEMITSU Honda LCR) manquera les Grands Prix d&rsquo;Autriche et de Hongrie. Le pilote tha\u00eflandais s&rsquo;est bless\u00e9&hellip;\n","protected":false},"author":2,"featured_media":226403,"comment_status":"","ping_status":"","sticky":false,"template":"","format":"standard","meta":{"footnotes":""},"categories":[1413],"tags":[1011,27,1457,1456,60,2032],"class_list":{"0":"post-316189","1":"post","2":"type-post","3":"status-publish","4":"format-standard","5":"has-post-thumbnail","7":"category-moto","8":"tag-fr","9":"tag-france","10":"tag-moto","11":"tag-motocycle","12":"tag-sports","13":"tag-text"},"share_on_mastodon":{"url":"https:\/\/pubeurope.com\/@fr\/115021326795360631","error":""},"_links":{"self":[{"href":"https:\/\/www.europesays.com\/fr\/wp-json\/wp\/v2\/posts\/316189","targetHints":{"allow":["GET"]}}],"collection":[{"href":"https:\/\/www.europesays.com\/fr\/wp-json\/wp\/v2\/posts"}],"about":[{"href":"https:\/\/www.europesays.com\/fr\/wp-json\/wp\/v2\/types\/post"}],"author":[{"embeddable":true,"href":"https:\/\/www.europesays.com\/fr\/wp-json\/wp\/v2\/users\/2"}],"replies":[{"embeddable":true,"href":"https:\/\/www.europesays.com\/fr\/wp-json\/wp\/v2\/comments?post=316189"}],"version-history":[{"count":0,"href":"https:\/\/www.europesays.com\/fr\/wp-json\/wp\/v2\/posts\/316189\/revisions"}],"wp:featuredmedia":[{"embeddable":true,"href":"https:\/\/www.europesays.com\/fr\/wp-json\/wp\/v2\/media\/226403"}],"wp:attachment":[{"href":"https:\/\/www.europesays.com\/fr\/wp-json\/wp\/v2\/media?parent=316189"}],"wp:term":[{"taxonomy":"category","embeddable":true,"href":"https:\/\/www.europesays.com\/fr\/wp-json\/wp\/v2\/categories?post=316189"},{"taxonomy":"post_tag","embeddable":true,"href":"https:\/\/www.europesays.com\/fr\/wp-json\/wp\/v2\/tags?post=316189"}],"curies":[{"name":"wp","href":"https:\/\/api.w.org\/{rel}","templated":true}]}}