{"id":316190,"date":"2025-08-13T11:55:11","date_gmt":"2025-08-13T11:55:11","guid":{"rendered":"https:\/\/www.europesays.com\/fr\/316190\/"},"modified":"2025-08-13T11:55:11","modified_gmt":"2025-08-13T11:55:11","slug":"genesis-a-procede-au-deverminage-de-son-hypercar-qui-rejoindra-le-wec-la-saison-prochaine-lequipe","status":"publish","type":"post","link":"https:\/\/www.europesays.com\/fr\/316190\/","title":{"rendered":"Genesis a proc\u00e9d\u00e9 au d\u00e9verminage de son Hypercar qui rejoindra le WEC la saison prochaine &#8211; L&#039;\u00c9quipe"},"content":{"rendered":"<ol>\n<li><a href=\"https:\/\/news.google.com\/rss\/articles\/CBMi2gFBVV95cUxPNWQ5T2loYlA2aE5BZk9FcFdtT1ktekxxYU5xYzVyUFhwdmFKLVBwaFNnVnlGSkdNcUhNTDlzOHZNS2hCVFZlNVZHdVVFMGl6aTBTTGxoV3k0cnNJaVFwWWdydFlTQ242OTNJVVRYNnN0aDZrYkZPN3NZRGdqVW92VGVPX1lDR2lJTTZNbFBrdXZBTHBJU2pIcElMU05hM1BRUEVFMnF0bExvRHVjSnVHR2tHQ3FCMGpOM0pqWC1lVUdpQkI0YzVNcl9scWlaN0I2S3AyWGdLb0VuQQ?oc=5\" target=\"_blank\" rel=\"nofollow noopener\">Genesis a proc\u00e9d\u00e9 au d\u00e9verminage de son Hypercar qui rejoindra le WEC la saison prochaine<\/a>&nbsp;&nbsp;L&rsquo;\u00c9quipe<\/li>\n<li><a href=\"https:\/\/news.google.com\/rss\/articles\/CBMi1AFBVV95cUxPaUJiZkQ4bWpWbXByeW0ydTNyUmFPY2N1OEYwUFpDNVl0elBrUlN5TmhVN0xkTlhnSUViaGlyTlktTWVHaGVCSFFsV3RrR2pzcmU3NFAwc3BoMVoySWI1MEc2SmtqRHBCdkN4Ym1VX0RpbTZQRmNPLUhEd2wwejU5NzctdmNGemtIamJ3RWNqblFoOTdYdUg2emFDNXlrcl9TU29zNWpCblFqYThIUHZGZUxpUWd4a2xuTUVVdmw0X19manJlbF9ESW9MVVpnMFZETVNRZNIB0wFBVV95cUxOU0dKUkR6cUlPVW1VRnJkalZUZzdTS21DWnFna3Z2Zkh2c3B4S0hCRGU5eEtiMlhGOUxCdTFUOTRNaFNwaG1LYmdEcFFaVlFBY3B6X3VfeVpUNzdxOEFIdlViblZzMjhTZjMzcGxhUzdNOUFYbFNXQzB5STRoUjk1M2gteEdMZHFxUmdjQkdnTWFsSy1IaS05SWFIajJvUTk0WEtURE8xQmdZOVE1RTFMODRYTDFCbVB2MzJtdU8xN0ttcFlLTzA1UnA5NHFFN1FBNGxN?oc=5\" target=\"_blank\" rel=\"nofollow noopener\">WEC : Genesis a fait rouler son prototype pour la premi\u00e8re fois<\/a>&nbsp;&nbsp;Orange Actualit\u00e9s | Sports<\/li>\n<li><a href=\"https:\/\/news.google.com\/rss\/articles\/CBMisAFBVV95cUxPcjRtd3J4SDBPN0tiOFdRSkJXcWZVelg1RkRNb091dkhSVkRjX2N3TGFUTXdHQjNuZ0otZ3RSLXB4d0Vrem1YYVVLZnAwMENqN3M0bDJyYlpSSlI0RTdrTGJYMnRMSWFPTldWVWRZT0JNR0pxRUtmUXVDcmRjakRCYThzLWFwZXZpUS1xaXg4UU5nRVpxSDc4bG9jWDBPVlpYZVpCQ0JSSkczcDJZT2VVSQ?oc=5\" target=\"_blank\" rel=\"nofollow noopener\">Premiers kilom\u00e8tres boucl\u00e9s pour la Genesis GMR-001 Hypercar<\/a>&nbsp;&nbsp;Endurance Info<\/li>\n<li><a href=\"https:\/\/news.google.com\/rss\/articles\/CBMipwFBVV95cUxNWWcxWHp0RGRLRkZvaTJ5WkpSVDJSUHY3cGhDY0hWVUxBVWhwRkNDS2VBMk5LdmRCMlR1NGNURm9LTUhNUnZ1QV9yYWdYblM4eF9jT0Jaa3U5TlJKY0ozdE9rMG53YkpxQTRFSVU2UU5JczN0RXhxSE1obVRGWDI0cnI3MlFaZTBCWnpPcFV4RXMzcGNLTy1xTHhOM3U0aUd6YWlVN0NSTQ?oc=5\" target=\"_blank\" rel=\"nofollow noopener\">Genesis a effectu\u00e9 le d\u00e9verminage de son Hypercar<\/a>&nbsp;&nbsp;AutoHebdo<\/li>\n<li><a href=\"https:\/\/news.google.com\/rss\/articles\/CBMiwgFBVV95cUxQdmpxMjV0dW9rQ0VmQkhvcWVpQVRmbnlVS3pYV0dIRkxhVzlTS3E4SURqOGczZkg2NFAyNENmWUo1RDJNdG5rT3k5VGlIZVlraldiMEZteThNM1hVTnFvQkYzalUyTURlZC1oaFFwZUQ2djhCNWw1clNfNE03ZDRFWjRFQWhpVFZqY0pQYi1JS3VCNFZweVplODlEVU1fdEJXQ3ZYWjVRM3R0N0lGNndIVTlyblFmMndXTmlsbWF1TXJwZw?oc=5\" target=\"_blank\" rel=\"nofollow noopener\">Nouvelle \u00e8re pour Genesis Magma Racing : Premiers tests prometteurs pour l&rsquo;Hypercar GMR-001 \ud83d\ude97\ud83d\udca8<\/a>&nbsp;&nbsp;Blog Joinsteer<\/li>\n<\/ol>\n","protected":false},"excerpt":{"rendered":"Genesis a proc\u00e9d\u00e9 au d\u00e9verminage de son Hypercar qui rejoindra le WEC la saison prochaine&nbsp;&nbsp;L&rsquo;\u00c9quipe WEC : Genesis&hellip;\n","protected":false},"author":2,"featured_media":316191,"comment_status":"","ping_status":"","sticky":false,"template":"","format":"standard","meta":{"footnotes":""},"categories":[1412],"tags":[1451,1452,1453,1454,1455,1011,27,60],"class_list":{"0":"post-316190","1":"post","2":"type-post","3":"status-publish","4":"format-standard","5":"has-post-thumbnail","7":"category-f1","8":"tag-f1","9":"tag-formula-1","10":"tag-formula1","11":"tag-formule-1","12":"tag-formule1","13":"tag-fr","14":"tag-france","15":"tag-sports"},"share_on_mastodon":{"url":"https:\/\/pubeurope.com\/@fr\/115021330760829918","error":""},"_links":{"self":[{"href":"https:\/\/www.europesays.com\/fr\/wp-json\/wp\/v2\/posts\/316190","targetHints":{"allow":["GET"]}}],"collection":[{"href":"https:\/\/www.europesays.com\/fr\/wp-json\/wp\/v2\/posts"}],"about":[{"href":"https:\/\/www.europesays.com\/fr\/wp-json\/wp\/v2\/types\/post"}],"author":[{"embeddable":true,"href":"https:\/\/www.europesays.com\/fr\/wp-json\/wp\/v2\/users\/2"}],"replies":[{"embeddable":true,"href":"https:\/\/www.europesays.com\/fr\/wp-json\/wp\/v2\/comments?post=316190"}],"version-history":[{"count":0,"href":"https:\/\/www.europesays.com\/fr\/wp-json\/wp\/v2\/posts\/316190\/revisions"}],"wp:featuredmedia":[{"embeddable":true,"href":"https:\/\/www.europesays.com\/fr\/wp-json\/wp\/v2\/media\/316191"}],"wp:attachment":[{"href":"https:\/\/www.europesays.com\/fr\/wp-json\/wp\/v2\/media?parent=316190"}],"wp:term":[{"taxonomy":"category","embeddable":true,"href":"https:\/\/www.europesays.com\/fr\/wp-json\/wp\/v2\/categories?post=316190"},{"taxonomy":"post_tag","embeddable":true,"href":"https:\/\/www.europesays.com\/fr\/wp-json\/wp\/v2\/tags?post=316190"}],"curies":[{"name":"wp","href":"https:\/\/api.w.org\/{rel}","templated":true}]}}