{"id":316192,"date":"2025-08-13T11:56:18","date_gmt":"2025-08-13T11:56:18","guid":{"rendered":"https:\/\/www.europesays.com\/fr\/316192\/"},"modified":"2025-08-13T11:56:18","modified_gmt":"2025-08-13T11:56:18","slug":"de-bonnes-cartes-a-jouer-pour-la-selection-de-martinique-engagee-au-tour-de-guyane-2025","status":"publish","type":"post","link":"https:\/\/www.europesays.com\/fr\/316192\/","title":{"rendered":"\u00ab\u00a0De bonnes cartes \u00e0 jouer\u00a0\u00bb pour la s\u00e9lection de Martinique engag\u00e9e au Tour de Guyane 2025"},"content":{"rendered":"<p>Du 16 au 24 ao\u00fbt, la Martinique sera repr\u00e9sent\u00e9e par sa s\u00e9lection au Tour de Guyane. 1296 km \u00e0 parcourir pour une \u00e9quipe qui r\u00e9pond \u00e0 l\u2019invitation du Comit\u00e9 cycliste de Guyane avec l\u2019ambition de montrer le potentiel du cyclisme martiniquais lors de cette 34eme \u00e9dition du Tour de Guyane. L\u2019adversit\u00e9 sera forte mais les Martiniquais semblent pr\u00eats pour le d\u00e9fi.<\/p>\n<p>Apr\u00e8s les tours de Martinique et de Guadeloupe, cap sur la Guyane pour la plus grande manifestation sportive du territoire. Le 34eme Tour de Guyane s\u2019annonce relev\u00e9 avec une dizaine d\u2019\u00e9quipes invit\u00e9es en plus des douze clubs guyanais.<\/p>\n<p>Les clients sont de taille et parmi les invit\u00e9s on citera entre autres, le Global Cycling Team des Pays-Bas, le V\u00e9lo Schills Interbike de Grande-Bretagne, la formation fran\u00e7aise Team Born&rsquo;Heures Winch (vainqueur du Grand Prix des Savanes en juin 2025 avec Victor Lebon) ou encore <strong>l\u2019ASPTT Nancy vainqueur du Tour 2024 avec Emiliano Vila<\/strong>. Le Canada, l\u2019Allemagne, le Guyana seront \u00e9galement au d\u00e9part du Tour tout comme les s\u00e9lections de Guadeloupe et de Martinique.<\/p>\n<p>Il faudra \u00eatre costaud pour remporter ce Tour 2025 avec d\u00e8s le samedi 16 ao\u00fbt 126 km avec d\u00e9part et arriv\u00e9e \u00e0 Cayenne. A noter que la plus longue \u00e9tape sera disput\u00e9e le mercredi 20 ao\u00fbt entre Mana &#8211; Saut Sabbat &#8211; Saint-Laurent et Apatou, 162 km sont au menu des coureurs.<\/p>\n<p>La s\u00e9lection de Martinique est pr\u00e9venue, l\u2019\u00e9preuve sera difficile et il faudra batailler ferme pour esp\u00e9rer figurer sur le podium.<\/p>\n<p>Six coureurs ont \u00e9t\u00e9 retenus par l\u2019\u00e9quipe technique r\u00e9gionale. Il s\u2019agit de <strong>Marc Flavien, Kyllian Boscher, Benjamin Payen, Yohann Pierre-Louis, Josu\u00e9 Hodebourg-Rinna<\/strong> et <strong>Edwin Nubul<\/strong>. Le directeur sportif martiniquais sera Frad Marem assist\u00e9 de Rodrigue Ceyland. L\u2019\u00e9quipe part avec son m\u00e9cano, Olivier Lambert.<\/p>\n<p>\u00a0<\/p>\n<p>Cette s\u00e9lection est constitu\u00e9e d\u2019\u00e9l\u00e9ments exp\u00e9riment\u00e9s et de jeunes, on pourrait presque d\u00e9gager trois leaders\u00a0: Flavien, Boscher et Nubul. Une \u00e9quipe autour de laquelle le staff continue le travail de coh\u00e9sion pour affronter le trac\u00e9 si particulier de la Guyane.<\/p>\n<p>                                    <img class=\"a-article__image lazy libre\" width=\"0\" height=\"0\" data-src=\"https:\/\/www.europesays.com\/fr\/wp-content\/uploads\/2025\/08\/cycl-flavien-maillot-champion-689b7fd6d6279306986722.jpg\" style=\"--img-placeholder: url('\/assets\/img\/placeholders\/article-800-450.svg');\" alt=\"\" aria-hidden=\"true\"\/><\/p>\n<p>                Marc Flavien, champion de Martinique 2025, un des leaders de la s\u00e9lection de Martinique.<br \/>\n                     \u2022<br \/>\n                            \u00a9MB<\/p>\n<p>Le champion de Martinique 2025, Marc Flavien fait figure de capitaine de route et devrait partager son exp\u00e9rience avec ses co\u00e9quipiers.<\/p>\n<blockquote class=\"ftvi_content_quote\">\n<p class=\"ftvi_citation_quote\">Nous avons de bonnes cartes \u00e0 jouer, je pense qu\u2019on peut nourrir de belles ambitions que ce soit sur les \u00e9tapes et pour le classement g\u00e9n\u00e9ral. Nous ne connaissons pas encore les coureurs des \u00e9quipes invit\u00e9es mais je pense qu\u2019un podium sur le g\u00e9n\u00e9ral est \u00e0 notre port\u00e9e.<\/p>\n<p>Marc Flavien, membre de la s\u00e9lection de Martinique<\/p>\n<\/blockquote>\n<p>\u00a0<\/p>\n<p>                                    <img class=\"a-article__image lazy libre\" width=\"0\" height=\"0\" data-src=\"https:\/\/www.europesays.com\/fr\/wp-content\/uploads\/2025\/08\/cycl-nubul-maillot-selection-689b80ae16411882022147.jpg\" style=\"--img-placeholder: url('\/assets\/img\/placeholders\/article-800-450.svg');\" alt=\"\" aria-hidden=\"true\"\/><\/p>\n<p>                Edwin Nubul appr\u00e9cie les trac\u00e9s des \u00e9tapes en Guyane.<br \/>\n                     \u2022<br \/>\n                            \u00a9CRCM<\/p>\n<p>La majorit\u00e9 des coureurs a d\u00e9j\u00e0 disput\u00e9 un Tour de Guyane et ils savent \u00e0 quel type de course ils auront droit. Parmi les ambitieux sur l\u2019\u00e9preuve, Edwin Nubul<\/p>\n<blockquote class=\"ftvi_content_quote\">\n<p class=\"ftvi_citation_quote\">Apr\u00e8s avoir termin\u00e9 3e du dernier tour en 2024, on peut dire que le tour de Guyane m&rsquo;a souvent r\u00e9ussi, mieux que celui de Martinique ou de Guadeloupe. Mais cette ann\u00e9e, j&rsquo;ai d\u00fb batailler pour avoir ma place. J\u2019ai d\u00fb attendre la derni\u00e8re minute pour savoir si je faisais partie de la s\u00e9lection ou pas. N\u00e9anmoins, la Guyane, c&rsquo;est un profil avec une topographie qui correspond \u00e0 mes qualit\u00e9s de puncheur. Je n&rsquo;ai sans doute pas les moyens d&rsquo;aller jouer le titre mais j&rsquo;esp\u00e8re bien figurer et j&rsquo;esp\u00e8re qu&rsquo;avec notre leader, Marc Flavien, on pourra aller chercher la victoire.<\/p>\n<p>Edwin Nubul, membre de la s\u00e9lection de Martinique<\/p>\n<\/blockquote>\n<p>\u00a0<\/p>\n<p>Autre coureur \u00e0 fort potentiel dans cette \u00e9quipe de Martinique, Kyllian Boscher soci\u00e9taire du VC Diamntinois. Pour celui qui est encore U23, il y aura des classements \u00e0 aller chercher<\/p>\n<blockquote class=\"ftvi_content_quote\">\n<p class=\"ftvi_citation_quote\">Pour l&rsquo;\u00e9quipe, je pense que l\u2019objectif sera de faire un bon classement\u00a0au g\u00e9n\u00e9ral. Les gars sont capables d&rsquo;aller chercher un\u00a0podium voire une victoire au g\u00e9n\u00e9ral, on va se battre pour \u00e7a. \u00c0 titre personnel,\u00a0je vise, a minima la meilleure place possible au classement des jeunes puisque c&rsquo;est ma derni\u00e8re\u00a0ann\u00e9e. Et puis\u2026 pourquoi ne pas jouer les premiers r\u00f4les si l\u2019opportunit\u00e9 se pr\u00e9sente. On verra en fonction de la strat\u00e9gie mise en en place mais notre groupe part pour d\u00e9fendre les couleurs de la Martinique et donner le meilleur de notre collectif m\u00eame si l\u2019adversit\u00e9 sera rude.<\/p>\n<p>Kyllian Boscher, membre de la s\u00e9lection de Martinique<\/p>\n<\/blockquote>\n<p>\u00a0<\/p>\n<p>                                    <img class=\"a-article__image lazy libre\" width=\"0\" height=\"0\" data-src=\"https:\/\/www.europesays.com\/fr\/wp-content\/uploads\/2025\/08\/cycl-kylian-boscher-689b81dcc8e36309866337.jpg\" style=\"--img-placeholder: url('\/assets\/img\/placeholders\/article-800-450.svg');\" alt=\"\" aria-hidden=\"true\"\/><\/p>\n<p>                Kyllian Boscher esp\u00e8re jouer ses cartes dans le classement Espoir.<br \/>\n                     \u2022<br \/>\n                            \u00a9MMjo Ma<\/p>\n<p>La s\u00e9lection de Martinique s\u2019envole jeudi 14 ao\u00fbt pour la Guyane et elle aura deux jours pour s\u2019acclimater avec l\u2019humidit\u00e9 de l\u2019Amazonie avant le d\u00e9part de la 1ere \u00e9tape samedi 16 ao\u00fbt \u00e0 14 heures.<\/p>\n","protected":false},"excerpt":{"rendered":"Du 16 au 24 ao\u00fbt, la Martinique sera repr\u00e9sent\u00e9e par sa s\u00e9lection au Tour de Guyane. 1296 km&hellip;\n","protected":false},"author":2,"featured_media":316193,"comment_status":"","ping_status":"","sticky":false,"template":"","format":"standard","meta":{"footnotes":""},"categories":[1411],"tags":[1154,207,1011,27,60],"class_list":{"0":"post-316192","1":"post","2":"type-post","3":"status-publish","4":"format-standard","5":"has-post-thumbnail","7":"category-cyclisme","8":"tag-cycling","9":"tag-cyclisme","10":"tag-fr","11":"tag-france","12":"tag-sports"},"share_on_mastodon":{"url":"https:\/\/pubeurope.com\/@fr\/115021334806056734","error":""},"_links":{"self":[{"href":"https:\/\/www.europesays.com\/fr\/wp-json\/wp\/v2\/posts\/316192","targetHints":{"allow":["GET"]}}],"collection":[{"href":"https:\/\/www.europesays.com\/fr\/wp-json\/wp\/v2\/posts"}],"about":[{"href":"https:\/\/www.europesays.com\/fr\/wp-json\/wp\/v2\/types\/post"}],"author":[{"embeddable":true,"href":"https:\/\/www.europesays.com\/fr\/wp-json\/wp\/v2\/users\/2"}],"replies":[{"embeddable":true,"href":"https:\/\/www.europesays.com\/fr\/wp-json\/wp\/v2\/comments?post=316192"}],"version-history":[{"count":0,"href":"https:\/\/www.europesays.com\/fr\/wp-json\/wp\/v2\/posts\/316192\/revisions"}],"wp:featuredmedia":[{"embeddable":true,"href":"https:\/\/www.europesays.com\/fr\/wp-json\/wp\/v2\/media\/316193"}],"wp:attachment":[{"href":"https:\/\/www.europesays.com\/fr\/wp-json\/wp\/v2\/media?parent=316192"}],"wp:term":[{"taxonomy":"category","embeddable":true,"href":"https:\/\/www.europesays.com\/fr\/wp-json\/wp\/v2\/categories?post=316192"},{"taxonomy":"post_tag","embeddable":true,"href":"https:\/\/www.europesays.com\/fr\/wp-json\/wp\/v2\/tags?post=316192"}],"curies":[{"name":"wp","href":"https:\/\/api.w.org\/{rel}","templated":true}]}}