{"id":316197,"date":"2025-08-13T11:59:14","date_gmt":"2025-08-13T11:59:14","guid":{"rendered":"https:\/\/www.europesays.com\/fr\/316197\/"},"modified":"2025-08-13T11:59:14","modified_gmt":"2025-08-13T11:59:14","slug":"le-chambon-sur-lignon-elle-expose-et-vend-ses-peintures-realisees-dans-des-zones-de-guerre","status":"publish","type":"post","link":"https:\/\/www.europesays.com\/fr\/316197\/","title":{"rendered":"Le Chambon-sur-Lignon : elle expose et vend ses peintures r\u00e9alis\u00e9es dans des zones de guerre"},"content":{"rendered":"<p>\t\t\t\t\t\t\t\t\t\t\t\t\t\t\t\t\t\t\t\t\t\t\t\t\t\t\t\t\t\t\t\t\t\t\t\t\t\t\t\t\t\t\t\t\t\t<img decoding=\"async\" loading=\"lazy\" src=\"https:\/\/www.europesays.com\/fr\/wp-content\/uploads\/2025\/08\/carre_copy_copy.gif\" alt=\"Fraisse David carr\u00e9 2024\"\/><\/p>\n<p>\t\t\t\t\t\t\t\t\t\t\t\t\t\t\t\t\t\t\t\t\t\t\t\t\t\t\t\t\t\t\t\t\t\t\t\t\t\t\t\t\t\t\t\t\t\t<img decoding=\"async\" loading=\"lazy\" src=\"https:\/\/www.europesays.com\/fr\/wp-content\/uploads\/2025\/07\/CARRE.gif\" alt=\"Annonces l\u00e9gales Une\"\/><\/p>\n<p><strong>Chantal Lebrat, ancienne d\u00e9l\u00e9gu\u00e9e de la Croix-Rouge international, expose et vend samedi 16 ao\u00fbt une vingtaine de toiles inspir\u00e9es par vingt ann\u00e9es de mission en zones de guerre (Bosnie, Tch\u00e9tch\u00e9nie, Ukraine). Pourquoi a-t-elle troqu\u00e9 l&rsquo;humanitaire pour la protection animale ? Son roman \u00ab\u00a0L&rsquo;Affaire Ta\u00efga\u00a0\u00bb qu&rsquo;elle d\u00e9dicacera pendant l&rsquo;exposition, en d\u00e9voile le sens<\/strong><\/p>\n<p>Chantal Lebrat dit souvent : \u00ab De l&rsquo;humanitaire \u00e0 la protection animale, il n&rsquo;y a qu&rsquo;un pas : m\u00eame constat \u2014 m\u00eame combat. \u00bb Originaire du Chambon-sur-Lignon, cette m\u00e9daill\u00e9e d&rsquo;argent de la D\u00e9fense nationale a, dans ses g\u00e8nes, la protection des opprim\u00e9s. Son grand-p\u00e8re, Samuel Lebrat, r\u00e9sistant de la premi\u00e8re heure, dont la photo orne l&rsquo;un des panneaux du mus\u00e9e Lieu de M\u00e9moire, n&rsquo;y est sans doute pas \u00e9tranger. \u00ab Je pense avoir h\u00e9rit\u00e9 cet engagement visc\u00e9ral de protection des opprim\u00e9s de mon grand-p\u00e8re Samuel, que je n&rsquo;ai pourtant jamais connu, mais toujours admir\u00e9 \u00e0 travers les r\u00e9cits de mon p\u00e8re. Son courage de Poilu, de soldat du feu et de r\u00e9sistant m&rsquo;a toujours impressionn\u00e9e. \u00bb<\/p>\n<p>Durant une longue carri\u00e8re en zones de guerre \u2014 notamment pour le Comit\u00e9 international de la Croix-Rouge (CICR), mais aussi comme officier au sein de l&rsquo;arm\u00e9e fran\u00e7aise \u2014, elle a c\u00f4toy\u00e9 civils et combattants des arm\u00e9es r\u00e9guli\u00e8res ou irr\u00e9guli\u00e8res. D\u00e9l\u00e9gu\u00e9e du CICR, elle leur rappelait les r\u00e8gles du droit international humanitaire (DIH) autrement dit les Conventions de Gen\u00e8ve prot\u00e9geant les civils, les prisonniers et les personnes hors de combat.<\/p>\n<p><strong>De v\u00e9ritables \u00ab instantan\u00e9s de guerre \u00bb<\/strong><\/p>\n<p>\u00ab En Tch\u00e9tch\u00e9nie, je profitais de nos s\u00e9minaires sur le DIH pour discuter avec de jeunes soldats russes. Inquiets, ils attendaient la rel\u00e8ve, mais l&rsquo;association des m\u00e8res de soldats bloquait les voies ferr\u00e9es \u00e0 Rostov-sur-le-Don pour emp\u00eacher le d\u00e9part de nouveaux convois. Du coup, leur mission se prolongeait ind\u00e9finiment et leur moral \u00e9tait au plus bas. Chaque jour, ils perdaient un camarade. \u00bb<br \/>L&rsquo;un des tableaux expos\u00e9s et mis en vente ce samedi \u00e9voque ce sentiment de d\u00e9livrance quand les appel\u00e9s quittent enfin le th\u00e9\u00e2tre d&rsquo;op\u00e9rations. D&rsquo;autres d\u00e9crivent ce qu&rsquo;il reste d&rsquo;un b\u00e2timent apr\u00e8s une attaque ou la r\u00e9signation des civils face \u00e0 un obus non explos\u00e9, plant\u00e9 dans le sol, devenu le perchoir d&rsquo;une poule. Certains ont \u00e9t\u00e9 pr\u00e9sent\u00e9s au Mus\u00e9e international de la Croix-Rouge et du Croissant-Rouge \u00e0 Gen\u00e8ve ; d&rsquo;autres relatent des \u00e9v\u00e9nements jamais port\u00e9s \u00e0 la connaissance du public fran\u00e7ais&#8230;<\/p>\n<p>Ces \u0153uvres sont des moments saisis sur le vif, de v\u00e9ritables \u00ab instantan\u00e9s de guerre \u00bb, t\u00e9moignant de la r\u00e9alit\u00e9 des conflits : Bosnie, Arm\u00e9nie, Karabakh, Tch\u00e9tch\u00e9nie, Kosovo, Oss\u00e9tie, Irak, Kirghizstan&#8230; \u00ab Tous rappellent combien il est dramatique de pousser les nations \u00e0 s&rsquo;entretuer pour servir de simples int\u00e9r\u00eats politiques et financiers, et \u00e0 quel point il est vital de g\u00e9rer les antagonismes ethniques ou religieux par la seule voie du dialogue \u00bb, souligne-t-elle.<\/p>\n<p><strong>Elle prot\u00e8ge aujourd&rsquo;hui les animaux<\/strong><\/p>\n<p>Si sa scl\u00e9rose en plaques n&rsquo;avait pas progress\u00e9, limitant peu \u00e0 peu son p\u00e9rim\u00e8tre de marche, Chantal Lebrat serait sans doute aujourd&rsquo;hui en mission au Moyen-Orient, \u0153uvrant \u00e0 la protection des civils. Le handicap l&rsquo;a contrainte cependant \u00e0 adapter ce besoin visc\u00e9ral de prot\u00e9ger les opprim\u00e9s \u00e0 ses nouvelles possibilit\u00e9s. Elle s&rsquo;est donc tourn\u00e9e vers l&rsquo;animal.<\/p>\n<p>Tout en terminant une formation d&rsquo;auxiliaire v\u00e9t\u00e9rinaire, elle a \u00e9crit \u00ab\u00a0L&rsquo;Affaire Ta\u00efga\u00a0\u00bb, v\u00e9ritable plaidoyer en faveur des chiens. \u00ab Les animaux domestiques sont comme les populations civiles en temps de guerre : vuln\u00e9rables, soumis \u00e0 la cruaut\u00e9 des hommes et \u00e0 l&rsquo;absence de sanctions r\u00e9ellement dissuasives. \u00ab\u00a0L&rsquo;Affaire Ta\u00efga\u00a0\u00bb apporte, elle, des solutions vraiment radicales. \u00bb<\/p>\n<p>Son roman sera \u00e9galement vendu et d\u00e9dicac\u00e9 lors de l&rsquo;\u00e9v\u00e9nement.<\/p>\n<p><strong>Infos pratiques<\/strong><\/p>\n<p>Samedi 16 ao\u00fbt \u2013 17 heures<\/p>\n<p>244 chemin du Vermoillon 43400 Le Chambon-sur-Lignon<\/p>\n<p>Se garer \u00e0 l&rsquo;ext\u00e9rieur de la propri\u00e9t\u00e9. Traverser le parc jusqu&rsquo;au bosquet de bouleaux et suivre la fl\u00e8che \u00ab\u00a0Atelier\u00a0\u00bb.<\/p>\n<p>T\u00e9l\u00e9phone : 06 74 54 04 84<\/p><\/p>\n","protected":false},"excerpt":{"rendered":"Chantal Lebrat, ancienne d\u00e9l\u00e9gu\u00e9e de la Croix-Rouge international, expose et vend samedi 16 ao\u00fbt une vingtaine de toiles&hellip;\n","protected":false},"author":2,"featured_media":316198,"comment_status":"","ping_status":"","sticky":false,"template":"","format":"standard","meta":{"footnotes":""},"categories":[1358],"tags":[2281,1348,1384,1385,1386,58,59,2282,1011,27,2280,2284,2285,2283],"class_list":{"0":"post-316197","1":"post","2":"type-post","3":"status-publish","4":"format-standard","5":"has-post-thumbnail","7":"category-arts-et-design","8":"tag-actualite-43","9":"tag-arts","10":"tag-arts-and-design","11":"tag-arts-et-design","12":"tag-design","13":"tag-divertissement","14":"tag-entertainment","15":"tag-faits-divers-auvergne","16":"tag-fr","17":"tag-france","18":"tag-information-haute-loire","19":"tag-infos-43","20":"tag-journal-haute-loire","21":"tag-la-commere-43"},"share_on_mastodon":{"url":"https:\/\/pubeurope.com\/@fr\/115021346551007387","error":""},"_links":{"self":[{"href":"https:\/\/www.europesays.com\/fr\/wp-json\/wp\/v2\/posts\/316197","targetHints":{"allow":["GET"]}}],"collection":[{"href":"https:\/\/www.europesays.com\/fr\/wp-json\/wp\/v2\/posts"}],"about":[{"href":"https:\/\/www.europesays.com\/fr\/wp-json\/wp\/v2\/types\/post"}],"author":[{"embeddable":true,"href":"https:\/\/www.europesays.com\/fr\/wp-json\/wp\/v2\/users\/2"}],"replies":[{"embeddable":true,"href":"https:\/\/www.europesays.com\/fr\/wp-json\/wp\/v2\/comments?post=316197"}],"version-history":[{"count":0,"href":"https:\/\/www.europesays.com\/fr\/wp-json\/wp\/v2\/posts\/316197\/revisions"}],"wp:featuredmedia":[{"embeddable":true,"href":"https:\/\/www.europesays.com\/fr\/wp-json\/wp\/v2\/media\/316198"}],"wp:attachment":[{"href":"https:\/\/www.europesays.com\/fr\/wp-json\/wp\/v2\/media?parent=316197"}],"wp:term":[{"taxonomy":"category","embeddable":true,"href":"https:\/\/www.europesays.com\/fr\/wp-json\/wp\/v2\/categories?post=316197"},{"taxonomy":"post_tag","embeddable":true,"href":"https:\/\/www.europesays.com\/fr\/wp-json\/wp\/v2\/tags?post=316197"}],"curies":[{"name":"wp","href":"https:\/\/api.w.org\/{rel}","templated":true}]}}