{"id":316201,"date":"2025-08-13T12:01:10","date_gmt":"2025-08-13T12:01:10","guid":{"rendered":"https:\/\/www.europesays.com\/fr\/316201\/"},"modified":"2025-08-13T12:01:10","modified_gmt":"2025-08-13T12:01:10","slug":"cauchemar-en-cuisine-prets-a-travailler-avec-philippe-etchebest-lemission-de-m6-cherche-des-restaurateurs-en-region-paca-nice-matin","status":"publish","type":"post","link":"https:\/\/www.europesays.com\/fr\/316201\/","title":{"rendered":"Cauchemar en cuisine: pr\u00eats \u00e0 travailler avec Philippe Etchebest? L&#039;\u00e9mission de M6 cherche des restaurateurs en r\u00e9gion PACA &#8211; Nice-Matin"},"content":{"rendered":"<ol>\n<li><a href=\"https:\/\/news.google.com\/rss\/articles\/CBMi-AFBVV95cUxPcWNMd3k3YkF2NEsyUVRTaFRaNmZ5QTZnXzlqWG5fWVpGVHFnMHRsREJTVHBmVG1Tc2dmZFFJN1hTcDd0NDJrek1iTmdjYkV0TDIzZkVEaDRzT3c4d2lrYThXVnlyVFRJVEhsMkltY3VVSUJsa3l3VTZwZkhyWnRJTWk2SFlMc2FqelFiNlljUkZHVVZFMXdTWHRIODhFbVFJTnhxSGtncnBQOG9CS3FvR2gwOWRsOTFwR29FaGs3Y1lHS1NGalJIdlhlaFp1VkFwOWxrUmJZLTh3emZ6Z1djNWptUm12bWRZdnRxX0hNTjhmNUJCeTVkZQ?oc=5\" target=\"_blank\" rel=\"nofollow noopener\">Cauchemar en cuisine: pr\u00eats \u00e0 travailler avec Philippe Etchebest? L&rsquo;\u00e9mission de M6 cherche des restaurateurs en r\u00e9gion PACA<\/a>&nbsp;&nbsp;Nice-Matin<\/li>\n<li><a href=\"https:\/\/news.google.com\/rss\/articles\/CBMitwFBVV95cUxOMXoxd3lvX19rczlGaGUwMlg5Z3lmS1FUaFR5WmotSWp6aWN2ZHdCZnpkSUlDd2RmTm94VGRzVUdHQ1B5eU5sWklVT0lYbmFBa2xERXFHZFlZRlFHa3BrZzQyQ2NvanBKRkR2RUhvT1J2SE1XemdFVVRYNTdwRFp3SjFvTVc2NXhEQmNGZVFFUkJnZTktUEd2cXEyeU9wdGYwaE4zb01ham9iV1I3YWprcUhvbGZPSkU?oc=5\" target=\"_blank\" rel=\"nofollow noopener\">Des restaurateurs de \u00ab Cauchemar en cuisine \u00bb lancent un appel \u00e0 l\u2019aide<\/a>&nbsp;&nbsp;Soirmag<\/li>\n<li><a href=\"https:\/\/news.google.com\/rss\/articles\/CBMixAJBVV95cUxNNjZqWHM4NVphQUlIU1E2MFRIdnZEX1hXTDhYOTBYaE9HdHcwN2hNSDVuNEFTcHFXUWZrSkhaU0R4dXI0RjlvUW5USEkwNlB0bnVsb1pidkRoQUVLTFRNQWNsNmJhMkVxMHR2WHlUNzZGQndOMlJkR1JDSnRJZi1tRmlSdXNaTC1rcjVkRnQ4ZjQ0c2VKYlNrYVhDV0FGQmx0N1c1MG5zTzUxekdhWXpfR3R4N1p6ME00R185LUdBX2NoOEhjbnBZZXh4R1Q2aEhDU0U2X0hxeXlTMUhISzRYSDJFajVnTGRyejBoR21lQXNrZ0Q3VlhDaEJ0eFZqa2l3aTh6MUhMQzd4SUlJN1RDbnh0SUR5bjNuYzZqYTVRUVQxanl0MlBocmJGanM1azNtLTFWWml6djVmaXlSQmxXRF9VZFc?oc=5\" target=\"_blank\" rel=\"nofollow noopener\">\u00ab\u00a020.000 euros de perte depuis le d\u00e9but de l&rsquo;ann\u00e9e\u00a0\u00bb : 3 ans apr\u00e8s \u00ab\u00a0Cauchemar en cuisine\u00a0\u00bb sur M6, Marie-Laure et Patrice lancent \u00ab\u00a0un appel au secours\u00a0\u00bb pour sauver leur restaurant, Le Guillec, \u00e0 Plouz\u00e9v\u00e9d\u00e9<\/a>&nbsp;&nbsp;puremedias<\/li>\n<li><a href=\"https:\/\/news.google.com\/rss\/articles\/CBMi9gFBVV95cUxQVjZZTjhkWC1NYnRmTjlMcl9OcS1iWEJFUXFSYkNtVDY4cE9RaDdwRGN4WEN6U1ZhVVZlT01VMHkxdTZQLUlvSE0xQzc3TEMwT2pmb1JwVFVza3JlcG84cEpEVmxveERQVFk2OGtKRm50S015cDlEY2l5UEE5T2ctWjBFUkRocHplcnNTU0xaLWlYcnY2SXZNWE0tbW9jV045ek5wZEtBYVVJcjdlTExxY0M0Tmd6UTJNVHhOTk55WUttYlJvZ2E5bXFwLXY5RWo2bmtRR2tfNEU3V1lWOERfaFVoVkZOLTlNbmpHNlNmTzU4RXdQWVE?oc=5\" target=\"_blank\" rel=\"nofollow noopener\">\u00ab\u00a0Cauchemar en cuisine\u00a0\u00bb. Le seul restaurant de Criquebeuf-sur-Seine a-t-il vraiment chang\u00e9 depuis le passage d&rsquo;Etchebest ?<\/a>&nbsp;&nbsp;tendanceouest.com<\/li>\n<li><a href=\"https:\/\/news.google.com\/rss\/articles\/CBMigAFBVV95cUxPYldBckxVRDRIREp4SHZWVHVWdW1paDljeGxfMUFUNERJLUpsVVVBZlNIX01vWmYzLWlyRXpiZVpKYXpqQ2s5UFlHTzJZMmNwUXZCbGluSEQ4SU9VbGxsaWZuZzRjbVZsY3VVdFZWN2dQaFMtczNINTZIejkyWjhOaw?oc=5\" target=\"_blank\" rel=\"nofollow noopener\">\u00ab\u00a0Nous avons besoin de vous\u00a0\u00bb : trois ans apr\u00e8s leur passage dans Cauchemar en cuisine, un couple de restaurateurs lance \u00ab\u00a0un appel au secours\u00a0\u00bb<\/a>&nbsp;&nbsp;Yahoo Life France<\/li>\n<\/ol>\n","protected":false},"excerpt":{"rendered":"Cauchemar en cuisine: pr\u00eats \u00e0 travailler avec Philippe Etchebest? L&rsquo;\u00e9mission de M6 cherche des restaurateurs en r\u00e9gion PACA&nbsp;&nbsp;Nice-Matin&hellip;\n","protected":false},"author":2,"featured_media":1445,"comment_status":"","ping_status":"","sticky":false,"template":"","format":"standard","meta":{"footnotes":""},"categories":[1356],"tags":[58,59,1011,27,252,1364],"class_list":{"0":"post-316201","1":"post","2":"type-post","3":"status-publish","4":"format-standard","5":"has-post-thumbnail","7":"category-television","8":"tag-divertissement","9":"tag-entertainment","10":"tag-fr","11":"tag-france","12":"tag-television","13":"tag-tv"},"share_on_mastodon":{"url":"https:\/\/pubeurope.com\/@fr\/115021354341657535","error":""},"_links":{"self":[{"href":"https:\/\/www.europesays.com\/fr\/wp-json\/wp\/v2\/posts\/316201","targetHints":{"allow":["GET"]}}],"collection":[{"href":"https:\/\/www.europesays.com\/fr\/wp-json\/wp\/v2\/posts"}],"about":[{"href":"https:\/\/www.europesays.com\/fr\/wp-json\/wp\/v2\/types\/post"}],"author":[{"embeddable":true,"href":"https:\/\/www.europesays.com\/fr\/wp-json\/wp\/v2\/users\/2"}],"replies":[{"embeddable":true,"href":"https:\/\/www.europesays.com\/fr\/wp-json\/wp\/v2\/comments?post=316201"}],"version-history":[{"count":0,"href":"https:\/\/www.europesays.com\/fr\/wp-json\/wp\/v2\/posts\/316201\/revisions"}],"wp:featuredmedia":[{"embeddable":true,"href":"https:\/\/www.europesays.com\/fr\/wp-json\/wp\/v2\/media\/1445"}],"wp:attachment":[{"href":"https:\/\/www.europesays.com\/fr\/wp-json\/wp\/v2\/media?parent=316201"}],"wp:term":[{"taxonomy":"category","embeddable":true,"href":"https:\/\/www.europesays.com\/fr\/wp-json\/wp\/v2\/categories?post=316201"},{"taxonomy":"post_tag","embeddable":true,"href":"https:\/\/www.europesays.com\/fr\/wp-json\/wp\/v2\/tags?post=316201"}],"curies":[{"name":"wp","href":"https:\/\/api.w.org\/{rel}","templated":true}]}}