{"id":316204,"date":"2025-08-13T12:03:11","date_gmt":"2025-08-13T12:03:11","guid":{"rendered":"https:\/\/www.europesays.com\/fr\/316204\/"},"modified":"2025-08-13T12:03:11","modified_gmt":"2025-08-13T12:03:11","slug":"premiers-avis-pour-le-retour-de-la-guerriere-et-cest-pas-si-catastrophique","status":"publish","type":"post","link":"https:\/\/www.europesays.com\/fr\/316204\/","title":{"rendered":"premiers avis pour le retour de la guerri\u00e8re et c&rsquo;est pas si catastrophique"},"content":{"rendered":"<p><strong>La guerri\u00e8re ultra-badass Red Sonja arrive enfin au cin\u00e9ma dans son film <a href=\"https:\/\/www.ecranlarge.com\/films\/1038080-red-sonja\" data-type=\"films\" data-id=\"687375\" rel=\"nofollow noopener\" target=\"_blank\">Red Sonja<\/a> apr\u00e8s des ann\u00e9es d\u2019attente. Revue de presse.<\/strong><\/p>\n<p>La vie est pleine de surprises et de rebondissements, et le film <strong>Red Sonja <\/strong>peut largement en attester. Alors que le personnage culte de comics apparaissait dans le film <strong><a href=\"https:\/\/www.ecranlarge.com\/films\/844155-kalidor-la-legende-du-talisman\" data-type=\"films\" data-id=\"659537\" rel=\"nofollow noopener\" target=\"_blank\">Kalidor<\/a> <\/strong>en 1985 (sous les traits de Brigitte Nielsen), elle n\u2019avait pas eu le droit pour autant \u00e0 son adaptation au cin\u00e9ma. De quoi donner des id\u00e9es \u00e0 Robert Rodriguez en 2008, se lan\u00e7ant dans l\u2019aventure avec Rose McGowan pour incarner la guerri\u00e8re. Le d\u00e9but d\u2019une longue gestation qui aura vu les r\u00e9alisateurs se succ\u00e9d\u00e9s \u00e0 la barre en vain (ainsi que les interpr\u00e8tes).<\/p>\n<p>Finalement, en 2022, apr\u00e8s quatorze ans de turbulences, <strong>Red Sonja <\/strong>a d\u00e9but\u00e9 son tournage avec <a href=\"https:\/\/www.ecranlarge.com\/personnalite\/691540-michael-j-bassett\" data-type=\"people\" data-id=\"340059\" rel=\"nofollow noopener\" target=\"_blank\">M.J. Bassett<\/a> \u00e0 la r\u00e9alisation (un choix\u2026 audacieux vu le pedigree : <strong>Silent Hill : Revelation 3D<\/strong>) et <a href=\"https:\/\/www.ecranlarge.com\/personnalite\/974765-matilda-lutz\" data-type=\"people\" data-id=\"474933\" rel=\"nofollow noopener\" target=\"_blank\">Matilda Lutz<\/a> (excellente dans <strong>Revenge<\/strong>) en Red Sonja. La premi\u00e8re image a vite \u00e9t\u00e9 d\u00e9voil\u00e9e\u2026 mais il a fallu attendre juillet 2025 pour d\u00e9couvrir la bande-annonce, soit un petit mois avant sa sortie aux \u00c9tats-Unis, ce 15 ao\u00fbt (pour une journ\u00e9e). <strong>Les premi\u00e8res critiques commencent \u00e0 tomber et, \u00e9tonnamment, ce n\u2019est pas si pire<\/strong>. Revue de presse.<\/p>\n<p>                    <img decoding=\"async\" alt=\"\" class=\"wp-image-518375\" style=\"object-fit:cover;width:25px;height:25px\" src=\"https:\/\/www.ecranlarge.com\/content\/uploads\/2023\/09\/arrow-right-circle.svg\"\/><\/p>\n<p>RED FLAG ?<\/p>\n<blockquote class=\"wp-block-quote is-layout-flow wp-block-quote-is-layout-flow\">\n<p><strong>\u00ab\u00a0Un nouveau film d\u2019aventure fantastique centr\u00e9 sur le personnage embl\u00e9matique de la guerri\u00e8re n\u2019avait pas grand-chose \u00e0 offrir, \u00e9tant donn\u00e9 que la version de 1985, avec Brigitte Nielsen et Arnold Schwarzenegger, n\u2019est pas vraiment appr\u00e9ci\u00e9e, m\u00eame par les fans du genre. Il est d\u2019autant plus d\u00e9cevant que la version de M.J. Bassett soit si m\u00e9diocre, surtout quand on sait que sa star, Matilda Lutz, s\u2019est montr\u00e9e si impressionnante dans Revenge, dans un r\u00f4le tout aussi exigeant physiquement et tout aussi d\u00e9nud\u00e9. [\u2026]<\/strong><\/p>\n<p><strong>Ce Red Sonja m\u00e9rite d\u2019\u00eatre f\u00e9licit\u00e9 pour avoir incorpor\u00e9 des th\u00e8mes f\u00e9ministes et m\u00eame \u00e9cologiques dans son m\u00e9lange de monde fantastique, mais cela ne suffit pas \u00e0 compenser le c\u00f4t\u00e9 ringard et, pire, l\u2019ennui provoqu\u00e9 par la longueur de l\u2019ensemble. [\u2026] Inutile de pr\u00e9ciser que toute tentative de profondeur psychologique y est vou\u00e9e \u00e0 l\u2019\u00e9chec.\u00a0\u00bb<\/strong> The Hollywood Reporter<\/p>\n<\/blockquote>\n<blockquote class=\"wp-block-quote is-layout-flow wp-block-quote-is-layout-flow\">\n<p><strong>\u00ab\u00a0Red Sonja est superbe. Plusieurs excellents d\u00e9cors transportent le public \u00e0 l\u2019\u00e8re hyborienne. Les couleurs sont \u00e9clatantes et les cr\u00e9atures sont superbement con\u00e7ues. Les sc\u00e8nes de combat sont \u00e9galement excellentes. C\u2019est un film divertissant qui offre enfin \u00e0 Sonja l\u2019adaptation qu\u2019elle m\u00e9rite.\u00a0\u00bb<\/strong> AIPT<\/p>\n<\/blockquote>\n<p><a href=\"https:\/\/www.ecranlarge.com\/content\/uploads\/2025\/08\/eqisohest53eh5gpdkw4bixl1fh.webp\" rel=\"nofollow noopener\" target=\"_blank\"><img loading=\"lazy\" decoding=\"async\" alt=\"Matilda Lutz dans Red Sonja\" class=\"wp-image-1330230\" src=\"https:\/\/www.europesays.com\/fr\/wp-content\/uploads\/2025\/08\/eqisohest53eh5gpdkw4bixl1fh-1260x709.webp.webp\" width=\"1260\" height=\"709\"  \/><\/a>Pr\u00eate \u00e0 combattre\u2026<\/p>\n<blockquote class=\"wp-block-quote is-layout-flow wp-block-quote-is-layout-flow\">\n<p><strong>\u00ab\u00a0L\u2019action elle-m\u00eame est assez sanglante et bien mise en sc\u00e8ne, m\u00eame si on ne peut s\u2019emp\u00eacher de remarquer que la plupart de ces sc\u00e8nes sont \u00e9ph\u00e9m\u00e8res, ce qui est \u00e9videmment li\u00e9 aux contraintes budg\u00e9taires. Mais avec ce budget apparemment limit\u00e9, Bassett fait tout ce qu\u2019elle peut pour tirer parti du sc\u00e9nario ambitieux de Tasha Huo.<\/strong> <strong>C\u2019est particuli\u00e8rement vrai dans ce qui aurait pu \u00eatre un simple film d\u2019\u00e9p\u00e9e et de sorcellerie de s\u00e9rie B. L\u2019histoire parvient \u00e0 pimenter les choses en subvertissant certaines attentes au fil du film.\u00a0\u00bb<\/strong> Casey Movie Mania<\/p>\n<\/blockquote>\n<blockquote class=\"wp-block-quote is-layout-flow wp-block-quote-is-layout-flow\"\/>\n<blockquote class=\"wp-block-quote is-layout-flow wp-block-quote-is-layout-flow\">\n<p><strong>\u00ab\u00a0L\u2019\u00e9poque exige-t-elle un Braveheart f\u00e9minin ? Je n\u2019en suis pas s\u00fbr, mais c\u2019est \u00e0 peu pr\u00e8s ce que nous avons avec Red Sonja de M.J. Bassett. [\u2026] Ce nouveau Red Sonja n\u2019a pas grand-chose \u00e0 voir avec le film pr\u00e9c\u00e9dent [Kalidor], ni avec Marvel, qui a perdu les droits sur le personnage dans les ann\u00e9es 1990 \u2013 et en tant que sorte de parabole \u00e9cof\u00e9ministe, il n\u2019aurait probablement pas non plus gagn\u00e9 l\u2019approbation du c\u00e9l\u00e8bre Robert E. Howard [le cr\u00e9ateur du personnage de comics, ndlr] r\u00e9actionnaire et intol\u00e9rant.<\/strong><\/p>\n<p><strong>\u00c0 vrai dire, il n\u2019y a rien ici qui n\u2019ait \u00e9t\u00e9 fait au moins cent fois mieux dans Furiosa de George Miller, construits de mani\u00e8re similaire \u00e0 certains \u00e9gards, en particulier la fa\u00e7on dont l\u2019h\u00e9ro\u00efne opprim\u00e9e et le m\u00e9chant vantard se r\u00e9v\u00e8lent li\u00e9s par le destin de l\u2019un et l\u2019autre.<\/strong>\u00a0\u00bb The Sidney Morning Herald<\/p>\n<\/blockquote>\n<p><a href=\"https:\/\/www.ecranlarge.com\/content\/uploads\/2025\/08\/xsd0q1fiuzkvhuy7uscolbmd1hr.webp\" rel=\"nofollow noopener\" target=\"_blank\"><img loading=\"lazy\" decoding=\"async\" alt=\"Matilda Lutz dans Red Sonja\" class=\"wp-image-1330229\" src=\"https:\/\/www.europesays.com\/fr\/wp-content\/uploads\/2025\/08\/xsd0q1fiuzkvhuy7uscolbmd1hr-1260x709.webp.webp\" width=\"1260\" height=\"709\"  \/><\/a>\u2026 les critiques<\/p>\n<blockquote class=\"wp-block-quote is-layout-flow wp-block-quote-is-layout-flow\">\n<p><strong>\u00ab\u00a0La reprise du classique des ann\u00e9es 80 de Nielsen utilise les effets sp\u00e9ciaux et les flashbacks avec un peu trop de g\u00e9n\u00e9rosit\u00e9, mais on y trouve par moments une touche d\u2019esprit dans un sc\u00e9nario par ailleurs maladroit. [\u2026] Les sc\u00e8nes d\u2019action \u2013 qui ont fait le succ\u00e8s de la Sonja originale [\u2026] \u2013 sont ici un peu plus m\u00e9caniques. Mais quelqu\u2019un, quelque part, a d\u00fb retravailler un peu le sc\u00e9nario, car de temps \u00e0 autre, une r\u00e9plique assez spirituelle surgit de nulle part, avant que le dialogue ne retombe dans un pseudo-langage m\u00e9di\u00e9val.\u00a0\u00bb<\/strong> The Guardian<\/p>\n<\/blockquote>\n<p>Voil\u00e0 qui rend intrigant car, si les critiques sont globalement n\u00e9gatives (hormis une franchement enthousiaste), on sent \u00e0 leur lecture que l\u2019\u00e9quipe du film semble avoir fait tout son possible pour faire honneur \u00e0 la guerri\u00e8re (ou au moins tent\u00e9 de la moderniser). Et vu les conditions de production de <strong>Red Sonja<\/strong>, c\u2019est d\u00e9j\u00e0 une belle volont\u00e9, si l\u2019on en croit la plupart des critiques. Aux \u00c9tats-Unis, le film sera diffus\u00e9 au cin\u00e9ma le 15 ao\u00fbt pour une journ\u00e9e, avant de d\u00e9barquer en VOD le 29 ao\u00fbt. <strong>En France, le film n\u2019a aucune date de sortie pour le moment.<\/strong><\/p>\n","protected":false},"excerpt":{"rendered":"La guerri\u00e8re ultra-badass Red Sonja arrive enfin au cin\u00e9ma dans son film Red Sonja apr\u00e8s des ann\u00e9es d\u2019attente.&hellip;\n","protected":false},"author":2,"featured_media":316205,"comment_status":"","ping_status":"","sticky":false,"template":"","format":"standard","meta":{"footnotes":""},"categories":[1354],"tags":[58,59,1346,1011,27,1360],"class_list":{"0":"post-316204","1":"post","2":"type-post","3":"status-publish","4":"format-standard","5":"has-post-thumbnail","7":"category-films","8":"tag-divertissement","9":"tag-entertainment","10":"tag-films","11":"tag-fr","12":"tag-france","13":"tag-movies"},"share_on_mastodon":{"url":"https:\/\/pubeurope.com\/@fr\/115021362526007232","error":""},"_links":{"self":[{"href":"https:\/\/www.europesays.com\/fr\/wp-json\/wp\/v2\/posts\/316204","targetHints":{"allow":["GET"]}}],"collection":[{"href":"https:\/\/www.europesays.com\/fr\/wp-json\/wp\/v2\/posts"}],"about":[{"href":"https:\/\/www.europesays.com\/fr\/wp-json\/wp\/v2\/types\/post"}],"author":[{"embeddable":true,"href":"https:\/\/www.europesays.com\/fr\/wp-json\/wp\/v2\/users\/2"}],"replies":[{"embeddable":true,"href":"https:\/\/www.europesays.com\/fr\/wp-json\/wp\/v2\/comments?post=316204"}],"version-history":[{"count":0,"href":"https:\/\/www.europesays.com\/fr\/wp-json\/wp\/v2\/posts\/316204\/revisions"}],"wp:featuredmedia":[{"embeddable":true,"href":"https:\/\/www.europesays.com\/fr\/wp-json\/wp\/v2\/media\/316205"}],"wp:attachment":[{"href":"https:\/\/www.europesays.com\/fr\/wp-json\/wp\/v2\/media?parent=316204"}],"wp:term":[{"taxonomy":"category","embeddable":true,"href":"https:\/\/www.europesays.com\/fr\/wp-json\/wp\/v2\/categories?post=316204"},{"taxonomy":"post_tag","embeddable":true,"href":"https:\/\/www.europesays.com\/fr\/wp-json\/wp\/v2\/tags?post=316204"}],"curies":[{"name":"wp","href":"https:\/\/api.w.org\/{rel}","templated":true}]}}