{"id":316206,"date":"2025-08-13T12:04:10","date_gmt":"2025-08-13T12:04:10","guid":{"rendered":"https:\/\/www.europesays.com\/fr\/316206\/"},"modified":"2025-08-13T12:04:10","modified_gmt":"2025-08-13T12:04:10","slug":"ce-medecin-francais-redonne-la-vue-a-des-patients-en-utilisant-des-dents-et-de-los","status":"publish","type":"post","link":"https:\/\/www.europesays.com\/fr\/316206\/","title":{"rendered":"Ce m\u00e9decin fran\u00e7ais redonne la vue \u00e0 des patients en utilisant des dents et de l&rsquo;os !"},"content":{"rendered":"<p><strong>Au CHU de Montpellier, un ophtalmologiste redonne la vue<br \/>\n\u00e0 des patients en utilisant une technique datant d\u2019il y a plus d\u2019un<br \/>\ndemi-si\u00e8cle. Il est ici question d\u2019une proth\u00e8se de corn\u00e9e associant<br \/>\ndiff\u00e9rents mat\u00e9riaux, \u00e0 savoir du plexiglas, de l\u2019os de m\u00e2choire et<br \/>\nde la dent, entre autres.<\/strong><\/p>\n<p>Une op\u00e9ration fastidieuse<\/p>\n<p>Chef du service d\u2019ophtalmologie du CHU de Montpellier, Vincent<br \/>\nDa\u00efen a \u00e9t\u00e9 interrog\u00e9 par le quotidien <a href=\"https:\/\/www.midilibre.fr\/2025\/07\/06\/de-la-dent-de-los-et-du-plexiglass-a-montpellier-des-patients-aveugles-retrouvent-la-vue-et-cest-unique-en-france-12803075.php\" target=\"_blank\" rel=\"noopener nofollow\">Midi Libre<\/a>, dans le cadre d\u2019un<br \/>\narticle publi\u00e9 le 6 juillet 2025. Depuis deux ans, le sp\u00e9cialiste<br \/>\n<strong>redonne la vue \u00e0 des patients<\/strong> aveugles suite \u00e0 une<br \/>\nmaladie ou un accident. Or, la technique que ce dernier utilise<br \/>\nn\u2019est autre que <a href=\"https:\/\/sciencepost.fr\/ookp-implant-oculaire-dent\/\" target=\"_blank\" rel=\"noopener nofollow\">l\u2019ost\u00e9o-odonto-k\u00e9ratoproth\u00e8se<\/a> (OOKP),<br \/>\ndont l\u2019apparition remonte au d\u00e9but des ann\u00e9es 1960 sous l\u2019impulsion<br \/>\ndu chirurgien ophtalmologiste italien Benedetto Strampelli.<\/p>\n<p>Complexe et chronophage, l\u2019OOKP consiste \u00e0 <strong>transplanter<br \/>\nun greffon servant de support<\/strong> pour la corn\u00e9e, cette<br \/>\nderni\u00e8re recouverte par une lentille de contact artificielle. Tout<br \/>\ncommence avec le pr\u00e9l\u00e8vement d\u2019une canine, d\u2019un bout de m\u00e2choire et<br \/>\nd\u2019un morceau d\u2019os du bassin afin de <strong>tailler une pi\u00e8ce une<br \/>\npi\u00e8ce de 1,5 sur 1 cm<\/strong>, cette derni\u00e8re int\u00e9grant \u00e9galement<br \/>\ndu plexiglas.<\/p>\n<p>Vient ensuite la pr\u00e9paration de la proth\u00e8se biologique, son<br \/>\nimplantation dans l\u2019\u0153il et enfin, la <strong>mise en nourrice<br \/>\ndurant deux \u00e0 trois mois<\/strong>. Cette derni\u00e8re \u00e9tape consiste \u00e0<br \/>\nconserver la corn\u00e9e d\u00e9faillante sous la paupi\u00e8re et la prot\u00e9ger \u00e0<br \/>\nl\u2019aide d\u2019un lambeau de muqueuse jugale (de l\u2019int\u00e9rieur des joues).<br \/>\nLe but est ici d\u2019\u00e9viter le rejet du greffon et de favoriser la<br \/>\nrevascularisation. Apr\u00e8s cette op\u00e9ration fastidieuse, une autre<br \/>\nintervention difficile suivra : la <strong>reconstruction de toute<br \/>\nla surface oculaire.<\/strong><\/p>\n<p><img loading=\"lazy\" data-lazyloaded=\"1\" decoding=\"async\" class=\"size-full wp-image-213737\" src=\"https:\/\/www.europesays.com\/fr\/wp-content\/uploads\/2025\/08\/OOKP-dent-oeil-implant.jpg\" alt=\"OOKP dent oeil implant\" width=\"660\" height=\"413\"  data-\/><br \/>\nCr\u00e9dits : Osteo odonto keratoprosthesis \u2013 OOKP \/<br \/>\nFacebookUne dizaine de patients d\u00e9j\u00e0 trait\u00e9s<\/p>\n<p>Il est important de pr\u00e9ciser que l\u2019OOKP se destine aux personnes<br \/>\nayant perdu la vue mais dont les yeux et le nerf optique sont<br \/>\n<strong>encore dans un \u00e9tat g\u00e9n\u00e9ral acceptable<\/strong>. Il s\u2019agit<br \/>\n\u00e9galement de personnes n\u2019ayant pas pu b\u00e9n\u00e9ficier d\u2019une greffe de<br \/>\ncorn\u00e9e classique. En deux ans, Vincent Da\u00efen a op\u00e9r\u00e9 une dizaine de<br \/>\npatients et certains d\u2019entre-eux ont retrouv\u00e9 la vue \u00e0 des niveaux<br \/>\ntr\u00e8s int\u00e9ressants. Par ailleurs, si le sp\u00e9cialiste semble confiant<br \/>\nsur l\u2019efficacit\u00e9 de la technique, ce dernier reste mod\u00e9r\u00e9 dans la<br \/>\nmesure o\u00f9 <strong>les chances de r\u00e9ussite ne sont pas<br \/>\nmaximales.<\/strong><\/p>\n<p>Soulignons \u00e9galement le fait que l\u2019OOKP n\u00e9cessite la<br \/>\n<strong>coop\u00e9ration de plusieurs sp\u00e9cialistes<\/strong>, \u00e0 savoir<br \/>\ndes ophtalmologistes, des dentistes, des chirurgiens<br \/>\nmaxillo-faciaux ainsi que des anesth\u00e9sistes. La proc\u00e9dure compl\u00e8te<br \/>\npeut durer plusieurs heures et n\u00e9cessite une hospitalisation de<br \/>\nplusieurs jours.<\/p>\n<p>Enfin, Vincent Da\u00efen d\u00e9sire tenter de faire en sorte que<br \/>\nl\u2019ost\u00e9o-odonto-k\u00e9ratoproth\u00e8se devienne une r\u00e9f\u00e9rence en Europe.<br \/>\nL\u2019expert estime m\u00eame qu\u2019en optimisant la technique, il serait<br \/>\n<strong>possible d\u2019atteindre une acuit\u00e9 visuelle de 10\/10<\/strong>.<br \/>\nCependant, une autre technique assez similaire pourrait faire de<br \/>\nl\u2019ombre \u00e0 l\u2019OOKP : <a href=\"https:\/\/pubmed.ncbi.nlm.nih.gov\/28430334\/\" target=\"_blank\" rel=\"noopener nofollow\">la chondro-keratoproth\u00e8se<\/a>, dont la principale<br \/>\ndiff\u00e9rence r\u00e9side dans l\u2019utilisation de cartilage de conque<br \/>\nauriculaire, la partie de l\u2019oreille externe en forme de<br \/>\ncoquille.<\/p>\n","protected":false},"excerpt":{"rendered":"Au CHU de Montpellier, un ophtalmologiste redonne la vue \u00e0 des patients en utilisant une technique datant d\u2019il&hellip;\n","protected":false},"author":2,"featured_media":316207,"comment_status":"","ping_status":"","sticky":false,"template":"","format":"standard","meta":{"footnotes":""},"categories":[10],"tags":[1011,27,72,71],"class_list":{"0":"post-316206","1":"post","2":"type-post","3":"status-publish","4":"format-standard","5":"has-post-thumbnail","7":"category-sante","8":"tag-fr","9":"tag-france","10":"tag-health","11":"tag-sante"},"share_on_mastodon":{"url":"https:\/\/pubeurope.com\/@fr\/115021366251483679","error":""},"_links":{"self":[{"href":"https:\/\/www.europesays.com\/fr\/wp-json\/wp\/v2\/posts\/316206","targetHints":{"allow":["GET"]}}],"collection":[{"href":"https:\/\/www.europesays.com\/fr\/wp-json\/wp\/v2\/posts"}],"about":[{"href":"https:\/\/www.europesays.com\/fr\/wp-json\/wp\/v2\/types\/post"}],"author":[{"embeddable":true,"href":"https:\/\/www.europesays.com\/fr\/wp-json\/wp\/v2\/users\/2"}],"replies":[{"embeddable":true,"href":"https:\/\/www.europesays.com\/fr\/wp-json\/wp\/v2\/comments?post=316206"}],"version-history":[{"count":0,"href":"https:\/\/www.europesays.com\/fr\/wp-json\/wp\/v2\/posts\/316206\/revisions"}],"wp:featuredmedia":[{"embeddable":true,"href":"https:\/\/www.europesays.com\/fr\/wp-json\/wp\/v2\/media\/316207"}],"wp:attachment":[{"href":"https:\/\/www.europesays.com\/fr\/wp-json\/wp\/v2\/media?parent=316206"}],"wp:term":[{"taxonomy":"category","embeddable":true,"href":"https:\/\/www.europesays.com\/fr\/wp-json\/wp\/v2\/categories?post=316206"},{"taxonomy":"post_tag","embeddable":true,"href":"https:\/\/www.europesays.com\/fr\/wp-json\/wp\/v2\/tags?post=316206"}],"curies":[{"name":"wp","href":"https:\/\/api.w.org\/{rel}","templated":true}]}}