{"id":316212,"date":"2025-08-13T12:07:17","date_gmt":"2025-08-13T12:07:17","guid":{"rendered":"https:\/\/www.europesays.com\/fr\/316212\/"},"modified":"2025-08-13T12:07:17","modified_gmt":"2025-08-13T12:07:17","slug":"google-leve-deja-le-voile-sur-son-pixel-10-pro-fold-mais-sans-en-dire-trop","status":"publish","type":"post","link":"https:\/\/www.europesays.com\/fr\/316212\/","title":{"rendered":"Google l\u00e8ve d\u00e9j\u00e0 le voile sur son Pixel 10\u00a0Pro Fold, mais sans en dire trop"},"content":{"rendered":"<p>Alors que la conf\u00e9rence d\u2019annonce des Pixel\u00a010 est attendue la semaine prochaine, Google \u00ab\u00a0divulg\u00e2che\u00a0\u00bb un peu la surprise en montrant des images promotionnelles de son t\u00e9l\u00e9phone pliable.<\/p>\n<p><a href=\"https:\/\/images.frandroid.com\/wp-content\/uploads\/2025\/08\/pixel-10-pro-fold-official-screenshot-840w-472h.jpg.webp\" target=\"_blank\" class=\"article-content__figure\" rel=\"noopener\"><img fetchpriority=\"high\" decoding=\"async\" loading=\"eager\" width=\"840\" height=\"472\" src=\"https:\/\/www.europesays.com\/fr\/wp-content\/uploads\/2025\/08\/pixel-10-pro-fold-official-screenshot-840w-472h.jpg.webp\" alt=\"\" class=\"wp-image-2759893 wp-image wp-image\"  \/><\/a>Le Pixel 10 Pro Fold \/\/ Cr\u00e9dit : Google<\/p>\n<p>La strat\u00e9gie mobile de Google est d\u00e9cid\u00e9ment bien diff\u00e9rente de celle d\u2019Apple. Alors que la pomme tente de garder ses projets secrets jusqu\u2019\u00e0 la derni\u00e8re minute, Google s\u2019est d\u00e9sormais fait une sp\u00e9cialit\u00e9 de poster des vid\u00e9os promotionnelles pour ses nouveaux t\u00e9l\u00e9phones avant m\u00eame la sortie de ces derniers.<\/p>\n<p><a href=\"https:\/\/www.androidauthority.com\/pixel-10-pro-fold-teaser-3586463\/\" target=\"_blank\" rel=\"noreferrer noopener\">Comme l\u2019a remarqu\u00e9 Android Authority<\/a>, une nouvelle vid\u00e9o vient d\u2019\u00eatre post\u00e9e sur le compte YouTube \u00ab\u2009Made by Google\u2009\u00bb et elle d\u00e9voile les contours <a href=\"https:\/\/www.frandroid.com\/tag\/google-pixel-10-pro-fold\" target=\"_blank\" rel=\"noopener\">du Pixel 10 Pro Fold<\/a>, le prochain mobile pliable du constructeur.<\/p>\n<p>Une premi\u00e8re vid\u00e9o officielle<\/p>\n<p>Comme \u00e0 son habitude, Google n\u2019en d\u00e9voile pas plus que n\u00e9cessaire. Tout juste a-t-on le droit \u00e0 quelques aper\u00e7us ombrag\u00e9s des tranches du t\u00e9l\u00e9phone et une vue assez claire sur l\u2019\u00e9cran int\u00e9rieur du mobile \u00ab\u2009simul\u00e9\u2009\u00bb pour l\u2019occasion. Du peu que l\u2019on voit dans cette publicit\u00e9, on peut tout de m\u00eame deviner que le 10 Pro Fold ressemblera assez largement \u00e0 son pr\u00e9d\u00e9cesseur, <a href=\"https:\/\/www.frandroid.com\/test\/2325188_test-google-pixel-9-pro-fold\" target=\"_blank\" rel=\"noopener\">le 9 Pro Fold<\/a>. Un choix esth\u00e9tique pas exactement renversant qui transparaissait d\u00e9j\u00e0 <a href=\"https:\/\/www.frandroid.com\/marques\/google\/2566463_pixel-10-pro-fold-google-miserait-sur-la-prudence-voici-pourquoi\" target=\"_blank\" rel=\"noopener\">dans les diff\u00e9rentes rumeurs et infos vol\u00e9es qui circulaient sur l\u2019appareil<\/a>.<\/p>\n<p>L\u2019\u00eelot photo semble \u00eatre toujours l\u00e0, les mensurations du t\u00e9l\u00e9phone semblent peu ou prou les m\u00eames et le mod\u00e8le montr\u00e9 dans la vid\u00e9o semble arborer le gris \u00ab\u2009Moonstone\u2009\u00bb qu\u2019on avait d\u00e9j\u00e0 aper\u00e7u sur le reste de la famille des Pixel\u00a010. Une confirmation de plus que le gros des changements se situera du c\u00f4t\u00e9 de la fiche technique cette ann\u00e9e, <a href=\"https:\/\/www.frandroid.com\/marques\/google\/2733985_le-google-pixel-10-pro-fold-serait-le-premier-a-corriger-une-faiblesse-des-smartphones-pliables\" target=\"_blank\" rel=\"noopener\">avec notamment une certification\u00a0IP68<\/a>. Une premi\u00e8re pour un mobile pliable.<\/p>\n<p class=\"bottom-text\">                <a href=\"https:\/\/www.youtube.com\/watch?v=KFdO0bpe2MQ\" target=\"_blank\" rel=\"noopener\">Lien YouTube<\/a>                                    <a href=\"https:\/\/www.youtube.com\/subscription_center?add_user=FrAndroidTube\" target=\"_blank\" rel=\"noopener\">S\u2019abonner \u00e0 Frandroid<\/a>                            <\/p>\n<p>                Ce contenu est bloqu\u00e9 car vous n\u2019avez pas accept\u00e9 les cookies et autres traceurs. Ce contenu est fourni par YouTube.<br \/>Pour pouvoir le visualiser, vous devez accepter l\u2019usage \u00e9tant op\u00e9r\u00e9 par YouTube avec vos donn\u00e9es qui pourront \u00eatre utilis\u00e9es pour les finalit\u00e9s suivantes : vous permettre de visualiser et de partager des contenus avec des m\u00e9dias sociaux, favoriser le d\u00e9veloppement et l\u2019am\u00e9lioration des produits d\u2019Humanoid et de ses partenaires, vous afficher des publicit\u00e9s personnalis\u00e9es par rapport \u00e0 votre profil et activit\u00e9, vous d\u00e9finir un profil publicitaire personnalis\u00e9, mesurer la performance des publicit\u00e9s et du contenu de ce site et mesurer l\u2019audience de ce site <a href=\"#\" class=\"js-privacy\" target=\"_blank\">(en savoir plus)<\/a>            <\/p>\n<p>                En cliquant sur \u00ab J\u2019accepte tout \u00bb, vous consentez aux finalit\u00e9s susmentionn\u00e9es pour l\u2019ensemble des cookies et autres traceurs d\u00e9pos\u00e9s par Humanoid et <a class=\"embed-consent-overlay-vendors-link\" href=\"#preferences-vendeurs\">ses partenaires<\/a>.            <\/p>\n<p>                Vous gardez la possibilit\u00e9 de retirer votre consentement \u00e0 tout moment. Pour plus d\u2019informations, nous vous invitons \u00e0 prendre connaissance de notre <a href=\"https:\/\/www.frandroid.com\/politique-cookies\" target=\"_blank\" rel=\"noopener\">Politique cookies<\/a>.            <\/p>\n<p>            J\u2019accepte tout        <\/p>\n<p class=\"embed-consent-overlay-manage-choices\">            <a href=\"#preferences-publicitaires\">G\u00e9rer mes choix<\/a>        <\/p>\n<p>Malheureusement, Google ne donne pas la seule info pertinente qu\u2019on aurait aim\u00e9e\u00a0: la date de sortie du Pixel\u00a010 Pro Fold. En effet, <a href=\"https:\/\/www.frandroid.com\/marques\/google\/2754169_un-retard-de-plus-dun-mois-est-a-craindre-pour-la-sortie-de-ces-google-pixel\" target=\"_blank\" rel=\"noopener\">de r\u00e9cents bruits de couloir sugg\u00e9raient que l\u2019appareil pourrait ne sortir que le 9\u00a0octobre prochain<\/a> contre une disponibilit\u00e9 d\u00e9but septembre pour les Pixel 10 et 10\u00a0Pro.<\/p>\n<p>Google \u00e9pargne Apple (ce coup-ci)<\/p>\n<p>Si l\u2019on cherche \u00e0 se lancer dans une analyse plus pouss\u00e9e de cette vid\u00e9o de quelques secondes, on peut aussi noter que, contrairement \u00e0 la derni\u00e8re, celle-l\u00e0 n\u2019attaque pas (directement au moins) la concurrence et plus particuli\u00e8rement Apple <a href=\"https:\/\/www.frandroid.com\/marques\/google\/2753529_dans-la-premiere-pub-du-pixel-10-google-attaque-apple-la-ou-ca-fait-mal\" target=\"_blank\" rel=\"noopener\">qui a eu le droit \u00e0 une petite pique il y a peu<\/a>.<\/p>\n<p class=\"shortcode-container see-more\">\n    Pour aller plus loin<br \/><a href=\"https:\/\/www.frandroid.com\/marques\/google\/2743289_google-se-spoile-lui-meme-les-pixel-10-se-devoilent-par-accident-dans-le-play-store\" target=\"_blank\" rel=\"noopener\">Les Google Pixel 10 se d\u00e9voilent \u00ab\u00a0par accident\u00a0\u00bb dans le Play Store<\/a>\n            <\/p>\n<p>Notons aussi que le choix de la musique est surprenant, puisque ce sont les inoubliables notes de \u00ab\u2009The Next Episode\u2009\u00bb par Dr Dre et Snoop Dogg qui r\u00e9sonnent \u00e0 la fin de la vid\u00e9o. Une chanson qui fait ouvertement illusion \u00e0 la domination des deux interpr\u00e8tes sur la sc\u00e8ne rap de l\u2019\u00e9poque. Domination que les Pixel de Google ne peuvent pas vraiment se targuer d\u2019avoir dans le monde mobile. Accessoirement, Dr Dre est aussi le cofondateur de Beats by Dre, <a href=\"https:\/\/www.frandroid.com\/marques\/apple\/220252_apple-met-main-beats-3-milliards-dollars\" target=\"_blank\" rel=\"noopener\">entreprise vendue \u00e0 Apple en 2014<\/a>.<\/p>\n<p>Envie de retrouver les meilleurs articles de Frandroid sur Google News ? Vous pouvez suivre <strong><a href=\"https:\/\/news.google.com\/publications\/CAAqBggKMICKMDCuyQU?oc=3\" target=\"_blank\" rel=\"noopener null noreferrer\">Frandroid sur Google News<\/a> en un clic.<\/strong><\/p>\n","protected":false},"excerpt":{"rendered":"Alors que la conf\u00e9rence d\u2019annonce des Pixel\u00a010 est attendue la semaine prochaine, Google \u00ab\u00a0divulg\u00e2che\u00a0\u00bb un peu la surprise&hellip;\n","protected":false},"author":2,"featured_media":316213,"comment_status":"","ping_status":"","sticky":false,"template":"","format":"standard","meta":{"footnotes":""},"categories":[7],"tags":[1011,27,21270,6709,1834,43,40,41,39,42,44],"class_list":{"0":"post-316212","1":"post","2":"type-post","3":"status-publish","4":"format-standard","5":"has-post-thumbnail","7":"category-sciences-et-technologies","8":"tag-fr","9":"tag-france","10":"tag-google-pixel","11":"tag-google-pixel-10-pro-fold","12":"tag-publicite","13":"tag-science","14":"tag-science-and-technology","15":"tag-sciences","16":"tag-sciences-et-technologies","17":"tag-technologies","18":"tag-technology"},"share_on_mastodon":{"url":"https:\/\/pubeurope.com\/@fr\/115021378098310257","error":""},"_links":{"self":[{"href":"https:\/\/www.europesays.com\/fr\/wp-json\/wp\/v2\/posts\/316212","targetHints":{"allow":["GET"]}}],"collection":[{"href":"https:\/\/www.europesays.com\/fr\/wp-json\/wp\/v2\/posts"}],"about":[{"href":"https:\/\/www.europesays.com\/fr\/wp-json\/wp\/v2\/types\/post"}],"author":[{"embeddable":true,"href":"https:\/\/www.europesays.com\/fr\/wp-json\/wp\/v2\/users\/2"}],"replies":[{"embeddable":true,"href":"https:\/\/www.europesays.com\/fr\/wp-json\/wp\/v2\/comments?post=316212"}],"version-history":[{"count":0,"href":"https:\/\/www.europesays.com\/fr\/wp-json\/wp\/v2\/posts\/316212\/revisions"}],"wp:featuredmedia":[{"embeddable":true,"href":"https:\/\/www.europesays.com\/fr\/wp-json\/wp\/v2\/media\/316213"}],"wp:attachment":[{"href":"https:\/\/www.europesays.com\/fr\/wp-json\/wp\/v2\/media?parent=316212"}],"wp:term":[{"taxonomy":"category","embeddable":true,"href":"https:\/\/www.europesays.com\/fr\/wp-json\/wp\/v2\/categories?post=316212"},{"taxonomy":"post_tag","embeddable":true,"href":"https:\/\/www.europesays.com\/fr\/wp-json\/wp\/v2\/tags?post=316212"}],"curies":[{"name":"wp","href":"https:\/\/api.w.org\/{rel}","templated":true}]}}