{"id":316214,"date":"2025-08-13T12:08:16","date_gmt":"2025-08-13T12:08:16","guid":{"rendered":"https:\/\/www.europesays.com\/fr\/316214\/"},"modified":"2025-08-13T12:08:16","modified_gmt":"2025-08-13T12:08:16","slug":"ford-ressuscite-lesprit-model-t-un-suv-xxl-au-prix-dune-citadine-pour-conquerir-le-marche","status":"publish","type":"post","link":"https:\/\/www.europesays.com\/fr\/316214\/","title":{"rendered":"Ford ressuscite l&rsquo;esprit Model T : un SUV XXL au prix d&rsquo;une citadine pour conqu\u00e9rir le march\u00e9"},"content":{"rendered":"<p>En 1908, le Model T avait transform\u00e9 la mobilit\u00e9 et ouvert la voiture au grand public. Plus d\u2019un si\u00e8cle plus tard, Ford promet un nouveau tournant avec un pick-up \u00e9lectrique con\u00e7u pour \u00eatre vendu \u00e0 un tarif plancher : environ 27 500 \u20ac hors aides. Fabriqu\u00e9 aux \u00c9tats-Unis, plus logeable qu\u2019un SUV Toyota RAV4, \u00e9quip\u00e9 d\u2019une benne et d\u2019un coffre avant, il viserait \u00e0 d\u00e9mocratiser l\u2019\u00e9lectrique dans un segment domin\u00e9 par des mod\u00e8les souvent on\u00e9reux.<\/p>\n<p>Ce futur mod\u00e8le, qui viendra se positionner sous le Ranger, est aussi le fer de lance d\u2019une nouvelle mani\u00e8re de concevoir et d\u2019assembler des v\u00e9hicules. Le Ford Universal EV Production System promet moins de pi\u00e8ces, des assemblages plus rapides, un poids r\u00e9duit et des co\u00fbts de production en baisse. Autant de leviers pour atteindre un objectif simple : rendre l\u2019\u00e9lectrique accessible au plus grand nombre, tout en restant rentable.<\/p>\n<p><img fetchpriority=\"high\" decoding=\"async\" class=\"size-full wp-image-24094 webpexpress-processed\" src=\"data:image\/svg+xml,%3Csvg%20xmlns=\" http:=\"\" alt=\"Sch\u00e9ma technique Ford Universal EV Production System pour v\u00e9hicules \u00e9lectriques\" width=\"1200\" height=\"675\" data-lazy- data-lazy- data-lazy-src=\"https:\/\/www.europesays.com\/fr\/wp-content\/uploads\/2025\/08\/presentation-ford-plateforme-ev.jpg\"\/>pr\u00e9sentation technique du Ford Universal EV Production System, la nouvelle architecture modulaire et optimis\u00e9e qui \u00e9quipera le futur pick-up \u00e9lectrique et ses mod\u00e8les d\u00e9riv\u00e9s. \u00a9 Ford Motor Company<br \/>\nUn pick-up pens\u00e9 pour casser les prix<\/p>\n<p>Ford ne cache pas son ambition : proposer un pick-up 100 % \u00e9lectrique \u00e0 un tarif d\u00e9fiant toute concurrence, avec un prix cible de <strong>30 000 dollars<\/strong>, soit environ <strong>27 500 \u20ac<\/strong> hors aides. C\u2019est un positionnement in\u00e9dit dans un segment o\u00f9 les prix flirtent souvent avec les 50 000 \u20ac, m\u00eame pour des mod\u00e8les compacts.<\/p>\n<blockquote class=\"wp-embedded-content\" data-secret=\"FeBUT1okhy\">\n<p><a href=\"https:\/\/www.passionandcar.fr\/2025\/08\/12\/7-places-et-coffre-xxl-pour-19-900e-seulement-le-suv-familial-presque-parfait-a-quand-meme-un-defaut\/\" rel=\"nofollow noopener\" target=\"_blank\">7 places et coffre XXL pour 19 900\u20ac seulement : le SUV familial presque parfait a quand m\u00eame un d\u00e9faut<\/a><\/p>\n<\/blockquote>\n<p>Ce futur mod\u00e8le, qui prendra place <strong>sous le Ranger<\/strong> dans la gamme, sera produit \u00e0 <strong>Louisville (Kentucky)<\/strong>. Il combinera des dimensions g\u00e9n\u00e9reuses \u2014 <strong>plus d\u2019espace int\u00e9rieur qu\u2019un Toyota RAV4<\/strong>, un grand coffre avant et une benne arri\u00e8re \u2014 \u00e0 des performances dignes d\u2019une berline sportive, Ford annon\u00e7ant une vitesse comparable \u00e0 celle d\u2019un <strong>Mustang EcoBoost<\/strong>.<\/p>\n<p>Si ses capacit\u00e9s tout-terrain n\u2019atteindront pas forc\u00e9ment celles d\u2019un Ranger dans ses versions les plus extr\u00eames, il devrait offrir un compromis solide entre usage utilitaire et polyvalence routi\u00e8re, avec une charge utile et des capacit\u00e9s de remorquage adapt\u00e9es \u00e0 un usage quotidien comme professionnel.<\/p>\n<p><img loading=\"lazy\" decoding=\"async\" class=\"size-full wp-image-24095 webpexpress-processed\" src=\"data:image\/svg+xml,%3Csvg%20xmlns=\" http:=\"\" alt=\"Ford Ranger MS-RT double cabine profil lat\u00e9ral avec jantes alliage sp\u00e9cifiques\" width=\"1200\" height=\"675\" data-lazy- data-lazy- data-lazy-src=\"https:\/\/www.europesays.com\/fr\/wp-content\/uploads\/2025\/08\/ranger_ms-rt-01.jpg\"\/>Profil du Ford Ranger MS-RT, pick-up \u00e0 double cabine au style sportif, avec jantes alliage exclusives et kit carrosserie a\u00e9rodynamique. \u00a9 Ford Motor Company<br \/>\nPlus qu\u2019un v\u00e9hicule : une r\u00e9volution de production<\/p>\n<p>Pour Ford, ce pick-up n\u2019est pas seulement un produit, mais le <strong>fer de lance d\u2019une nouvelle strat\u00e9gie industrielle<\/strong>. Avec le <strong>Ford Universal EV Production System<\/strong>, le constructeur repense int\u00e9gralement la mani\u00e8re de fabriquer des v\u00e9hicules \u00e9lectriques.<\/p>\n<p>Le concept repose sur la simplification \u00e0 tous les niveaux :<\/p>\n<ul>\n<li><strong>20 % de pi\u00e8ces en moins<\/strong><\/li>\n<li><strong>25 % de fixations en moins<\/strong><\/li>\n<li>Assemblage <strong>15 % plus rapide<\/strong><\/li>\n<li><strong>1,3 km de c\u00e2bles en moins<\/strong> et <strong>10 kg gagn\u00e9s<\/strong> sur le faisceau \u00e9lectrique<\/li>\n<\/ul>\n<p>Ces gains passent par des m\u00e9thodes comme le <strong>gigacasting<\/strong>, consistant \u00e0 mouler de grandes sections en aluminium d\u2019un seul tenant, en remplacement de dizaines de pi\u00e8ces plus petites. Cette technique, popularis\u00e9e par Tesla, est en passe de devenir un standard industriel que Ford adapte \u00e0 ses propres cha\u00eenes.<\/p>\n<blockquote class=\"wp-embedded-content\" data-secret=\"Kk7hj2zLwD\">\n<p><a href=\"https:\/\/www.passionandcar.fr\/2025\/08\/12\/dacia-sandero-hybrid-2026-la-bombe-marocaine-qui-va-democratiser-lhybride-en-france-a-prix-plancher\/\" rel=\"nofollow noopener\" target=\"_blank\">Dacia Sandero Hybrid 2026 : la bombe marocaine qui va d\u00e9mocratiser l\u2019hybride en France \u00e0 prix plancher<\/a><\/p>\n<\/blockquote>\n<p><img loading=\"lazy\" decoding=\"async\" class=\"size-full wp-image-24096 webpexpress-processed\" src=\"data:image\/svg+xml,%3Csvg%20xmlns=\" http:=\"\" alt=\"Int\u00e9rieur du Ford Ranger MS-RT avec sellerie cuir surpiqu\u00e9e et volant sport\" width=\"1200\" height=\"675\" data-lazy- data-lazy- data-lazy-src=\"https:\/\/www.europesays.com\/fr\/wp-content\/uploads\/2025\/08\/ranger_ms-rt-03.jpg\"\/>Habitacle du Ford Ranger MS-RT, int\u00e9grant sellerie cuir surpiqu\u00e9e, volant sport et finitions haut de gamme. \u00a9 Ford Motor Company<br \/>\nLa r\u00e9ponse am\u00e9ricaine \u00e0 Tesla<\/p>\n<p>Jim Farley, PDG de Ford, ne cache pas l\u2019inspiration. L\u2019objectif est de rendre le co\u00fbt total d\u2019utilisation de ce pick-up <strong>inf\u00e9rieur \u00e0 celui d\u2019un Tesla Model Y en trois ans<\/strong>, tout en maintenant un prix d\u2019achat largement inf\u00e9rieur.<\/p>\n<p>Contrairement aux r\u00e9cents mod\u00e8les \u00e9lectriques Ford en Europe, d\u00e9velopp\u00e9s avec Volkswagen, ce projet repose sur <strong>une plateforme maison<\/strong>. Cette ind\u00e9pendance technique permet d\u2019optimiser les co\u00fbts, mais aussi de cr\u00e9er une base commune \u00e0 une <strong>famille enti\u00e8re de v\u00e9hicules \u00e9lectriques abordables<\/strong> qui suivront ce pick-up sur le march\u00e9.<\/p>\n<p><img loading=\"lazy\" decoding=\"async\" class=\"size-full wp-image-24097 webpexpress-processed\" src=\"data:image\/svg+xml,%3Csvg%20xmlns=\" http:=\"\" alt=\"Banquette arri\u00e8re Ford Ranger MS-RT avec sellerie sport et appuie-t\u00eates r\u00e9glables\" width=\"1200\" height=\"799\" data-lazy- data-lazy- data-lazy-src=\"https:\/\/www.europesays.com\/fr\/wp-content\/uploads\/2025\/08\/ranger_ms-rt-05.jpg\"\/>Rang 2 du Ford Ranger MS-RT offrant trois places confortables avec sellerie sport assortie \u00e0 l\u2019avant. \u00a9 Ford Motor Company<br \/>\nImpact et perspectives pour l\u2019Europe<\/p>\n<p>Si la production est annonc\u00e9e aux \u00c9tats-Unis, Ford laisse entendre que ce pick-up pourrait \u00eatre commercialis\u00e9 en Europe, \u00e0 l\u2019image du <strong>Mustang Mach-E<\/strong> ou du <strong>Bronco<\/strong>. Pour le march\u00e9 fran\u00e7ais, il viendrait se positionner comme une alternative radicalement moins ch\u00e8re aux pick-up \u00e9lectriques existants ou annonc\u00e9s, tout en profitant des aides locales \u00e0 l\u2019\u00e9lectromobilit\u00e9.<\/p>\n<p>\u00c0 plus long terme, les innovations de la plateforme Universal EV pourraient \u00eatre transf\u00e9r\u00e9es aux usines europ\u00e9ennes, y compris <strong>Valence (Espagne)<\/strong>, permettant de produire localement des mod\u00e8les \u00e9lectriques abordables pour le march\u00e9 du Vieux Continent.<\/p>\n<p><img loading=\"lazy\" decoding=\"async\" class=\"size-full wp-image-24098 webpexpress-processed\" src=\"data:image\/svg+xml,%3Csvg%20xmlns=\" http:=\"\" alt=\"Arri\u00e8re du Ford Ranger MS-RT avec benne ferm\u00e9e et pare-chocs sport\" width=\"1200\" height=\"675\" data-lazy- data-lazy- data-lazy-src=\"https:\/\/www.europesays.com\/fr\/wp-content\/uploads\/2025\/08\/ranger_ms-rt-02.jpg\"\/>Partie arri\u00e8re du Ford Ranger MS-RT, avec benne ferm\u00e9e, pare-chocs sport et signature visuelle distinctive. \u00a9 Ford Motor Company<br \/>\n<strong>Un pari industriel et commercial<\/strong><\/p>\n<p>Avec un prix d\u2019appel sous les 30 000 dollars, une capacit\u00e9 de production repens\u00e9e et un positionnement clair, Ford esp\u00e8re cr\u00e9er un nouveau \u201cmoment Model T\u201d pour l\u2019\u00e9lectrique. Ce pick-up pourrait non seulement d\u00e9mocratiser l\u2019acc\u00e8s aux v\u00e9hicules z\u00e9ro \u00e9mission, mais aussi red\u00e9finir la fa\u00e7on dont l\u2019industrie automobile con\u00e7oit et assemble ses mod\u00e8les.<\/p>\n<p>La question n\u2019est plus de savoir si ce pick-up sera comp\u00e9titif, mais <strong>jusqu\u2019o\u00f9 il pourra influencer le march\u00e9 mondial<\/strong>.<\/p>\n","protected":false},"excerpt":{"rendered":"En 1908, le Model T avait transform\u00e9 la mobilit\u00e9 et ouvert la voiture au grand public. Plus d\u2019un&hellip;\n","protected":false},"author":2,"featured_media":316215,"comment_status":"","ping_status":"","sticky":false,"template":"","format":"standard","meta":{"footnotes":""},"categories":[6],"tags":[45503,35,33,34,20722,1011,27],"class_list":{"0":"post-316214","1":"post","2":"type-post","3":"status-publish","4":"format-standard","5":"has-post-thumbnail","7":"category-economie","8":"tag-4x4","9":"tag-business","10":"tag-economie","11":"tag-economy","12":"tag-ford","13":"tag-fr","14":"tag-france"},"share_on_mastodon":{"url":"https:\/\/pubeurope.com\/@fr\/115021382141717839","error":""},"_links":{"self":[{"href":"https:\/\/www.europesays.com\/fr\/wp-json\/wp\/v2\/posts\/316214","targetHints":{"allow":["GET"]}}],"collection":[{"href":"https:\/\/www.europesays.com\/fr\/wp-json\/wp\/v2\/posts"}],"about":[{"href":"https:\/\/www.europesays.com\/fr\/wp-json\/wp\/v2\/types\/post"}],"author":[{"embeddable":true,"href":"https:\/\/www.europesays.com\/fr\/wp-json\/wp\/v2\/users\/2"}],"replies":[{"embeddable":true,"href":"https:\/\/www.europesays.com\/fr\/wp-json\/wp\/v2\/comments?post=316214"}],"version-history":[{"count":0,"href":"https:\/\/www.europesays.com\/fr\/wp-json\/wp\/v2\/posts\/316214\/revisions"}],"wp:featuredmedia":[{"embeddable":true,"href":"https:\/\/www.europesays.com\/fr\/wp-json\/wp\/v2\/media\/316215"}],"wp:attachment":[{"href":"https:\/\/www.europesays.com\/fr\/wp-json\/wp\/v2\/media?parent=316214"}],"wp:term":[{"taxonomy":"category","embeddable":true,"href":"https:\/\/www.europesays.com\/fr\/wp-json\/wp\/v2\/categories?post=316214"},{"taxonomy":"post_tag","embeddable":true,"href":"https:\/\/www.europesays.com\/fr\/wp-json\/wp\/v2\/tags?post=316214"}],"curies":[{"name":"wp","href":"https:\/\/api.w.org\/{rel}","templated":true}]}}