{"id":316216,"date":"2025-08-13T12:09:10","date_gmt":"2025-08-13T12:09:10","guid":{"rendered":"https:\/\/www.europesays.com\/fr\/316216\/"},"modified":"2025-08-13T12:09:10","modified_gmt":"2025-08-13T12:09:10","slug":"la-ministre-pannier-runacher-deplore-le-blocage-dune-poignee-de-pays-dont-les-etats-unis","status":"publish","type":"post","link":"https:\/\/www.europesays.com\/fr\/316216\/","title":{"rendered":"La ministre Pannier-Runacher d\u00e9plore le \u201cblocage\u201d d\u2019une \u201cpoign\u00e9e de pays\u201d, dont les Etats-Unis"},"content":{"rendered":"<p>La <a href=\"https:\/\/www.20minutes.fr\/dossier\/ministre\" class=\"color-ultramarine c-link\" target=\"_blank\" rel=\"noopener\">ministre<\/a> fran\u00e7aise de la <a href=\"https:\/\/www.20minutes.fr\/dossier\/ecologie\" class=\"color-ultramarine c-link\" target=\"_blank\" rel=\"noopener\">Transition \u00e9cologique<\/a>, <a href=\"https:\/\/www.20minutes.fr\/politique\/agnes-pannier-runacher\/\" class=\"color-ultramarine c-link\" target=\"_blank\" rel=\"noopener\">Agn\u00e8s Pannier-Runacher<\/a>, a d\u00e9plor\u00e9 mercredi le blocage par plusieurs pays producteurs de <a href=\"https:\/\/www.20minutes.fr\/dossier\/petrole\" class=\"color-ultramarine c-link\" target=\"_blank\" rel=\"noopener\">p\u00e9trole<\/a> &#8211; et donc de <a href=\"https:\/\/www.20minutes.fr\/planete\/plastique\/\" class=\"color-ultramarine c-link\" target=\"_blank\" rel=\"noopener\">plastique<\/a> &#8211; des laborieuses n\u00e9gociations en cours \u00e0 <a href=\"https:\/\/www.20minutes.fr\/dossier\/geneve\" class=\"color-ultramarine c-link\" target=\"_blank\" rel=\"noopener\">Gen\u00e8ve<\/a> sur un accord international contre la pollution plastique.<\/p>\n<p>Les discussions, cens\u00e9es se conclure jeudi apr\u00e8s 10 jours de tractations, \u00ab\u00a0sont particuli\u00e8rement difficiles parce qu\u2019une poign\u00e9e de pays bloquent\u00a0\u00bb et \u00ab\u00a0on a beaucoup de mal \u00e0 avancer\u00a0\u00bb, a expliqu\u00e9 Agn\u00e8s Pannier-Runacher mercredi sur RTL.<\/p>\n<p>Une \u00ab\u00a0strat\u00e9gie d\u2019obstruction\u00a0\u00bb<\/p>\n<p>La ministre, pr\u00e9sente \u00e0 Gen\u00e8ve pour la phase finale des discussions, d\u00e9nonce par ailleurs la \u00ab\u00a0strat\u00e9gie d\u2019obstruction\u00a0\u00bb men\u00e9e par ces pays, notamment \u00ab\u00a0les pays du Golfe, la <a href=\"https:\/\/www.20minutes.fr\/monde\/russie\/\" class=\"color-ultramarine c-link\" target=\"_blank\" rel=\"noopener\">Russie<\/a> et les <a href=\"https:\/\/www.20minutes.fr\/monde\/etats-unis\/\" class=\"color-ultramarine c-link\" target=\"_blank\" rel=\"noopener\">Etats-Unis<\/a>\u00a0\u00bb, qui \u00ab\u00a0font tout pour emp\u00eacher les n\u00e9gociations d\u2019aboutir\u00a0\u00bb, dans une interview publi\u00e9e dans l\u2019\u00e9dition de mercredi des <a href=\"https:\/\/www.lesechos.fr\/monde\/enjeux-internationaux\/traite-plastique-on-ne-peut-pas-laisser-un-petit-nombre-de-pays-tout-bloquer-2181098\" target=\"_blank\" class=\"color-ultramarine c-link\" rel=\"noopener\">Echos.<\/a><\/p>\n<p>\u00ab\u00a0Le texte sur lequel nous sommes cens\u00e9s nous accorder contenait 300 points \u00e0 n\u00e9gocier en fin de semaine derni\u00e8re, il en compte d\u00e9sormais 1.400\u00a0\u00bb, illustre Agn\u00e8s Pannier-Runacher, cit\u00e9e par le quotidien \u00e9conomique.<\/p>\n<p>L\u2019UE sur le devant de la sc\u00e8ne<\/p>\n<p>A 48 heures de la fin des n\u00e9gociations, l\u2019enjeu est d\u00e9sormais de voir \u00ab\u00a0ce que l\u2019on est capable de produire comme texte\u00a0\u00bb. Le but, \u00e9viter de terminer avec \u00ab\u00a0un bout de papier qui se concentrerait sur la gestion des d\u00e9chets et le recyclage, qui sont vraiment des r\u00e9ponses mais pas du tout \u00e0 la hauteur du fl\u00e9au qu\u2019est la pollution plastique\u00a0\u00bb, a-t-elle d\u00e9clar\u00e9 sur RTL.<\/p>\n<p>Si l\u2019Union europ\u00e9enne (UE) m\u00e8ne la n\u00e9gociation au nom des Vingt-Sept, Agn\u00e8s Pannier-Runacher compte soumettre des \u00ab\u00a0propositions alternatives\u00a0\u00bb afin de sortir du blocage en mettant sur la table \u00ab\u00a0un texte resserr\u00e9 d\u2019une dizaine ou une quinzaine de pages\u00a0\u00bb qui serait susceptible d\u2019\u00eatre soutenu par une majorit\u00e9 de pays.<\/p>\n<p>Vers des dispositions concr\u00e8tes<\/p>\n<p>L\u2019UE et la <a href=\"https:\/\/www.20minutes.fr\/france\/\" class=\"color-ultramarine c-link\" target=\"_blank\" rel=\"noopener\">France<\/a> font partie d\u2019une coalition de pays dits \u00ab\u00a0ambitieux\u00a0\u00bb qui souhaitent que le trait\u00e9 mentionne le principe de la r\u00e9duction et de l\u2019\u00e9coconception de la production de plastique, \u00e9tablisse une liste d\u2019additifs dangereux \u00e0 \u00e9liminer progressivement et \u00e9voque la question des financements.<\/p>\n<\/p>\n<p>Une fois ces grands principes pos\u00e9s, \u00ab\u00a0des cycles de n\u00e9gociations ult\u00e9rieurs permettraient d\u2019avancer ensuite progressivement sur les dispositions concr\u00e8tes, en tenant compte des sp\u00e9cificit\u00e9s des pays\u00a0\u00bb, pr\u00e9cise Agn\u00e8s Pannier-Runacher dans son entretien aux Echos.<\/p>\n","protected":false},"excerpt":{"rendered":"La ministre fran\u00e7aise de la Transition \u00e9cologique, Agn\u00e8s Pannier-Runacher, a d\u00e9plor\u00e9 mercredi le blocage par plusieurs pays producteurs&hellip;\n","protected":false},"author":2,"featured_media":316217,"comment_status":"","ping_status":"","sticky":false,"template":"","format":"standard","meta":{"footnotes":""},"categories":[5],"tags":[47,11,2432,1011,27,14,3784,74,12,52,28],"class_list":{"0":"post-316216","1":"post","2":"type-post","3":"status-publish","4":"format-standard","5":"has-post-thumbnail","7":"category-international","8":"tag-actualite","9":"tag-actualites","10":"tag-agnes-pannier-runacher","11":"tag-fr","12":"tag-france","13":"tag-international","14":"tag-ministre","15":"tag-monde","16":"tag-news","17":"tag-planete","18":"tag-world"},"share_on_mastodon":{"url":"https:\/\/pubeurope.com\/@fr\/115021385801752369","error":""},"_links":{"self":[{"href":"https:\/\/www.europesays.com\/fr\/wp-json\/wp\/v2\/posts\/316216","targetHints":{"allow":["GET"]}}],"collection":[{"href":"https:\/\/www.europesays.com\/fr\/wp-json\/wp\/v2\/posts"}],"about":[{"href":"https:\/\/www.europesays.com\/fr\/wp-json\/wp\/v2\/types\/post"}],"author":[{"embeddable":true,"href":"https:\/\/www.europesays.com\/fr\/wp-json\/wp\/v2\/users\/2"}],"replies":[{"embeddable":true,"href":"https:\/\/www.europesays.com\/fr\/wp-json\/wp\/v2\/comments?post=316216"}],"version-history":[{"count":0,"href":"https:\/\/www.europesays.com\/fr\/wp-json\/wp\/v2\/posts\/316216\/revisions"}],"wp:featuredmedia":[{"embeddable":true,"href":"https:\/\/www.europesays.com\/fr\/wp-json\/wp\/v2\/media\/316217"}],"wp:attachment":[{"href":"https:\/\/www.europesays.com\/fr\/wp-json\/wp\/v2\/media?parent=316216"}],"wp:term":[{"taxonomy":"category","embeddable":true,"href":"https:\/\/www.europesays.com\/fr\/wp-json\/wp\/v2\/categories?post=316216"},{"taxonomy":"post_tag","embeddable":true,"href":"https:\/\/www.europesays.com\/fr\/wp-json\/wp\/v2\/tags?post=316216"}],"curies":[{"name":"wp","href":"https:\/\/api.w.org\/{rel}","templated":true}]}}