{"id":316221,"date":"2025-08-13T12:13:11","date_gmt":"2025-08-13T12:13:11","guid":{"rendered":"https:\/\/www.europesays.com\/fr\/316221\/"},"modified":"2025-08-13T12:13:11","modified_gmt":"2025-08-13T12:13:11","slug":"guingamp-a-saint-etienne-le-samedi-soir-la-programmation-tv-de-la-8e-journee-de-ligue-2","status":"publish","type":"post","link":"https:\/\/www.europesays.com\/fr\/316221\/","title":{"rendered":"Guingamp \u00e0 Saint-\u00c9tienne le samedi soir\u2026 La programmation TV de la 8e journ\u00e9e de Ligue\u00a02"},"content":{"rendered":"<p>Ligue 2 (8e journ\u00e9e)<\/p>\n<p>\u00c0 l\u2019occasion de la huiti\u00e8me journ\u00e9e de Ligue 2, qui se tiendra du 26 au 29 septembre, En Avant Guingamp se d\u00e9placera \u00e0 Saint-\u00c9tienne.<\/p>\n<p>La rencontre se tiendra le samedi 27 septembre \u00e0 20 h et sera diffus\u00e9e sur beIn Sports 1.<\/p>\n<p class=\"titre-tech\">La programmation TV de la 8e journ\u00e9e de Ligue 2<\/p>\n<p class=\"tech\"><strong class=\"tech\">Vendredi 26 septembre \u00e0 20 h : multiplex sur beIn Sports 1 et les matchs en int\u00e9gralit\u00e9 sur beIN SPORTS MAX 4 \u00e0 8<\/strong><\/p>\n<p class=\"tech\">Clermont Foot 63 \u2013 Le Mans FC<\/p>\n<p class=\"tech\">ESTAC Troyes \u2013 FC Annecy<\/p>\n<p class=\"tech\">Grenoble Foot 38 \u2013 SC Bastia<\/p>\n<p class=\"tech\">AS Nancy-Lorraine \u2013 Stade de Reims<\/p>\n<p class=\"tech\">Rodez AF \u2013 Pau FC<strong class=\"tech\">Samedi 27 septembre \u00e0 14 h<\/strong><\/p>\n<p class=\"tech\">Stade Lavallois MFC \u2013 Montpellier HSC beIn Sports 1<\/p>\n<p class=\"tech\">USL Dunkerque \u2013 Amiens SC sur beIn Sports 2<\/p>\n<p class=\"tech\"><strong class=\"tech\">Samedi 27 septembre \u00e0 20 h sur beIn Sports 1<\/strong><\/p>\n<p class=\"tech\">AS Saint-\u00c9tienne \u2013 EA Guingamp<\/p>\n<p class=\"tech\"><strong class=\"tech\">Lundi 29 septembre \u00e0 20 h 45 sur beIn Sports 1<\/strong><\/p>\n<p class=\"tech\">US Boulogne CO \u2013 Red Star FC<\/p>\n","protected":false},"excerpt":{"rendered":"Ligue 2 (8e journ\u00e9e) \u00c0 l\u2019occasion de la huiti\u00e8me journ\u00e9e de Ligue 2, qui se tiendra du 26&hellip;\n","protected":false},"author":2,"featured_media":316222,"comment_status":"","ping_status":"","sticky":false,"template":"","format":"standard","meta":{"footnotes":""},"categories":[9653],"tags":[1111,11,2430,9594,3166,1777,674,63,1011,27,4044,446,12,25,4001,60],"class_list":{"0":"post-316221","1":"post","2":"type-post","3":"status-publish","4":"format-standard","5":"has-post-thumbnail","7":"category-saint-etienne","8":"tag-actu","9":"tag-actualites","10":"tag-auvergne-rhone-alpes","11":"tag-en-avant-guingamp","12":"tag-en-continu-sports","13":"tag-eu","14":"tag-europe","15":"tag-football","16":"tag-fr","17":"tag-france","18":"tag-guingamp","19":"tag-ligue-2","20":"tag-news","21":"tag-republique-francaise","22":"tag-saint-etienne","23":"tag-sports"},"share_on_mastodon":{"url":"https:\/\/pubeurope.com\/@fr\/115021401686053812","error":""},"_links":{"self":[{"href":"https:\/\/www.europesays.com\/fr\/wp-json\/wp\/v2\/posts\/316221","targetHints":{"allow":["GET"]}}],"collection":[{"href":"https:\/\/www.europesays.com\/fr\/wp-json\/wp\/v2\/posts"}],"about":[{"href":"https:\/\/www.europesays.com\/fr\/wp-json\/wp\/v2\/types\/post"}],"author":[{"embeddable":true,"href":"https:\/\/www.europesays.com\/fr\/wp-json\/wp\/v2\/users\/2"}],"replies":[{"embeddable":true,"href":"https:\/\/www.europesays.com\/fr\/wp-json\/wp\/v2\/comments?post=316221"}],"version-history":[{"count":0,"href":"https:\/\/www.europesays.com\/fr\/wp-json\/wp\/v2\/posts\/316221\/revisions"}],"wp:featuredmedia":[{"embeddable":true,"href":"https:\/\/www.europesays.com\/fr\/wp-json\/wp\/v2\/media\/316222"}],"wp:attachment":[{"href":"https:\/\/www.europesays.com\/fr\/wp-json\/wp\/v2\/media?parent=316221"}],"wp:term":[{"taxonomy":"category","embeddable":true,"href":"https:\/\/www.europesays.com\/fr\/wp-json\/wp\/v2\/categories?post=316221"},{"taxonomy":"post_tag","embeddable":true,"href":"https:\/\/www.europesays.com\/fr\/wp-json\/wp\/v2\/tags?post=316221"}],"curies":[{"name":"wp","href":"https:\/\/api.w.org\/{rel}","templated":true}]}}