{"id":316229,"date":"2025-08-13T12:18:19","date_gmt":"2025-08-13T12:18:19","guid":{"rendered":"https:\/\/www.europesays.com\/fr\/316229\/"},"modified":"2025-08-13T12:18:19","modified_gmt":"2025-08-13T12:18:19","slug":"dans-le-top-10-des-villes-pour-lete-et-elle-devance-de-grands-noms","status":"publish","type":"post","link":"https:\/\/www.europesays.com\/fr\/316229\/","title":{"rendered":"dans le top 10 des villes pour l\u2019\u00e9t\u00e9\u2026 et elle devance de grands noms"},"content":{"rendered":"<p>            Par<br \/>\n        <strong><br \/>\n            <a href=\"https:\/\/actu.fr\/auteur\/metropoop\" title=\"Consulter tous les articles de R\u00e9daction M\u00e9tropolitain\" target=\"_blank\" rel=\"noopener\">R\u00e9daction M\u00e9tropolitain<\/a><br \/>\n        <\/strong><\/p>\n<p>        Publi\u00e9 le<\/p>\n<p>            13 ao\u00fbt 2025 \u00e0 8h32        <\/p>\n<p>Sous un ciel \u00e0 300 jours de soleil par an, Montpellier s\u2019offre aux voyageurs comme une carte postale. <strong>Ce lundi 11 ao\u00fbt 2025<\/strong>, le magazine am\u00e9ricain Forbes a d\u00e9voil\u00e9 sa liste de recommandations \u00ab\u00a0pour les voyageurs qui aiment allier culture et d\u00e9tente\u00a0\u00bb. <a href=\"https:\/\/www.forbes.com\/sites\/joanneshurvell\/2025\/08\/11\/visit-these-10-european-cities-for-culture-and-beaches\/\" target=\"_blank\" rel=\"noopener\">Dix villes europ\u00e9ennes y figurent<\/a>. Dubrovnik, Nice, Ath\u00e8nes, Naples, Valence, Barcelone, Riga, Tallinn, San Sebastian\u2026 et Montpellier.<\/p>\n<p class=\" wall-content\">\n<p class=\" wall-content\">Forbes pr\u00e9sente la capitale de l\u2019H\u00e9rault comme une option s\u00e9duisante face aux destinations plus fr\u00e9quent\u00e9es. \u00ab\u00a0Bien que le littoral du Languedoc-Roussillon ne soit pas une destination de vacances aussi pris\u00e9e que la C\u00f4te d\u2019Azur, il a tout autant \u00e0 offrir, m\u00eame en haute saison, avec moins de monde\u00a0\u00bb, \u00e9crit le magazine.<\/p>\n<p>Une cit\u00e9 au riche pass\u00e9<\/p>\n<p class=\" wall-content\">Montpellier, fond\u00e9e vers 1200, est d\u00e9crite comme un excellent point de d\u00e9part pour explorer la r\u00e9gion. Son centre historique, ses ruelles m\u00e9di\u00e9vales et ses fa\u00e7ades \u00e9l\u00e9gantes charment les visiteurs. Forbes souligne \u00ab\u00a0l\u2019int\u00e9r\u00eat du mus\u00e9e Fabre\u00a0\u00bb. Les voyageurs peuvent y d\u00e9couvrir des \u0153uvres europ\u00e9ennes de la Renaissance \u00e0 nos jours. Une aile enti\u00e8re est d\u00e9di\u00e9e \u00e0 Pierre Soulages, figure majeure de l\u2019art contemporain fran\u00e7ais.<\/p>\n<p>    <a href=\"https:\/\/www.google.com\/maps\/embed?pb=!1m18!1m12!1m3!1d11556.70365169137!2d3.8567936!3d43.60287875!2m3!1f0!2f0!3f0!3m2!1i1024!2i768!4f13.1!3m3!1m2!1s0x12b6af09f5ae850b%3A0xb0ea41728e236a0e!2sMus%C3%A9e%20Fabre!5e0!3m2!1sfr!2sfr!4v1755015767890!5m2!1sfr!2sfr\" title=\"Ouvrie le lien\" target=\"_blank\" rel=\"noopener\">Cliquez ici pour visualiser le contenu<\/a><\/p>\n<p class=\" wall-content\">En juillet, le festival Radio France anime la ville. Il propose des centaines de concerts gratuits ou \u00e0 prix modique. La programmation inclut musique classique, op\u00e9ra, jazz et sets de DJ. Des artistes internationaux y c\u00f4toient des talents \u00e9mergents. \u00c0 quelques kilom\u00e8tres, le Petit Travers offre une bande de sable entre La Grande-Motte et Carnon. Les visiteurs y trouvent des dunes pr\u00e9serv\u00e9es et une mer claire. L\u2019acc\u00e8s se fait en voiture avec parking gratuit, mais aussi en bus et en tramway. Forbes cite \u00e9galement \u00ab\u00a0le Bikini\u00a0\u00bb et \u00ab\u00a0la Voile Bleue\u00a0\u00bb, deux clubs priv\u00e9s install\u00e9s le long du littoral.<\/p>\n<p class=\" wall-content\">Suivez toute l\u2019actualit\u00e9 de vos villes et m\u00e9dias favoris en vous inscrivant \u00e0 <a href=\"https:\/\/moncompte.actu.fr\" title=\"D\u00e9couvez Mon Actu\" rel=\"nofollow noopener\" data-trk=\"{&quot;cta&quot;:{&quot;action&quot;:&quot;https:\\\/\\\/moncompte.actu.fr&quot;,&quot;category&quot;:&quot;mon compte&quot;,&quot;from&quot;:&quot;article footer&quot;,&quot;name&quot;:&quot;Mon actu&quot;,&quot;type&quot;:&quot;cta&quot;}}\" target=\"_blank\">Mon Actu<\/a>.<\/p>\n","protected":false},"excerpt":{"rendered":"Par R\u00e9daction M\u00e9tropolitain Publi\u00e9 le 13 ao\u00fbt 2025 \u00e0 8h32 Sous un ciel \u00e0 300 jours de soleil&hellip;\n","protected":false},"author":2,"featured_media":316230,"comment_status":"","ping_status":"","sticky":false,"template":"","format":"standard","meta":{"footnotes":""},"categories":[9599],"tags":[1111,11,1777,674,1011,27,1305,2208,12,2680,8302,25,602,586],"class_list":{"0":"post-316229","1":"post","2":"type-post","3":"status-publish","4":"format-standard","5":"has-post-thumbnail","7":"category-montpellier","8":"tag-actu","9":"tag-actualites","10":"tag-eu","11":"tag-europe","12":"tag-fr","13":"tag-france","14":"tag-lifestyle","15":"tag-montpellier","16":"tag-news","17":"tag-occitanie","18":"tag-plages","19":"tag-republique-francaise","20":"tag-tourisme","21":"tag-voyage"},"share_on_mastodon":{"url":"https:\/\/pubeurope.com\/@fr\/115021421291943897","error":""},"_links":{"self":[{"href":"https:\/\/www.europesays.com\/fr\/wp-json\/wp\/v2\/posts\/316229","targetHints":{"allow":["GET"]}}],"collection":[{"href":"https:\/\/www.europesays.com\/fr\/wp-json\/wp\/v2\/posts"}],"about":[{"href":"https:\/\/www.europesays.com\/fr\/wp-json\/wp\/v2\/types\/post"}],"author":[{"embeddable":true,"href":"https:\/\/www.europesays.com\/fr\/wp-json\/wp\/v2\/users\/2"}],"replies":[{"embeddable":true,"href":"https:\/\/www.europesays.com\/fr\/wp-json\/wp\/v2\/comments?post=316229"}],"version-history":[{"count":0,"href":"https:\/\/www.europesays.com\/fr\/wp-json\/wp\/v2\/posts\/316229\/revisions"}],"wp:featuredmedia":[{"embeddable":true,"href":"https:\/\/www.europesays.com\/fr\/wp-json\/wp\/v2\/media\/316230"}],"wp:attachment":[{"href":"https:\/\/www.europesays.com\/fr\/wp-json\/wp\/v2\/media?parent=316229"}],"wp:term":[{"taxonomy":"category","embeddable":true,"href":"https:\/\/www.europesays.com\/fr\/wp-json\/wp\/v2\/categories?post=316229"},{"taxonomy":"post_tag","embeddable":true,"href":"https:\/\/www.europesays.com\/fr\/wp-json\/wp\/v2\/tags?post=316229"}],"curies":[{"name":"wp","href":"https:\/\/api.w.org\/{rel}","templated":true}]}}