{"id":316233,"date":"2025-08-13T12:25:13","date_gmt":"2025-08-13T12:25:13","guid":{"rendered":"https:\/\/www.europesays.com\/fr\/316233\/"},"modified":"2025-08-13T12:25:13","modified_gmt":"2025-08-13T12:25:13","slug":"stade-lavallois-le-defenseur-central-yohan-tavares-de-retour-dans-lequipe-pour-le-deplacement-a-grenoble","status":"publish","type":"post","link":"https:\/\/www.europesays.com\/fr\/316233\/","title":{"rendered":"Stade Lavallois\u00a0: le d\u00e9fenseur central Yohan Tavar\u00e8s de retour dans l&rsquo;\u00e9quipe pour le d\u00e9placement \u00e0 Grenoble"},"content":{"rendered":"<p>Le Stade Lavallois se d\u00e9place \u00e0 Grenoble ce vendredi pour le compte de la 2e journ\u00e9e de Ligue 2. Pour ce premier d\u00e9placement de la saison, l&rsquo;\u00e9quipe mayennaise enregistre le retour du d\u00e9fenseur central Yohan Tavares qui avait \u00e9t\u00e9 malade au cours de la pr\u00e9paration estivale.<\/p>\n<p>Apr\u00e8s son tr\u00e8s bon match nul face \u00e0 Saint-\u00c9tienne samedi dernier, le Stade Lavallois va disputer son premier match \u00e0 l&rsquo;ext\u00e9rieur de la saison, ce vendredi \u00e0 Grenoble lors de la 2e journ\u00e9e. Pour ce d\u00e9placement en Is\u00e8re, l&rsquo;entra\u00eeneur mayennais Olivier Frapolli pourra compter sur Yohan Tavares. <strong>Le solide d\u00e9fenseur central est de retour dans l&rsquo;\u00e9quipe apr\u00e8s avoir manqu\u00e9 une bonne partie de la pr\u00e9paration estivale<\/strong>, car malade. Il a \u00e9volu\u00e9 en match amical avec l&rsquo;\u00e9quipe r\u00e9serve le week-end dernier. Le joueur de 37 ans pourrait \u00eatre titulaire d\u00e8s vendredi \u00e0 Grenoble en remplacement de\u00a0Mo\u00efse Adil\u00e8hou. Leader de la d\u00e9fense centrale la saison derni\u00e8re, Yohan Tavares pourrait alors \u00e9voluer aux c\u00f4t\u00e9s de Matteo Commaret et de William Bianda (pour remplacer Th\u00e9o Pellenard, suspendu apr\u00e8s son expulsion samedi dernier).<\/p>\n<p>Ouaneh de retour \u00e0 l&rsquo;entra\u00eenement collectif<\/p>\n<p>L&rsquo;\u00e9quipe lavalloise enregistre aussi le retour d&rsquo;Enzo Montet. Le milieu de terrain, absent le week-end dernier, est totalement op\u00e9rationnel.<\/p>\n<p>Par ailleurs, le d\u00e9fenseur central Peter Ouaneh a pu s&rsquo;entra\u00eener en d\u00e9but de semaine avec le reste du groupe. Une bonne nouvelle pour celui qui s&rsquo;\u00e9tait\u00a0<a class=\"IciLink ici-link IciArticleLink g-ici-body-regular-1 underline brand svelte-lu7k6w\" href=\"https:\/\/www.francebleu.fr\/sports\/football\/stade-lavallois-le-defenseur-peter-ouaneh-opere-d-autres-absents-pour-le-deplacement-a-troyes-8851932\" rel=\"nofollow noopener\" target=\"_blank\">gravement bless\u00e9 au genou le 25 octobre<\/a>\u00a0dernier lors du match des Tango \u00e0 Annecy.<\/p>\n<p>Le match du Stade Lavallois \u00e0 Grenoble ce vendredi 15 ao\u00fbt (20h) sera \u00e0 vivre sur votre radio Ici Mayenne.<\/p>\n","protected":false},"excerpt":{"rendered":"Le Stade Lavallois se d\u00e9place \u00e0 Grenoble ce vendredi pour le compte de la 2e journ\u00e9e de Ligue&hellip;\n","protected":false},"author":2,"featured_media":316234,"comment_status":"","ping_status":"","sticky":false,"template":"","format":"standard","meta":{"footnotes":""},"categories":[9566],"tags":[1111,11,2430,1777,674,1011,27,2731,12,25],"class_list":{"0":"post-316233","1":"post","2":"type-post","3":"status-publish","4":"format-standard","5":"has-post-thumbnail","7":"category-grenoble","8":"tag-actu","9":"tag-actualites","10":"tag-auvergne-rhone-alpes","11":"tag-eu","12":"tag-europe","13":"tag-fr","14":"tag-france","15":"tag-grenoble","16":"tag-news","17":"tag-republique-francaise"},"share_on_mastodon":{"url":"https:\/\/pubeurope.com\/@fr\/115021448651708162","error":""},"_links":{"self":[{"href":"https:\/\/www.europesays.com\/fr\/wp-json\/wp\/v2\/posts\/316233","targetHints":{"allow":["GET"]}}],"collection":[{"href":"https:\/\/www.europesays.com\/fr\/wp-json\/wp\/v2\/posts"}],"about":[{"href":"https:\/\/www.europesays.com\/fr\/wp-json\/wp\/v2\/types\/post"}],"author":[{"embeddable":true,"href":"https:\/\/www.europesays.com\/fr\/wp-json\/wp\/v2\/users\/2"}],"replies":[{"embeddable":true,"href":"https:\/\/www.europesays.com\/fr\/wp-json\/wp\/v2\/comments?post=316233"}],"version-history":[{"count":0,"href":"https:\/\/www.europesays.com\/fr\/wp-json\/wp\/v2\/posts\/316233\/revisions"}],"wp:featuredmedia":[{"embeddable":true,"href":"https:\/\/www.europesays.com\/fr\/wp-json\/wp\/v2\/media\/316234"}],"wp:attachment":[{"href":"https:\/\/www.europesays.com\/fr\/wp-json\/wp\/v2\/media?parent=316233"}],"wp:term":[{"taxonomy":"category","embeddable":true,"href":"https:\/\/www.europesays.com\/fr\/wp-json\/wp\/v2\/categories?post=316233"},{"taxonomy":"post_tag","embeddable":true,"href":"https:\/\/www.europesays.com\/fr\/wp-json\/wp\/v2\/tags?post=316233"}],"curies":[{"name":"wp","href":"https:\/\/api.w.org\/{rel}","templated":true}]}}