{"id":316235,"date":"2025-08-13T12:27:10","date_gmt":"2025-08-13T12:27:10","guid":{"rendered":"https:\/\/www.europesays.com\/fr\/316235\/"},"modified":"2025-08-13T12:27:10","modified_gmt":"2025-08-13T12:27:10","slug":"ligue-1-rennes-om-compos-probables-chaine-tv-et-heure-du-match","status":"publish","type":"post","link":"https:\/\/www.europesays.com\/fr\/316235\/","title":{"rendered":"Ligue 1 &#8211; Rennes-OM : compos probables, cha\u00eene TV et heure du match"},"content":{"rendered":"<p><strong><\/p>\n<p>L\u2019OM se d\u00e9place \u00e0 Rennes pour le coup d\u2019envoi de la saison 2025-2026 de Ligue 1. Compos probables, cha\u00eene TV, horaire\u2026 Voici les infos \u00e0 conna\u00eetre sur la rencontre.<\/p>\n<p><\/strong><\/p>\n<p><strong>Les Phoc\u00e9ens ouvrent le bal face au Stade Rennais<\/strong>, dans un Roazhon Park qui s\u2019annonce plein \u00e0 craquer (avec notamment <a href=\"https:\/\/www.footmarseille.com\/127494-lom-pourra-compter-sur-un-parcage-complet-a-rennes\" rel=\"nofollow noopener\" target=\"_blank\">beaucoup de fans de l\u2019OM<\/a>), vendredi soir. Les hommes de Roberto De Zerbi veulent d\u00e9marrer fort pour confirmer les ambitions \u00e9lev\u00e9es affich\u00e9es cet \u00e9t\u00e9, tandis que Rennes, entra\u00een\u00e9 par Habib Beye, vise une place europ\u00e9enne.<\/p>\n<p>En amical, les Olympiens ont termin\u00e9 fort, avec un <a href=\"https:\/\/www.footmarseille.com\/127326-lom-finit-sa-preparation-sur-une-victoire-contre-aston-villa#:~:text=L&#039;OM%20bouclait%20sa%20s%C3%A9rie,de%20pr%C3%A9paration%20de%20l&#039;intersaison.\" rel=\"nofollow noopener\" target=\"_blank\">succ\u00e8s contre Aston Villa<\/a> (3-1). Mais il faut le nuancer dans la mesure o\u00f9 les Villans n\u2019alignaient pas leur \u00e9quipe type. Il a en tout cas permis aux Marseillais de prendre confiance.<\/p>\n<p>Historique du match<\/p>\n<p>Rennes et Marseille se sont affront\u00e9s <strong>116 fois dans l\u2019histoire<\/strong> du Championnat de France. Les Bretons comptent 33 victoires, contre 50 pour les Olympiens, et 33 matchs nuls.<\/p>\n<p>Les cinq derniers Rennes-OM<\/p>\n<p>17\/05\/2025\u00a0: Marseille <strong>4-2<\/strong> Rennes<br \/>11\/01\/2025\u00a0: Rennes <strong>1-2<\/strong> Marseille<br \/>17\/03\/2024 : Rennes <strong>2-0<\/strong> Marseille<br \/>03\/12\/2023 : Marseille <strong>2-0<\/strong> Rennes<br \/>05\/03\/2023\u00a0: Rennes <strong>0-1<\/strong> Marseille.<\/p>\n<p>Rennes-OM : les compositions probables<\/p>\n<p>Roberto De Zerbi devra composer sans Igor Paixao, qui est bless\u00e9. Facundo Medina est quant \u00e0 lui suspendu. Du c\u00f4t\u00e9 de Rennes, Lilian Brassier manquera notamment \u00e0 l\u2019appel.<\/p>\n<p><strong>La composition probable de l\u2019OM :<\/strong> Rulli \u2013 Murillo, Balerdi (c), Egan-Riley, Garcia \u2013 H\u00f8jbjerg, Rabiot, Gomes \u2013 Greenwood, Gouiri, Rowe.<\/p>\n<p><strong>La composition probable de Rennes :<\/strong> Samba (c) \u2013 Rouault, Jacquet, Faye \u2013 Frankowski, Fofana, Ciss\u00e9, Rongier, Merlin \u2013 Blas, Me\u00eft\u00e9.<\/p>\n<p>Rennes-OM : \u00e0 quelle heure ?<\/p>\n<p>La rencontre Rennes-OM est programm\u00e9e ce <a href=\"https:\/\/www.footmarseille.com\/match\/rennes-marseille-ligue-1-saison-2025-2026\" rel=\"nofollow noopener\" target=\"_blank\">vendredi \u00e0 20h45<\/a>, en ouverture de la saison de Ligue 1.<\/p>\n<p>Rennes-OM : sur quelle cha\u00eene ?<\/p>\n<p>Rennes-OM sera diffus\u00e9 sur <a href=\"https:\/\/www.footmarseille.com\/?p=127501&amp;preview=true\" rel=\"nofollow noopener\" target=\"_blank\">Ligue 1+, accessible sur toutes les plateformes<\/a> (sauf Canal+).<\/p>\n","protected":false},"excerpt":{"rendered":"L\u2019OM se d\u00e9place \u00e0 Rennes pour le coup d\u2019envoi de la saison 2025-2026 de Ligue 1. Compos probables,&hellip;\n","protected":false},"author":2,"featured_media":316236,"comment_status":"","ping_status":"","sticky":false,"template":"","format":"standard","meta":{"footnotes":""},"categories":[2821],"tags":[1111,11,829,1777,674,1011,27,12,584,25],"class_list":{"0":"post-316235","1":"post","2":"type-post","3":"status-publish","4":"format-standard","5":"has-post-thumbnail","7":"category-rennes","8":"tag-actu","9":"tag-actualites","10":"tag-bretagne","11":"tag-eu","12":"tag-europe","13":"tag-fr","14":"tag-france","15":"tag-news","16":"tag-rennes","17":"tag-republique-francaise"},"share_on_mastodon":{"url":"https:\/\/pubeurope.com\/@fr\/115021456688996911","error":""},"_links":{"self":[{"href":"https:\/\/www.europesays.com\/fr\/wp-json\/wp\/v2\/posts\/316235","targetHints":{"allow":["GET"]}}],"collection":[{"href":"https:\/\/www.europesays.com\/fr\/wp-json\/wp\/v2\/posts"}],"about":[{"href":"https:\/\/www.europesays.com\/fr\/wp-json\/wp\/v2\/types\/post"}],"author":[{"embeddable":true,"href":"https:\/\/www.europesays.com\/fr\/wp-json\/wp\/v2\/users\/2"}],"replies":[{"embeddable":true,"href":"https:\/\/www.europesays.com\/fr\/wp-json\/wp\/v2\/comments?post=316235"}],"version-history":[{"count":0,"href":"https:\/\/www.europesays.com\/fr\/wp-json\/wp\/v2\/posts\/316235\/revisions"}],"wp:featuredmedia":[{"embeddable":true,"href":"https:\/\/www.europesays.com\/fr\/wp-json\/wp\/v2\/media\/316236"}],"wp:attachment":[{"href":"https:\/\/www.europesays.com\/fr\/wp-json\/wp\/v2\/media?parent=316235"}],"wp:term":[{"taxonomy":"category","embeddable":true,"href":"https:\/\/www.europesays.com\/fr\/wp-json\/wp\/v2\/categories?post=316235"},{"taxonomy":"post_tag","embeddable":true,"href":"https:\/\/www.europesays.com\/fr\/wp-json\/wp\/v2\/tags?post=316235"}],"curies":[{"name":"wp","href":"https:\/\/api.w.org\/{rel}","templated":true}]}}