{"id":316237,"date":"2025-08-13T12:28:11","date_gmt":"2025-08-13T12:28:11","guid":{"rendered":"https:\/\/www.europesays.com\/fr\/316237\/"},"modified":"2025-08-13T12:28:11","modified_gmt":"2025-08-13T12:28:11","slug":"allemagne-une-vaste-operation-de-recherche-apres-des-cris-de-detresse-entendus-a-kehl","status":"publish","type":"post","link":"https:\/\/www.europesays.com\/fr\/316237\/","title":{"rendered":"Allemagne. Une vaste op\u00e9ration de recherche apr\u00e8s des cris de d\u00e9tresse entendus \u00e0 Kehl"},"content":{"rendered":"<p>Dans la nuit de mardi 12 \u00e0 mercredi 13 ao\u00fbt, plusieurs personnes ont contact\u00e9 la police et signal\u00e9 avoir entendu une femme appeler \u00e0 l&rsquo;aide pr\u00e8s de la promenade du Rhin.<\/p>\n<p>Dans un communiqu\u00e9 de la police allemande, les patrouilles alert\u00e9es auraient \u00e9galement entendu des cris \u00e0 l&rsquo;approche du Rhin.<\/p>\n<p>Ce contenu est bloqu\u00e9 car vous n&rsquo;avez pas accept\u00e9 les cookies et autres traceurs.<\/p>\n<p>En cliquant sur \u00ab J\u2019accepte \u00bb, les cookies et autres traceurs seront d\u00e9pos\u00e9s et vous pourrez visualiser les contenus  (<a href=\"\" class=\"consentModule_policy\" target=\"_blank\" title=\"Consulter la politique de protection des donn\u00e9es du fournisseur\">plus d&rsquo;informations<\/a>).<\/p>\n<p>En cliquant sur \u00ab J\u2019accepte tous les cookies \u00bb, vous autorisez des d\u00e9p\u00f4ts de cookies et autres traceurs pour le stockage de vos donn\u00e9es sur nos sites et applications \u00e0 des fins de personnalisation et de ciblage publicitaire.<\/p>\n<p class=\"consentModule_secondaryText\">Vous gardez la possibilit\u00e9 de retirer votre consentement \u00e0 tout moment en consultant notre <a href=\"https:\/\/www.dna.fr\/protection-des-donnees\" target=\"_blank\" title=\"Consulter notre politique de protection des donn\u00e9es\" rel=\"noopener\">politique de protection des donn\u00e9es<\/a>. <br \/>&#13;<br \/>\n            <a href=\"https:\/\/www.dna.fr\/faits-divers-justice\/2025\/08\/13\/javascript:Didomi.notice.show()\" class=\"consentModule_cmp\" target=\"_blank\" rel=\"noopener\">G\u00e9rer mes choix<\/a>&#13;\n        <\/p>\n<p>&#13;<br \/>\n                        J&rsquo;accepte&#13;<br \/>\n            J&rsquo;accepte tous les cookies&#13;\n        <\/p>\n<p>Les secours fran\u00e7ais, la police, et de nombreux policiers du district d&rsquo;Ortenau et jusqu&rsquo;\u00e0 B\u00fchl, ainsi que la police f\u00e9d\u00e9rale, ont men\u00e9 une vaste op\u00e9ration de recherche sur les rives du Rhin, ainsi que certains quartiers de la ville et la for\u00eat adjacente \u00e0 la recherche d&rsquo;une femme vraisemblablement sans d\u00e9fense.<\/p>\n<p>Une sandale retrouv\u00e9e<\/p>\n<p>Les policiers fran\u00e7ais ont confirm\u00e9 que la voix per\u00e7ue provenait de la r\u00e9gion de Kehl. Lors des recherches, une sandale a \u00e9t\u00e9 retrouv\u00e9e sur la berge de la promenade du Rhin, mais aucune femme n&rsquo;avait besoin d&rsquo;aide.<\/p>\n<p>Mercredi matin, les agents du commissariat de Kehl ont repris les recherches avec l&rsquo;appui de la police fluviale et d&rsquo;h\u00e9licopt\u00e8res. L&rsquo;enqu\u00eate polici\u00e8re vise \u00e0 d\u00e9terminer si les cris entendus vers minuit \u00e9taient une urgence ou <a href=\"https:\/\/www.dna.fr\/faits-divers-justice\/2025\/08\/11\/octogenaire-decedee-a-kehl-la-police-suspecte-un-crime-violent\" target=\"_blank\" rel=\"noopener\">une r\u00e9plique des r\u00e9cents crimes violents commis \u00e0 Kehl<\/a>.<\/p>\n<p class=\"note\">Toute personne disposant d&rsquo;informations est pri\u00e9e de contacter le commissariat de Kehl au num\u00e9ro suivant : 07851\/893-0.<\/p>\n","protected":false},"excerpt":{"rendered":"Dans la nuit de mardi 12 \u00e0 mercredi 13 ao\u00fbt, plusieurs personnes ont contact\u00e9 la police et signal\u00e9&hellip;\n","protected":false},"author":2,"featured_media":316238,"comment_status":"","ping_status":"","sticky":false,"template":"","format":"standard","meta":{"footnotes":""},"categories":[2820],"tags":[1111,11,672,1777,674,274,107,1011,27,775,12,25,1806,640],"class_list":{"0":"post-316237","1":"post","2":"type-post","3":"status-publish","4":"format-standard","5":"has-post-thumbnail","7":"category-strasbourg","8":"tag-actu","9":"tag-actualites","10":"tag-allemagne","11":"tag-eu","12":"tag-europe","13":"tag-faits-divers-justice","14":"tag-fil-info","15":"tag-fr","16":"tag-france","17":"tag-grand-est","18":"tag-news","19":"tag-republique-francaise","20":"tag-rheinblick","21":"tag-strasbourg"},"share_on_mastodon":{"url":"https:\/\/pubeurope.com\/@fr\/115021460504707306","error":""},"_links":{"self":[{"href":"https:\/\/www.europesays.com\/fr\/wp-json\/wp\/v2\/posts\/316237","targetHints":{"allow":["GET"]}}],"collection":[{"href":"https:\/\/www.europesays.com\/fr\/wp-json\/wp\/v2\/posts"}],"about":[{"href":"https:\/\/www.europesays.com\/fr\/wp-json\/wp\/v2\/types\/post"}],"author":[{"embeddable":true,"href":"https:\/\/www.europesays.com\/fr\/wp-json\/wp\/v2\/users\/2"}],"replies":[{"embeddable":true,"href":"https:\/\/www.europesays.com\/fr\/wp-json\/wp\/v2\/comments?post=316237"}],"version-history":[{"count":0,"href":"https:\/\/www.europesays.com\/fr\/wp-json\/wp\/v2\/posts\/316237\/revisions"}],"wp:featuredmedia":[{"embeddable":true,"href":"https:\/\/www.europesays.com\/fr\/wp-json\/wp\/v2\/media\/316238"}],"wp:attachment":[{"href":"https:\/\/www.europesays.com\/fr\/wp-json\/wp\/v2\/media?parent=316237"}],"wp:term":[{"taxonomy":"category","embeddable":true,"href":"https:\/\/www.europesays.com\/fr\/wp-json\/wp\/v2\/categories?post=316237"},{"taxonomy":"post_tag","embeddable":true,"href":"https:\/\/www.europesays.com\/fr\/wp-json\/wp\/v2\/tags?post=316237"}],"curies":[{"name":"wp","href":"https:\/\/api.w.org\/{rel}","templated":true}]}}