{"id":316241,"date":"2025-08-13T12:31:10","date_gmt":"2025-08-13T12:31:10","guid":{"rendered":"https:\/\/www.europesays.com\/fr\/316241\/"},"modified":"2025-08-13T12:31:10","modified_gmt":"2025-08-13T12:31:10","slug":"un-jeune-homme-blesse-par-balle-dans-le-quartier-sensible-des-moulins","status":"publish","type":"post","link":"https:\/\/www.europesays.com\/fr\/316241\/","title":{"rendered":"un jeune homme bless\u00e9 par balle dans le quartier sensible des Moulins"},"content":{"rendered":"<p>Le pronostic vital de la victime n\u2019est pas engag\u00e9. Aucune interpellation n\u2019a pour l\u2019instant eu lieu.<\/p>\n<p class=\"fig-paragraph\">Des coups de feu ont r\u00e9sonn\u00e9 mardi soir vers 21h30 dans\u00a0<a href=\"http:\/\/www.lefigaro.fr\/nice\/narcotrafic-a-nice-le-recit-d-une-journaliste-qui-a-vecu-un-an-au-pied-du-plus-gros-point-de-deal-de-la-cote-d-azur-20241115\" data-fig-type=\"NewsFlash\" data-gtm-custom-categorie=\"navigation\" data-gtm-custom-action=\"crossclick\" data-gtm-custom-label=\"Contextuel\" data-gtm-event=\"customEventSPE\" data-fig-domain=\"LEFIGARO\" target=\"_blank\" rel=\"noopener\">le quartier prioritaire des Moulins<\/a>, dans l\u2019ouest de Nice (Alpes-Maritimes). Un jeune homme, qui serait \u00e0 peine majeur, a \u00e9t\u00e9 bless\u00e9 par balle, a-t-on appris de source polici\u00e8re.<\/p>\n<p class=\"fig-paragraph\">Son pronostic vital n\u2019est pas engag\u00e9\u00a0: \u00e0 l\u2019arriv\u00e9e des secours, la victime \u00e9tait consciente et l\u00e9g\u00e8rement bless\u00e9e. Elle a n\u00e9anmoins \u00e9t\u00e9 transport\u00e9e m\u00e9dicalis\u00e9e \u00e0 l\u2019h\u00f4pital Pasteur de Nice.<\/p>\n<p>                                    <a class=\"fig-a11y-skip a11y-hidden\" href=\"#fig-a11y-skip-main-inarticle\"><br \/>\n        Passer la publicit\u00e9<br \/>\n    <\/a><\/p>\n<p class=\"fig-paragraph\">Les \u00e9quipages de police rapidement arriv\u00e9s sur les lieux de la fusillade n\u2019ont pu proc\u00e9der \u00e0 aucune interpellation. Une enqu\u00eate a \u00e9t\u00e9 ouverte pour tenter de retrouver les protagonistes de ce qui ressemble \u00e0 un r\u00e8glement de comptes.<\/p>\n<p>Place centrale du quartier<\/p>\n<p class=\"fig-paragraph\">Le quartier des Moulins, r\u00e9put\u00e9 pour \u00eatre sensible, est en proie ces derni\u00e8res ann\u00e9es au trafic de stup\u00e9fiants avec\u00a0<a href=\"http:\/\/www.lefigaro.fr\/nice\/trafic-de-drogue-a-nice-182-individus-interpelles-dont-69-mineurs-dans-le-quartier-des-moulins-20230522\" data-fig-type=\"NewsFlash\" data-gtm-custom-categorie=\"navigation\" data-gtm-custom-action=\"crossclick\" data-gtm-custom-label=\"Contextuel\" data-gtm-event=\"customEventSPE\" data-fig-domain=\"LEFIGARO\" target=\"_blank\" rel=\"noopener\">plusieurs points de \u00abdeal\u00bb importants<\/a>. D\u2019autres\u00a0<a href=\"http:\/\/www.lefigaro.fr\/nice\/nice-de-nouveaux-coups-de-feu-dans-le-quartier-des-moulins-a-proximite-d-un-point-de-deal-20240213\" data-fig-type=\"NewsFlash\" data-gtm-custom-categorie=\"navigation\" data-gtm-custom-action=\"crossclick\" data-gtm-custom-label=\"Contextuel\" data-gtm-event=\"customEventSPE\" data-fig-domain=\"LEFIGARO\" target=\"_blank\" rel=\"noopener\">fusillades<\/a>\u00a0ont d\u00e9j\u00e0 \u00e9clat\u00e9 par le pass\u00e9. La police \u00e9voque bien \u00abplusieurs coups de feu\u00bb mardi soir au niveau de la place centrale des Amaryllis.<\/p>\n<p class=\"fig-paragraph\">\u00abEncore une fusillade dans le quartier des Moulins. Il est inacceptable de s\u2019habituer \u00e0 une telle violence. Notre ville m\u00e9rite mieux, il faut restaurer l\u2019ordre dans la rue partout \u00e0 Nice\u00a0!\u00bb, a r\u00e9agi\u00a0<a href=\"http:\/\/www.lefigaro.fr\/nice\/religion-orientation-politique-loisirs-les-fichiers-tres-personnels-des-ciottistes-des-alpes-maritimes-au-coeur-d-une-enquete-20250812\" data-fig-type=\"NewsFlash\" data-gtm-custom-categorie=\"navigation\" data-gtm-custom-action=\"crossclick\" data-gtm-custom-label=\"Contextuel\" data-gtm-event=\"customEventSPE\" data-fig-domain=\"LEFIGARO\" target=\"_blank\" rel=\"noopener\">le d\u00e9put\u00e9 ni\u00e7ois \u00c9ric Ciotti (UDR)<\/a>\u00a0sur son compte X, partageant une vid\u00e9o tr\u00e8s certainement capt\u00e9e par une habitante, o\u00f9 l\u2019on voit les gyrophares des policiers dans la rue qui m\u00e8ne \u00e0 la place. Une autre fusillade avait eu lieu \u00e0 Nice en janvier\u00a0<a href=\"http:\/\/www.lefigaro.fr\/nice\/nice-nouvelle-fusillade-sur-fond-de-narcotrafic-une-kalachnikov-decouverte-dans-un-espace-vert-20250120\" data-fig-type=\"NewsFlash\" data-gtm-custom-categorie=\"navigation\" data-gtm-custom-action=\"crossclick\" data-gtm-custom-label=\"Contextuel\" data-gtm-event=\"customEventSPE\" data-fig-domain=\"LEFIGARO\" target=\"_blank\" rel=\"noopener\">mais dans l\u2019est de Nice<\/a>, l\u00e0 aussi dans un quartier r\u00e9put\u00e9 sensible.<\/p>\n","protected":false},"excerpt":{"rendered":"Le pronostic vital de la victime n\u2019est pas engag\u00e9. Aucune interpellation n\u2019a pour l\u2019instant eu lieu. Des coups&hellip;\n","protected":false},"author":2,"featured_media":316242,"comment_status":"","ping_status":"","sticky":false,"template":"","format":"standard","meta":{"footnotes":""},"categories":[2819],"tags":[1111,11,5143,1777,674,1011,27,3832,12,2401,882,25,887],"class_list":{"0":"post-316241","1":"post","2":"type-post","3":"status-publish","4":"format-standard","5":"has-post-thumbnail","7":"category-nice","8":"tag-actu","9":"tag-actualites","10":"tag-coups-de-feu","11":"tag-eu","12":"tag-europe","13":"tag-fr","14":"tag-france","15":"tag-fusillade","16":"tag-news","17":"tag-nice","18":"tag-provence-alpes-cote-dazur","19":"tag-republique-francaise","20":"tag-trafic-de-drogue"},"share_on_mastodon":{"url":"https:\/\/pubeurope.com\/@fr\/115021472368797086","error":""},"_links":{"self":[{"href":"https:\/\/www.europesays.com\/fr\/wp-json\/wp\/v2\/posts\/316241","targetHints":{"allow":["GET"]}}],"collection":[{"href":"https:\/\/www.europesays.com\/fr\/wp-json\/wp\/v2\/posts"}],"about":[{"href":"https:\/\/www.europesays.com\/fr\/wp-json\/wp\/v2\/types\/post"}],"author":[{"embeddable":true,"href":"https:\/\/www.europesays.com\/fr\/wp-json\/wp\/v2\/users\/2"}],"replies":[{"embeddable":true,"href":"https:\/\/www.europesays.com\/fr\/wp-json\/wp\/v2\/comments?post=316241"}],"version-history":[{"count":0,"href":"https:\/\/www.europesays.com\/fr\/wp-json\/wp\/v2\/posts\/316241\/revisions"}],"wp:featuredmedia":[{"embeddable":true,"href":"https:\/\/www.europesays.com\/fr\/wp-json\/wp\/v2\/media\/316242"}],"wp:attachment":[{"href":"https:\/\/www.europesays.com\/fr\/wp-json\/wp\/v2\/media?parent=316241"}],"wp:term":[{"taxonomy":"category","embeddable":true,"href":"https:\/\/www.europesays.com\/fr\/wp-json\/wp\/v2\/categories?post=316241"},{"taxonomy":"post_tag","embeddable":true,"href":"https:\/\/www.europesays.com\/fr\/wp-json\/wp\/v2\/tags?post=316241"}],"curies":[{"name":"wp","href":"https:\/\/api.w.org\/{rel}","templated":true}]}}