{"id":316243,"date":"2025-08-13T12:32:37","date_gmt":"2025-08-13T12:32:37","guid":{"rendered":"https:\/\/www.europesays.com\/fr\/316243\/"},"modified":"2025-08-13T12:32:37","modified_gmt":"2025-08-13T12:32:37","slug":"quatre-personnes-relogees-apres-le-feu-dun-lave-vaisselle-dans-un-appartement","status":"publish","type":"post","link":"https:\/\/www.europesays.com\/fr\/316243\/","title":{"rendered":"quatre personnes relog\u00e9es apr\u00e8s le feu d&rsquo;un lave-vaisselle dans un appartement"},"content":{"rendered":"<p>            Par<br \/>\n        <strong><br \/>\n            <a href=\"https:\/\/actu.fr\/auteur\/thomas-bernard\" title=\"Consulter tous les articles de Thomas Bernard\" rel=\"nofollow noopener\" target=\"_blank\">Thomas Bernard<\/a><br \/>\n        <\/strong><\/p>\n<p>        Publi\u00e9 le<\/p>\n<p>            13 ao\u00fbt 2025 \u00e0 9h20        <\/p>\n<p>Peu apr\u00e8s 21\u2009h\u200945, ce mardi 12 ao\u00fbt 2025, les sapeurs-pompiers sont intervenus rue des Friches dans le quartier Breil-Barberie \u00e0 <a href=\"https:\/\/actu.fr\/nantes\/\" rel=\"nofollow noopener\" target=\"_blank\">Nantes<\/a>, suite \u00e0 <strong>un feu de lave-vaisselle dans un appartement<\/strong> situ\u00e9 au deuxi\u00e8me \u00e9tage d\u2019un immeuble d\u2019habitation.<\/p>\n<p>    <a href=\"https:\/\/www.google.com\/maps\/embed?pb=!1m18!1m12!1m3!1d5418.035159424353!2d-1.5796583248035618!3d47.235802013511!2m3!1f0!2f0!3f0!3m2!1i1024!2i768!4f13.1!3m3!1m2!1s0x4805ec36d1e3a85d%3A0x4260a905c3704121!2sRue%20des%20Friches%2C%2044300%20Nantes!5e0!3m2!1sfr!2sfr!4v1755069188100!5m2!1sfr!2sfr\" title=\"Ouvrie le lien\" rel=\"nofollow noopener\" target=\"_blank\">Cliquez ici pour visualiser le contenu<\/a><\/p>\n<p>Des riverains relog\u00e9s<\/p>\n<p class=\" wall-content\">\u00ab\u2009\u00c0 l\u2019arriv\u00e9e des secours, les circulations de l\u2019immeuble \u00e9taient totalement enfum\u00e9es.<strong> Le feu a \u00e9t\u00e9 \u00e9teint rapidement au moyen d\u2019une lance \u00e0 incendie\u2009\u00bb<\/strong>, rapporte le centre op\u00e9rationnel d\u00e9partemental d\u2019incendie et de secours (Codis).<\/p>\n<p class=\" wall-content\">Deux personnes concern\u00e9es par le sinistre ont \u00e9t\u00e9 relog\u00e9es par des proches et deux autres ont \u00e9t\u00e9 prises en charge par le centre de r\u00e9ception des appels institutionnels et organisation de la logistique (Craiol).<\/p>\n<p class=\" wall-content\">Au total, <strong>19 pompiers<\/strong> ont \u00e9t\u00e9 mobilis\u00e9s sur place.<\/p>\n<p class=\" wall-content\">Suivez toute l\u2019actualit\u00e9 de vos villes et m\u00e9dias favoris en vous inscrivant \u00e0 <a href=\"https:\/\/moncompte.actu.fr\" title=\"D\u00e9couvez Mon Actu\" rel=\"nofollow noopener\" data-trk=\"{&quot;cta&quot;:{&quot;action&quot;:&quot;https:\\\/\\\/moncompte.actu.fr&quot;,&quot;category&quot;:&quot;mon compte&quot;,&quot;from&quot;:&quot;article footer&quot;,&quot;name&quot;:&quot;Mon actu&quot;,&quot;type&quot;:&quot;cta&quot;}}\" target=\"_blank\">Mon Actu<\/a>.<\/p>\n","protected":false},"excerpt":{"rendered":"Par Thomas Bernard Publi\u00e9 le 13 ao\u00fbt 2025 \u00e0 9h20 Peu apr\u00e8s 21\u2009h\u200945, ce mardi 12 ao\u00fbt 2025,&hellip;\n","protected":false},"author":2,"featured_media":194252,"comment_status":"","ping_status":"","sticky":false,"template":"","format":"standard","meta":{"footnotes":""},"categories":[2818],"tags":[1111,11,1777,674,118,1011,27,1310,766,12,2636,1311,25],"class_list":{"0":"post-316243","1":"post","2":"type-post","3":"status-publish","4":"format-standard","5":"has-post-thumbnail","7":"category-nantes","8":"tag-actu","9":"tag-actualites","10":"tag-eu","11":"tag-europe","12":"tag-faits-divers","13":"tag-fr","14":"tag-france","15":"tag-incendie","16":"tag-nantes","17":"tag-news","18":"tag-pays-de-la-loire","19":"tag-pompiers","20":"tag-republique-francaise"},"share_on_mastodon":{"url":"https:\/\/pubeurope.com\/@fr\/115021476258924314","error":""},"_links":{"self":[{"href":"https:\/\/www.europesays.com\/fr\/wp-json\/wp\/v2\/posts\/316243","targetHints":{"allow":["GET"]}}],"collection":[{"href":"https:\/\/www.europesays.com\/fr\/wp-json\/wp\/v2\/posts"}],"about":[{"href":"https:\/\/www.europesays.com\/fr\/wp-json\/wp\/v2\/types\/post"}],"author":[{"embeddable":true,"href":"https:\/\/www.europesays.com\/fr\/wp-json\/wp\/v2\/users\/2"}],"replies":[{"embeddable":true,"href":"https:\/\/www.europesays.com\/fr\/wp-json\/wp\/v2\/comments?post=316243"}],"version-history":[{"count":0,"href":"https:\/\/www.europesays.com\/fr\/wp-json\/wp\/v2\/posts\/316243\/revisions"}],"wp:featuredmedia":[{"embeddable":true,"href":"https:\/\/www.europesays.com\/fr\/wp-json\/wp\/v2\/media\/194252"}],"wp:attachment":[{"href":"https:\/\/www.europesays.com\/fr\/wp-json\/wp\/v2\/media?parent=316243"}],"wp:term":[{"taxonomy":"category","embeddable":true,"href":"https:\/\/www.europesays.com\/fr\/wp-json\/wp\/v2\/categories?post=316243"},{"taxonomy":"post_tag","embeddable":true,"href":"https:\/\/www.europesays.com\/fr\/wp-json\/wp\/v2\/tags?post=316243"}],"curies":[{"name":"wp","href":"https:\/\/api.w.org\/{rel}","templated":true}]}}