{"id":31625,"date":"2025-04-17T12:10:08","date_gmt":"2025-04-17T12:10:08","guid":{"rendered":"https:\/\/www.europesays.com\/fr\/31625\/"},"modified":"2025-04-17T12:10:08","modified_gmt":"2025-04-17T12:10:08","slug":"un-possible-tueur-a-gages-de-18-ans-arrete-a-plus-de-500-km","status":"publish","type":"post","link":"https:\/\/www.europesays.com\/fr\/31625\/","title":{"rendered":"un possible tueur \u00e0 gages de 18 ans arr\u00eat\u00e9 \u00e0 plus de 500 km"},"content":{"rendered":"<p>            Par<br \/>\n        <strong><br \/>\n            <a href=\"https:\/\/actu.fr\/auteur\/redaction-lyon\" title=\"Consulter tous les articles de R\u00e9daction Lyon\" rel=\"nofollow noopener\" target=\"_blank\">R\u00e9daction Lyon<\/a><br \/>\n        <\/strong><\/p>\n<p>        Publi\u00e9 le<\/p>\n<p>            16 avr. 2025 \u00e0 12h17<br \/>\n        ; mis \u00e0 jour le 16 avr. 2025 \u00e0 15h05    <\/p>\n<p>Un tueur \u00e0 gages d\u2019\u00e0 peine 18 ans ? Un jeune homme a \u00e9t\u00e9 arr\u00eat\u00e9 ce mercredi 16 avril 2025 dans la commune de Taverny (Val-d\u2019Oise) apr\u00e8s le <a href=\"https:\/\/actu.fr\/auvergne-rhone-alpes\/vaulx-en-velin_69256\/pres-de-lyon-une-ecole-confinee-apres-des-tirs-d-arme-a-feu-un-homme-execute_62477157.html\" rel=\"nofollow noopener\" target=\"_blank\">meurtre d\u2019un homme de 19 ans le 7 avril dernier survenu en pleine rue \u00e0 Vaulx-en-Velin<\/a> dans la m\u00e9tropole de <a href=\"https:\/\/actu.fr\/auvergne-rhone-alpes\/lyon_69123\" rel=\"nofollow noopener\" target=\"_blank\">Lyon<\/a>. Le suspect a \u00e9t\u00e9 arr\u00eat\u00e9 \u00e0 540 kilom\u00e8tres des lieux du crime, \u00e0 son domicile, selon <a href=\"https:\/\/www.leparisien.fr\/faits-divers\/meurtre-de-vaulx-en-velin-lassassin-presume-dun-garcon-de-19-ans-arrete-a-taverny-16-04-2025-QDSH5XOUVJH6VEZ2C36GTMQZDQ.php\" rel=\"nofollow noopener\" target=\"_blank\">Le Parisien<\/a> et <a href=\"https:\/\/www.bfmtv.com\/lyon\/meurtre-d-un-homme-de-19-ans-a-vaulx-en-velin-un-suspect-interpelle-dans-le-val-d-oise_AN-202504160336.html\" rel=\"nofollow noopener\" target=\"_blank\">BFMTV<\/a>.\u00a0<\/p>\n<p class=\" wall-content\">Vers 13h30, le 7 avril dernier, un homme est touch\u00e9 par balles en pleine t\u00eate alors qu\u2019il \u00e9tait assis sur une chaise sur un ancien point de deal juste \u00e0 c\u00f4t\u00e9 d\u2019une \u00e9cole dans le quartier sensible du <strong>Mas du Taureau<\/strong>. La victime est <a href=\"https:\/\/actu.fr\/auvergne-rhone-alpes\/vaulx-en-velin_69256\/pres-de-lyon-qui-est-la-victime-tuee-devant-l-ecole-de-vaulx-en-velin_62481179.html\" rel=\"nofollow noopener\" target=\"_blank\">un homme de 19 ans<\/a>, d\u00e9j\u00e0 connu des services de police pour des affaires de stup\u00e9fiants.\u00a0<\/p>\n<p>Un possible recrutement sur les r\u00e9seaux sociaux<\/p>\n<p class=\" wall-content\">Selon les premiers \u00e9l\u00e9ments de l\u2019enqu\u00eate, le suspect \u00e2g\u00e9 de 18 ans aurait \u00e9t\u00e9 recrut\u00e9 comme tueur \u00e0 gages sur les r\u00e9seaux sociaux. Son casier judiciaire est vierge et il est totalement inconnu des services de police.<\/p>\n<p class=\" wall-content\">Apr\u00e8s avoir commis son meurtre, il se serait rentr\u00e9 tranquillement \u00e0 son domicile en r\u00e9gion parisienne. La piste du r\u00e8glement de comptes en lien avec une guerre de territoire li\u00e9 au trafic de drogue est clairement privil\u00e9gi\u00e9e \u00e0 ce stade.\u00a0<\/p>\n<p class=\" wall-content\">A la suite des coups de feu, les \u00e9l\u00e8ves et le personnel de l\u2019\u00e9tablissement scolaire avaient \u00e9t\u00e9 confin\u00e9s pendant une heure.<\/p>\n<p class=\" wall-content\">L\u2019enqu\u00eate pour \u00ab\u00a0assassinat\u00a0\u00bb, ouverte par le parquet de Lyon,\u00a0a \u00e9t\u00e9 confi\u00e9 aux policiers sp\u00e9cialis\u00e9s dans la criminalit\u00e9 organis\u00e9e.<\/p>\n<p class=\" wall-content\"><strong>Avec AFP<\/strong><\/p>\n<p class=\" wall-content\">Suivez toute l\u2019actualit\u00e9 de vos villes et m\u00e9dias favoris en vous inscrivant \u00e0 <a href=\"https:\/\/moncompte.actu.fr\" title=\"D\u00e9couvez Mon Actu\" rel=\"nofollow noopener\" data-trk=\"{&quot;cta&quot;:{&quot;action&quot;:&quot;https:\\\/\\\/moncompte.actu.fr&quot;,&quot;category&quot;:&quot;mon compte&quot;,&quot;from&quot;:&quot;article footer&quot;,&quot;name&quot;:&quot;Mon actu&quot;,&quot;type&quot;:&quot;cta&quot;}}\" target=\"_blank\">Mon Actu<\/a>.<\/p>\n","protected":false},"excerpt":{"rendered":"Par R\u00e9daction Lyon Publi\u00e9 le 16 avr. 2025 \u00e0 12h17 ; mis \u00e0 jour le 16 avr. 2025&hellip;\n","protected":false},"author":2,"featured_media":14253,"comment_status":"","ping_status":"","sticky":false,"template":"","format":"standard","meta":{"footnotes":""},"categories":[4],"tags":[11,1052,118,1011,27,303,777,12,25],"class_list":{"0":"post-31625","1":"post","2":"type-post","3":"status-publish","4":"format-standard","5":"has-post-thumbnail","7":"category-france","8":"tag-actualites","9":"tag-drogue","10":"tag-faits-divers","11":"tag-fr","12":"tag-france","13":"tag-justice","14":"tag-meurtre","15":"tag-news","16":"tag-republique-francaise"},"share_on_mastodon":{"url":"https:\/\/pubeurope.com\/@fr\/114353237249647778","error":""},"_links":{"self":[{"href":"https:\/\/www.europesays.com\/fr\/wp-json\/wp\/v2\/posts\/31625","targetHints":{"allow":["GET"]}}],"collection":[{"href":"https:\/\/www.europesays.com\/fr\/wp-json\/wp\/v2\/posts"}],"about":[{"href":"https:\/\/www.europesays.com\/fr\/wp-json\/wp\/v2\/types\/post"}],"author":[{"embeddable":true,"href":"https:\/\/www.europesays.com\/fr\/wp-json\/wp\/v2\/users\/2"}],"replies":[{"embeddable":true,"href":"https:\/\/www.europesays.com\/fr\/wp-json\/wp\/v2\/comments?post=31625"}],"version-history":[{"count":0,"href":"https:\/\/www.europesays.com\/fr\/wp-json\/wp\/v2\/posts\/31625\/revisions"}],"wp:featuredmedia":[{"embeddable":true,"href":"https:\/\/www.europesays.com\/fr\/wp-json\/wp\/v2\/media\/14253"}],"wp:attachment":[{"href":"https:\/\/www.europesays.com\/fr\/wp-json\/wp\/v2\/media?parent=31625"}],"wp:term":[{"taxonomy":"category","embeddable":true,"href":"https:\/\/www.europesays.com\/fr\/wp-json\/wp\/v2\/categories?post=31625"},{"taxonomy":"post_tag","embeddable":true,"href":"https:\/\/www.europesays.com\/fr\/wp-json\/wp\/v2\/tags?post=31625"}],"curies":[{"name":"wp","href":"https:\/\/api.w.org\/{rel}","templated":true}]}}