{"id":316254,"date":"2025-08-13T12:39:15","date_gmt":"2025-08-13T12:39:15","guid":{"rendered":"https:\/\/www.europesays.com\/fr\/316254\/"},"modified":"2025-08-13T12:39:15","modified_gmt":"2025-08-13T12:39:15","slug":"transferts-losc-lille-signe-berke-ozer","status":"publish","type":"post","link":"https:\/\/www.europesays.com\/fr\/316254\/","title":{"rendered":"Transferts LOSC : Lille signe Berke \u00d6zer"},"content":{"rendered":"<p style=\"text-align: justify;\"><strong>TRANSFERTS LOSC \u2013 Selon <a href=\"https:\/\/www.footmercato.net\/a6242542662649747848-le-losc-a-trouve-le-remplacant-de-lucas-chevalier\" target=\"_blank\" rel=\"noopener\">Foot Mercato<\/a>, le LOSC va recruter le gardien Berke \u00d6zer pour remplacer Lucas Chevalier.<\/strong><\/p>\n<p style=\"text-align: justify;\">Le <strong>LOSC<\/strong> s\u2019est s\u00e9par\u00e9 de son gardien international, <strong>Lucas<\/strong> <strong>Chevalier<\/strong> pour une coquette somme. Il s\u2019est engag\u00e9 avec le <strong>Paris Saint-Germain<\/strong> o\u00f9 il va pousser <strong>Gianluigi<\/strong> <strong>Donnarumma<\/strong> vers la sortie. <strong>Olivier<\/strong> <strong>L\u00e9tang<\/strong> et les dirigeants lillois se sont donc mis en qu\u00eate d\u2019un nouveau portier pour la saison qui d\u00e9marre ce week-end.<\/p>\n<p>Berke \u00d6zer signe au LOSC<\/p>\n<p style=\"text-align: justify;\">Le Portugais <strong>Ricardo<\/strong> <strong>Velho<\/strong> semblait tenir la corde il y a quelques jours mais l\u2019op\u00e9ration n\u2019a finalement pas abouti. Le <strong>LOSC<\/strong> s\u2019est tourn\u00e9 vers un autre profil, le gardien turc Berke \u00d6zer. Le portier de 25 ans, qui \u00e9voluait \u00e0 <strong>Ey\u00fcpspor<\/strong>, va donc devenir le num\u00e9ro 1 de <strong>Lille<\/strong>. Il est attendu dans les heures \u00e0 venir dans le nord de la France.<\/p>\n<p style=\"text-align: justify;\">Le <strong>LOSC<\/strong> va d\u00e9bourser 4,5 millions d\u2019euros pour le recruter \u00e0 quoi il faudra peut-\u00eatre ajouter un demi millions d\u2019euros de bonus. Pass\u00e9 par le Portugal et la Belgique,\u00a0<strong>Berke \u00d6zer <\/strong>compte deux s\u00e9lections avec la <strong>Turquie<\/strong>. Une fois qu\u2019il aura pass\u00e9 sa visite m\u00e9dicale, il va s\u2019engager pour les quatre prochaines saisons avec <strong>Lille<\/strong>.<\/p>\n<p>\u00c0 ce sujet<br \/>\n<a href=\"https:\/\/dicodusport.fr\/blog\/mercato-losc-2025-2026-le-tableau-complet-des-transferts-arrivees-et-departs\/\" class=\"vlp-link\" title=\"Mercato LOSC 2025-2026 : Le tableau complet des transferts, arriv\u00e9es et d\u00e9parts\" target=\"_blank\" rel=\"noopener\"><img loading=\"lazy\" decoding=\"async\" style=\"max-width: 792px;\" width=\"792\" height=\"445\" class=\"attachment-800x445 size-800x445 perfmatters-lazy\" alt=\"Mercato LOSC 2025-2026 Le tableau complet des transferts, arriv\u00e9es et d\u00e9parts\" src=\"https:\/\/www.europesays.com\/fr\/wp-content\/uploads\/2025\/07\/Mercato-LOSC-2025-2026-Le-tableau-complet-des-transferts-arrivees-et-departs.png\"  data-\/><\/p>\n<p>Mercato LOSC 2025-2026 : Le tableau complet des transferts, arriv\u00e9es et d\u00e9parts<\/p>\n<p>TRANSFERTS LOSC &#8211; Retrouvez tous les mouvements du Lille Olympique Sporting Club pour l&rsquo;intersaison 2025 en Ligue 1. Arriv\u00e9es, d\u00e9part, pr\u00eats, transferts d\u00e9finitifs, ne ratez rien du mercato estival.\u00a0<\/p>\n<p>Lire l&rsquo;article<\/p>\n<p>dicodusport.fr<\/p>\n","protected":false},"excerpt":{"rendered":"TRANSFERTS LOSC \u2013 Selon Foot Mercato, le LOSC va recruter le gardien Berke \u00d6zer pour remplacer Lucas Chevalier.&hellip;\n","protected":false},"author":2,"featured_media":316255,"comment_status":"","ping_status":"","sticky":false,"template":"","format":"standard","meta":{"footnotes":""},"categories":[2815],"tags":[1111,11,2113,1777,674,1011,27,811,66,1307,2267,12,25],"class_list":{"0":"post-316254","1":"post","2":"type-post","3":"status-publish","4":"format-standard","5":"has-post-thumbnail","7":"category-lille","8":"tag-actu","9":"tag-actualites","10":"tag-breve","11":"tag-eu","12":"tag-europe","13":"tag-fr","14":"tag-france","15":"tag-hauts-de-france","16":"tag-ligue-1","17":"tag-lille","18":"tag-losc","19":"tag-news","20":"tag-republique-francaise"},"share_on_mastodon":{"url":"https:\/\/pubeurope.com\/@fr\/115021503943288069","error":""},"_links":{"self":[{"href":"https:\/\/www.europesays.com\/fr\/wp-json\/wp\/v2\/posts\/316254","targetHints":{"allow":["GET"]}}],"collection":[{"href":"https:\/\/www.europesays.com\/fr\/wp-json\/wp\/v2\/posts"}],"about":[{"href":"https:\/\/www.europesays.com\/fr\/wp-json\/wp\/v2\/types\/post"}],"author":[{"embeddable":true,"href":"https:\/\/www.europesays.com\/fr\/wp-json\/wp\/v2\/users\/2"}],"replies":[{"embeddable":true,"href":"https:\/\/www.europesays.com\/fr\/wp-json\/wp\/v2\/comments?post=316254"}],"version-history":[{"count":0,"href":"https:\/\/www.europesays.com\/fr\/wp-json\/wp\/v2\/posts\/316254\/revisions"}],"wp:featuredmedia":[{"embeddable":true,"href":"https:\/\/www.europesays.com\/fr\/wp-json\/wp\/v2\/media\/316255"}],"wp:attachment":[{"href":"https:\/\/www.europesays.com\/fr\/wp-json\/wp\/v2\/media?parent=316254"}],"wp:term":[{"taxonomy":"category","embeddable":true,"href":"https:\/\/www.europesays.com\/fr\/wp-json\/wp\/v2\/categories?post=316254"},{"taxonomy":"post_tag","embeddable":true,"href":"https:\/\/www.europesays.com\/fr\/wp-json\/wp\/v2\/tags?post=316254"}],"curies":[{"name":"wp","href":"https:\/\/api.w.org\/{rel}","templated":true}]}}