{"id":316256,"date":"2025-08-13T12:40:16","date_gmt":"2025-08-13T12:40:16","guid":{"rendered":"https:\/\/www.europesays.com\/fr\/316256\/"},"modified":"2025-08-13T12:40:16","modified_gmt":"2025-08-13T12:40:16","slug":"franck-allisio-rn-insiste-pour-un-plan-climatisation-a-marseille","status":"publish","type":"post","link":"https:\/\/www.europesays.com\/fr\/316256\/","title":{"rendered":"Franck Allisio (RN) insiste pour un \u00ab\u00a0plan climatisation\u00a0\u00bb \u00e0 Marseille"},"content":{"rendered":"<p>Face \u00e0 la canicule qui frappe la France et notamment Marseille, Franck Allisio insiste\u00a0: comme il l\u2019avait d\u00e9j\u00e0 fait au d\u00e9but de l\u2019\u00e9t\u00e9 lors de la pr\u00e9c\u00e9dente vague de chaleur, le d\u00e9put\u00e9 RN de Vitrolles et <a href=\"https:\/\/www.laprovence.com\/article\/region\/99959064721220\/municipales-2026-franck-allisio-rn-a-declare-ce-mercredi-quil-etait-candidat-a-la-mairie-de-marseille\" target=\"_blank\" rel=\"noopener\">candidat \u00e0 la mairie de Marseille<\/a> vante un \u00ab\u00a0plan climatisation\u00a0\u00bb. Soit la d\u00e9clinaison locale de celui vant\u00e9 par Marine Le Pen au plan national.<\/p>\n<p>Bard\u00e9 de chiffres sur l\u2019augmentation des consultations aux Urgences ou la hausse de la mortalit\u00e9 des personnes \u00e2g\u00e9es durant l\u2019\u00e9t\u00e9\u00a02024, l\u2019\u00e9lu d\u2019extr\u00eame droite explique \u00ab\u00a0faire le choix de sauver des vies\u00a0\u00bb en faisant chuter la temp\u00e9rature \u00ab\u00a0dans les h\u00f4pitaux, les \u00e9coles, les maisons de retraite et les transports, l\u00e0 o\u00f9 se trouvent des publics fragiles\u00a0\u00bb.<\/p>\n<p>Franck Allisio promeut une \u00ab\u00a0climatisation \u00e0 la fran\u00e7aise, raisonn\u00e9e et raisonnable, entre 23\u00b0 et 25\u00a0\u00b0C\u00a0\u00bb qui, assure-t-il, \u00ab\u00a0ne g\u00e9n\u00e8re pas de r\u00e9chauffement ext\u00e9rieur\u00a0\u00bb. Une mani\u00e8re de r\u00e9pondre aux critiques &#8211;\u00a0nombreuses\u00a0&#8211; sur un d\u00e9ploiement massif d\u2019appareils de climatisation. Car pour g\u00e9n\u00e9rer du froid, ces appareils \u00e9mettent n\u00e9cessairement de la chaleur. <a href=\"https:\/\/www.laprovence.com\/article\/ecoplanete\/34415352966503\/canicule-le-plan-climatisation-souhaite-par-marine-le-pen-serait-il-nefaste-pour-lenvironnement\" target=\"_blank\" rel=\"noopener\">Leur multiplication pourrait accentuer le changement climatique \u00e0 long terme<\/a>. Le d\u00e9put\u00e9 RN pr\u00e9sente donc sa proposition comme une mesure de \u00ab\u00a0moyen terme\u00a0\u00bb. Pour faire baisser la temp\u00e9rature en ville, les sp\u00e9cialistes s\u2019accordent plut\u00f4t sur la n\u00e9cessit\u00e9 de r\u00e9duire les \u00eelots de chaleur cr\u00e9\u00e9s par la min\u00e9ralisation des espaces publics.<\/p>\n<p>Alors que le RN s\u2019est r\u00e9joui de l\u2019abrogation <a href=\"https:\/\/www.laprovence.com\/article\/economie\/1087503441876115\/maprimerenov-suspendue-relancee-puis-restreinte-chronologie-dun-dispositif-a-geometrie-variable\" target=\"_blank\" rel=\"noopener\">en juin du dispositif Ma Prime Renov\u2019 <\/a>par le gouvernement (il sera finalement relanc\u00e9 en septembre), Franck Allisio pr\u00f4ne une \u00ab\u00a0aide \u00e0 la climatisation\u00a0\u00bb pour \u00ab\u00a0encourager la r\u00e9novation des bouilloires thermiques\u00a0\u00bb. Son\u00a0financement reste \u00e0 trouver alors que le gouvernement promet une cure d\u2019aust\u00e9rit\u00e9 budg\u00e9taire \u00e0 la rentr\u00e9e.<\/p>\n","protected":false},"excerpt":{"rendered":"Face \u00e0 la canicule qui frappe la France et notamment Marseille, Franck Allisio insiste\u00a0: comme il l\u2019avait d\u00e9j\u00e0&hellip;\n","protected":false},"author":2,"featured_media":316257,"comment_status":"","ping_status":"","sticky":false,"template":"","format":"standard","meta":{"footnotes":""},"categories":[2814],"tags":[17,1111,11,19140,6698,1777,674,1011,27,12182,26304,884,12,5355,471,882,16,25,2848],"class_list":{"0":"post-316256","1":"post","2":"type-post","3":"status-publish","4":"format-standard","5":"has-post-thumbnail","7":"category-marseille","8":"tag-17","9":"tag-actu","10":"tag-actualites","11":"tag-allisio","12":"tag-canicule","13":"tag-eu","14":"tag-europe","15":"tag-fr","16":"tag-france","17":"tag-franck","18":"tag-insiste","19":"tag-marseille","20":"tag-news","21":"tag-plan","22":"tag-pour","23":"tag-provence-alpes-cote-dazur","24":"tag-region","25":"tag-republique-francaise","26":"tag-rn"},"share_on_mastodon":{"url":"https:\/\/pubeurope.com\/@fr\/115021507688026338","error":""},"_links":{"self":[{"href":"https:\/\/www.europesays.com\/fr\/wp-json\/wp\/v2\/posts\/316256","targetHints":{"allow":["GET"]}}],"collection":[{"href":"https:\/\/www.europesays.com\/fr\/wp-json\/wp\/v2\/posts"}],"about":[{"href":"https:\/\/www.europesays.com\/fr\/wp-json\/wp\/v2\/types\/post"}],"author":[{"embeddable":true,"href":"https:\/\/www.europesays.com\/fr\/wp-json\/wp\/v2\/users\/2"}],"replies":[{"embeddable":true,"href":"https:\/\/www.europesays.com\/fr\/wp-json\/wp\/v2\/comments?post=316256"}],"version-history":[{"count":0,"href":"https:\/\/www.europesays.com\/fr\/wp-json\/wp\/v2\/posts\/316256\/revisions"}],"wp:featuredmedia":[{"embeddable":true,"href":"https:\/\/www.europesays.com\/fr\/wp-json\/wp\/v2\/media\/316257"}],"wp:attachment":[{"href":"https:\/\/www.europesays.com\/fr\/wp-json\/wp\/v2\/media?parent=316256"}],"wp:term":[{"taxonomy":"category","embeddable":true,"href":"https:\/\/www.europesays.com\/fr\/wp-json\/wp\/v2\/categories?post=316256"},{"taxonomy":"post_tag","embeddable":true,"href":"https:\/\/www.europesays.com\/fr\/wp-json\/wp\/v2\/tags?post=316256"}],"curies":[{"name":"wp","href":"https:\/\/api.w.org\/{rel}","templated":true}]}}