{"id":316258,"date":"2025-08-13T12:41:14","date_gmt":"2025-08-13T12:41:14","guid":{"rendered":"https:\/\/www.europesays.com\/fr\/316258\/"},"modified":"2025-08-13T12:41:14","modified_gmt":"2025-08-13T12:41:14","slug":"dystinct-08-10-2025-marseille","status":"publish","type":"post","link":"https:\/\/www.europesays.com\/fr\/316258\/","title":{"rendered":"Dystinct &#8211; 08\/10\/2025 &#8211; Marseille"},"content":{"rendered":"<p>DYSTINCT est la sensation urbaine du moment.\u00a0Avec les tubes\u00a0\u00ab Ghazali \u00bb\u00a0\u2013 devenu l\u2019hymne de l\u2019\u00e9quipe du Maroc lors de la derni\u00e8re Coupe du Monde de football au Qatar \u2013 et\u00a0\u00ab TekTek \u00bb\u00a0\u2013 qui a fait le tour du monde \u2013, ce Belge d\u2019origine marocaine a su s\u00e9duire tant chez lui\u00a0qu\u2019\u00e0 l\u2019\u00e9tranger. Et c\u2019est peu dire, car ses chansons, principalement interpr\u00e9t\u00e9es en fran\u00e7ais et en arabe marocain, avec parfois une touche d\u2019anglais, de n\u00e9erlandais ou m\u00eame d\u2019espagnol, sont \u00e9cout\u00e9es par toutes les g\u00e9n\u00e9rations, des plus jeunes aux plus \u00e2g\u00e9es, partout dans le monde.<\/p>\n<p>&#13;<\/p>\n","protected":false},"excerpt":{"rendered":"DYSTINCT est la sensation urbaine du moment.\u00a0Avec les tubes\u00a0\u00ab Ghazali \u00bb\u00a0\u2013 devenu l\u2019hymne de l\u2019\u00e9quipe du Maroc lors&hellip;\n","protected":false},"author":2,"featured_media":316259,"comment_status":"","ping_status":"","sticky":false,"template":"","format":"standard","meta":{"footnotes":""},"categories":[2814],"tags":[1111,11,1777,674,1011,27,884,12,882,25],"class_list":{"0":"post-316258","1":"post","2":"type-post","3":"status-publish","4":"format-standard","5":"has-post-thumbnail","7":"category-marseille","8":"tag-actu","9":"tag-actualites","10":"tag-eu","11":"tag-europe","12":"tag-fr","13":"tag-france","14":"tag-marseille","15":"tag-news","16":"tag-provence-alpes-cote-dazur","17":"tag-republique-francaise"},"share_on_mastodon":{"url":"https:\/\/pubeurope.com\/@fr\/115021511639795563","error":""},"_links":{"self":[{"href":"https:\/\/www.europesays.com\/fr\/wp-json\/wp\/v2\/posts\/316258","targetHints":{"allow":["GET"]}}],"collection":[{"href":"https:\/\/www.europesays.com\/fr\/wp-json\/wp\/v2\/posts"}],"about":[{"href":"https:\/\/www.europesays.com\/fr\/wp-json\/wp\/v2\/types\/post"}],"author":[{"embeddable":true,"href":"https:\/\/www.europesays.com\/fr\/wp-json\/wp\/v2\/users\/2"}],"replies":[{"embeddable":true,"href":"https:\/\/www.europesays.com\/fr\/wp-json\/wp\/v2\/comments?post=316258"}],"version-history":[{"count":0,"href":"https:\/\/www.europesays.com\/fr\/wp-json\/wp\/v2\/posts\/316258\/revisions"}],"wp:featuredmedia":[{"embeddable":true,"href":"https:\/\/www.europesays.com\/fr\/wp-json\/wp\/v2\/media\/316259"}],"wp:attachment":[{"href":"https:\/\/www.europesays.com\/fr\/wp-json\/wp\/v2\/media?parent=316258"}],"wp:term":[{"taxonomy":"category","embeddable":true,"href":"https:\/\/www.europesays.com\/fr\/wp-json\/wp\/v2\/categories?post=316258"},{"taxonomy":"post_tag","embeddable":true,"href":"https:\/\/www.europesays.com\/fr\/wp-json\/wp\/v2\/tags?post=316258"}],"curies":[{"name":"wp","href":"https:\/\/api.w.org\/{rel}","templated":true}]}}